{"id":408994,"date":"2026-07-23T17:53:44","date_gmt":"2026-07-23T17:53:44","guid":{"rendered":"https:\/\/bonoro.com.br\/shop\/2026\/07\/cafeteira-eletrica-arno-soleil-preta-125l-spfc\/"},"modified":"2026-07-23T17:53:44","modified_gmt":"2026-07-23T17:53:44","slug":"cafeteira-eletrica-arno-soleil-preta-125l-spfc","status":"publish","type":"post","link":"https:\/\/bonoro.com.br\/shop\/2026\/07\/cafeteira-eletrica-arno-soleil-preta-125l-spfc\/","title":{"rendered":"Cafeteira El\u00e9trica Arno Soleil Preta 1,25L SPFC"},"content":{"rendered":"<h2>Arno<\/h2>\n<h3>Cafeteira El\u00e9trica Arno Soleil Preta 1,25L SPFC teve o pre\u00e7o, no dia acima especificado, de <strong>R$ 414.99<\/strong>.<\/h3>\n<p>Confira o pre\u00e7o atual aqui: <a href=\"https:\/\/www.awin1.com\/cread.php?awinmid=108626&#038;awinaffid=690303&#038;ued=https:\/\/www.arno.com.br\/cafeteira-eletrica-arno-soleil-preta-125l-spfc-127v_cafeteira-eletrica-arno-soleil-preta-125l-spfc_7211419321_pai\/p?idsku=799&#038;utm_source=googleshopping&#038;utm_medium=cpc\" rel=\"sponsored\" target=\"_blank\"><img decoding=\"async\" src=\"https:\/\/ui.awin.com\/images\/upload\/merchant\/profile\/108626.png\" alt=\"Cafeteira El\u00e9trica Arno Soleil Preta 1,25L SPFC\" \/> &#8211; nas lojas Arno BR<\/a><\/p>\n<p><img decoding=\"async\" src=\"https:\/\/lojaarno.vteximg.com.br\/arquivos\/ids\/166678_2\" alt=\"Cafeteira El\u00e9trica Arno Soleil Preta 1,25L SPFC\" \/><br \/>\nTraga estilo e eleg\u00e2ncia para sua cozinha atrav\u00e9s da linha Soleil, que possui design retr\u00f4, decorando seu ambiente. A Cafeteira Arno Soleil \u00e9 recomendada para aqueles que desejam maior conveni\u00eancia e praticidade em seu dia a dia, aliado \u00e0 seguran\u00e7a. Possui capacidade de 1,25L, visor lateral que facilita o enchimento do reservat\u00f3rio, juntamente com um porta-filtro girat\u00f3rio, que garante um acesso perfeito. Al\u00e9m disso, possui sistema corta pingos, que permite que voc\u00ea sirva uma x\u00edcara de caf\u00e9 a qualquer momento durante o ciclo de prepara\u00e7\u00e3o sem medo de pingar. Acompanha fun\u00e7\u00e3o de desligamento autom\u00e1tico, ap\u00f3s um ciclo de manuten\u00e7\u00e3o quente de 30 minutos, para total tranquilidade e seguran\u00e7a. Com Arno Soleil, tenha estilo tamb\u00e9m na sua cozinha!<\/p>\n<hr \/>\n<h4>Aproveite e pesquise o pre\u00e7o deste produto em dezenas de lojas dos marketplaces abaixo:<\/h4>\n<p><a href=\"https:\/\/www.magazinevoce.com.br\/magazineezu\/busca\/Cafeteira El\u00e9trica Arno Soleil Preta 1,25L SPFC\/\" target=\"_blank\" rel=\"noopener\"><img decoding=\"async\" src=\"https:\/\/bateroda.com.br\/marketplace\/logos\/magaezu.jpg\" alt=\"Pesquise no Magazine eZu\" \/> &#8211; Magazine eZu<\/a><\/p>\n<hr \/>\n<p><!-- START ADVERTISER: Webcontinental BR from awin.com --><\/p>\n<p><a href=\"https:\/\/www.awin1.com\/cread.php?awinmid=17743&#038;awinaffid=690303&#038;ued=https%3A%2F%2Fwww.webcontinental.com.br%2FCafeteira El\u00e9trica Arno Soleil Preta 1,25L SPFC%3F_q%3DCafeteira El\u00e9trica Arno Soleil Preta 1,25L SPFC%26map%3Dft\" rel=\"sponsored\"><img decoding=\"async\" src=\"https:\/\/lojawebcontinental.vtexassets.com\/arquivos\/logo-webcontinental-checkout.png\" border=\"0\" \/> &#8211; Loja Online.<\/a><\/p>\n<p><!-- END ADVERTISER: Webcontinental BR from awin.com --><\/p>\n","protected":false},"excerpt":{"rendered":"<p>R$ 414.99 nas lojas <a href=\"https:\/\/www.awin1.com\/pclick.php?p=40352632403&#038;a=690303&#038;m=108626\" target=\"_blank\" rel=\"sponsored\">Arno BR<\/a> <a class=\"more-link\" href=\"https:\/\/bonoro.com.br\/shop\/2026\/07\/cafeteira-eletrica-arno-soleil-preta-125l-spfc\/\">\u2192<\/a><\/p>\n","protected":false},"author":1,"featured_media":0,"comment_status":"closed","ping_status":"closed","sticky":false,"template":"","format":"standard","meta":{"footnotes":""},"categories":[198],"tags":[55375,55309,55257,213,55374],"class_list":["post-408994","post","type-post","status-publish","format-standard","hentry","category-produtos","tag-25l-spfc","tag-414-99","tag-arno","tag-arno-br","tag-cafeteira-eletrica-arno-soleil-preta-1"],"_links":{"self":[{"href":"https:\/\/bonoro.com.br\/shop\/wp-json\/wp\/v2\/posts\/408994","targetHints":{"allow":["GET"]}}],"collection":[{"href":"https:\/\/bonoro.com.br\/shop\/wp-json\/wp\/v2\/posts"}],"about":[{"href":"https:\/\/bonoro.com.br\/shop\/wp-json\/wp\/v2\/types\/post"}],"author":[{"embeddable":true,"href":"https:\/\/bonoro.com.br\/shop\/wp-json\/wp\/v2\/users\/1"}],"replies":[{"embeddable":true,"href":"https:\/\/bonoro.com.br\/shop\/wp-json\/wp\/v2\/comments?post=408994"}],"version-history":[{"count":0,"href":"https:\/\/bonoro.com.br\/shop\/wp-json\/wp\/v2\/posts\/408994\/revisions"}],"wp:attachment":[{"href":"https:\/\/bonoro.com.br\/shop\/wp-json\/wp\/v2\/media?parent=408994"}],"wp:term":[{"taxonomy":"category","embeddable":true,"href":"https:\/\/bonoro.com.br\/shop\/wp-json\/wp\/v2\/categories?post=408994"},{"taxonomy":"post_tag","embeddable":true,"href":"https:\/\/bonoro.com.br\/shop\/wp-json\/wp\/v2\/tags?post=408994"}],"curies":[{"name":"wp","href":"https:\/\/api.w.org\/{rel}","templated":true}]}}