{"id":382338,"date":"2026-06-28T08:05:15","date_gmt":"2026-06-28T08:05:15","guid":{"rendered":"https:\/\/bonoro.com.br\/shop\/2026\/06\/guarda-roupa-3-portas-e-comoda-com-porta-theo-branco-fosco-pes-madeira-natural-reller-moveis-r-2222-16\/"},"modified":"2026-06-28T08:05:15","modified_gmt":"2026-06-28T08:05:15","slug":"guarda-roupa-3-portas-e-comoda-com-porta-theo-branco-fosco-pes-madeira-natural-reller-moveis-r-2222-16","status":"publish","type":"post","link":"https:\/\/bonoro.com.br\/shop\/2026\/06\/guarda-roupa-3-portas-e-comoda-com-porta-theo-branco-fosco-pes-madeira-natural-reller-moveis-r-2222-16\/","title":{"rendered":"Guarda Roupa 3 Portas e C\u00f4moda com Porta Theo Branco Fosco P\u00e9s Madeira Natural &#8211; Reller M\u00f3veis &#8211; R$ 2222.16"},"content":{"rendered":"<h2>M\u00f3veis > Arm\u00e1rios e armazenamento > Arm\u00e1rios<\/h2>\n<h3>Guarda Roupa 3 Portas e C\u00f4moda com Porta Theo Branco Fosco P\u00e9s Madeira Natural &#8211; Reller M\u00f3veis teve o pre\u00e7o, no dia acima especificado, de <strong>R$ 2222.16<\/strong>.<\/h3>\n<p>Confira o pre\u00e7o atual aqui: <a href=\"https:\/\/www.awin1.com\/cread.php?awinmid=17777&#038;awinaffid=690303&#038;ued=https:\/\/www.mobly.com.br\/1349598.html?wt_pc=br.affiliates.zanox.xml.RE320UP01ULQMOB.na&#038;utm_source=zanox&#038;utm_medium=affiliates&#038;utm_campaign=affid\" rel=\"sponsored\" target=\"_blank\"><img decoding=\"async\" src=\"https:\/\/ui.awin.com\/images\/upload\/merchant\/profile\/17777.png\" alt=\"Guarda Roupa 3 Portas e C\u00f4moda com Porta Theo Branco Fosco P\u00e9s Madeira Natural - Reller M\u00f3veis\" \/> &#8211; nas lojas Mobly BR<\/a><\/p>\n<p><img decoding=\"async\" src=\"https:\/\/static.mobly.com.br\/p\/1-0001-8959431-1-list.jpg\" alt=\"Guarda Roupa 3 Portas e C\u00f4moda com Porta Theo Branco Fosco P\u00e9s Madeira Natural - Reller M\u00f3veis\" \/><br \/>\nGuarda Roupa 3 Portas e C\u00f4moda com Porta Theo Branco Fosco P\u00e9s Madeira Natural &#8211; Reller M\u00f3veis em at\u00e9 10 vezes sem juros! Devolu\u00e7\u00e3o gr\u00e1tis em at\u00e9 30 dias.<\/p>\n<hr \/>\n<h4>Aproveite e pesquise o pre\u00e7o deste produto em dezenas de lojas dos marketplaces abaixo:<\/h4>\n<p><a href=\"https:\/\/www.magazinevoce.com.br\/magazineezu\/busca\/Guarda Roupa 3 Portas e C\u00f4moda com Porta Theo Branco Fosco P\u00e9s Madeira Natural - Reller M\u00f3veis\/\" target=\"_blank\" rel=\"noopener\"><img decoding=\"async\" src=\"https:\/\/bateroda.com.br\/marketplace\/logos\/magaezu.jpg\" alt=\"Pesquise no Magazine eZu\" \/> &#8211; Magazine eZu<\/a><\/p>\n<hr \/>\n<p><!-- START ADVERTISER: Webcontinental BR from awin.com --><\/p>\n<p><a href=\"https:\/\/www.awin1.com\/cread.php?awinmid=17743&#038;awinaffid=690303&#038;ued=https%3A%2F%2Fwww.webcontinental.com.br%2FGuarda Roupa 3 Portas e C\u00f4moda com Porta Theo Branco Fosco P\u00e9s Madeira Natural - Reller M\u00f3veis%3F_q%3DGuarda Roupa 3 Portas e C\u00f4moda com Porta Theo Branco Fosco P\u00e9s Madeira Natural - Reller M\u00f3veis%26map%3Dft\" rel=\"sponsored\"><img decoding=\"async\" src=\"https:\/\/lojawebcontinental.vtexassets.com\/arquivos\/logo-webcontinental-checkout.png\" border=\"0\" \/> &#8211; Loja Online.<\/a><\/p>\n<p><!-- END ADVERTISER: Webcontinental BR from awin.com --><\/p>\n","protected":false},"excerpt":{"rendered":"<p>R$ 2222.16 nas lojas <a href=\"https:\/\/www.awin1.com\/pclick.php?p=39336164289&#038;a=690303&#038;m=17777\" target=\"_blank\" rel=\"sponsored\">Mobly BR<\/a> <a class=\"more-link\" href=\"https:\/\/bonoro.com.br\/shop\/2026\/06\/guarda-roupa-3-portas-e-comoda-com-porta-theo-branco-fosco-pes-madeira-natural-reller-moveis-r-2222-16\/\">\u2192<\/a><\/p>\n","protected":false},"author":1,"featured_media":0,"comment_status":"closed","ping_status":"closed","sticky":false,"template":"","format":"standard","meta":{"footnotes":""},"categories":[198],"tags":[172508,172507,61,80945],"class_list":["post-382338","post","type-post","status-publish","format-standard","hentry","category-produtos","tag-2222-16","tag-guarda-roupa-3-portas-e-comoda-com-porta-theo-branco-fosco-pes-madeira-natural-reller-moveis","tag-mobly-br","tag-moveis-armarios-e-armazenamento-armarios"],"_links":{"self":[{"href":"https:\/\/bonoro.com.br\/shop\/wp-json\/wp\/v2\/posts\/382338","targetHints":{"allow":["GET"]}}],"collection":[{"href":"https:\/\/bonoro.com.br\/shop\/wp-json\/wp\/v2\/posts"}],"about":[{"href":"https:\/\/bonoro.com.br\/shop\/wp-json\/wp\/v2\/types\/post"}],"author":[{"embeddable":true,"href":"https:\/\/bonoro.com.br\/shop\/wp-json\/wp\/v2\/users\/1"}],"replies":[{"embeddable":true,"href":"https:\/\/bonoro.com.br\/shop\/wp-json\/wp\/v2\/comments?post=382338"}],"version-history":[{"count":0,"href":"https:\/\/bonoro.com.br\/shop\/wp-json\/wp\/v2\/posts\/382338\/revisions"}],"wp:attachment":[{"href":"https:\/\/bonoro.com.br\/shop\/wp-json\/wp\/v2\/media?parent=382338"}],"wp:term":[{"taxonomy":"category","embeddable":true,"href":"https:\/\/bonoro.com.br\/shop\/wp-json\/wp\/v2\/categories?post=382338"},{"taxonomy":"post_tag","embeddable":true,"href":"https:\/\/bonoro.com.br\/shop\/wp-json\/wp\/v2\/tags?post=382338"}],"curies":[{"name":"wp","href":"https:\/\/api.w.org\/{rel}","templated":true}]}}