{"id":374741,"date":"2026-06-01T00:44:38","date_gmt":"2026-06-01T00:44:38","guid":{"rendered":"https:\/\/bonoro.com.br\/shop\/2026\/06\/cadeira-riga-preta-r-755-9\/"},"modified":"2026-06-01T00:44:38","modified_gmt":"2026-06-01T00:44:38","slug":"cadeira-riga-preta-r-755-9","status":"publish","type":"post","link":"https:\/\/bonoro.com.br\/shop\/2026\/06\/cadeira-riga-preta-r-755-9\/","title":{"rendered":"Cadeira Riga &#8211; Preta &#8211; R$ 755.9"},"content":{"rendered":"<h2>M\u00f3veis > M\u00f3veis para escrit\u00f3rio > Cadeiras de escrit\u00f3rio<\/h2>\n<h3>Cadeira Riga &#8211; Preta teve o pre\u00e7o, no dia acima especificado, de <strong>R$ 755.9<\/strong>.<\/h3>\n<p>Confira o pre\u00e7o atual aqui: <a href=\"https:\/\/www.awin1.com\/cread.php?awinmid=17777&#038;awinaffid=690303&#038;ued=https:\/\/www.mobly.com.br\/1695971.html?wt_pc=br.affiliates.zanox.xml.OR098AC28MVRMOB.na&#038;utm_source=zanox&#038;utm_medium=affiliates&#038;utm_campaign=affid\" rel=\"sponsored\" target=\"_blank\"><img decoding=\"async\" src=\"https:\/\/ui.awin.com\/images\/upload\/merchant\/profile\/17777.png\" alt=\"Cadeira Riga - Preta\" \/> &#8211; nas lojas Mobly BR<\/a><\/p>\n<p><img decoding=\"async\" src=\"https:\/\/static.mobly.com.br\/p\/1-0001-1795961-1-list.jpg\" alt=\"Cadeira Riga - Preta\" \/><br \/>\nCadeira Riga &#8211; Preta em at\u00e9 10 vezes sem juros! Devolu\u00e7\u00e3o gr\u00e1tis em at\u00e9 30 dias.<\/p>\n<hr \/>\n<h4>Aproveite e pesquise o pre\u00e7o deste produto em dezenas de lojas dos marketplaces abaixo:<\/h4>\n<p><a href=\"https:\/\/www.magazinevoce.com.br\/magazineezu\/busca\/Cadeira Riga - Preta\/\" target=\"_blank\" rel=\"noopener\"><img decoding=\"async\" src=\"https:\/\/bateroda.com.br\/marketplace\/logos\/magaezu.jpg\" alt=\"Pesquise no Magazine eZu\" \/> &#8211; Magazine eZu<\/a><\/p>\n<hr \/>\n<p><!-- START ADVERTISER: Webcontinental BR from awin.com --><\/p>\n<p><a href=\"https:\/\/www.awin1.com\/cread.php?awinmid=17743&#038;awinaffid=690303&#038;ued=https%3A%2F%2Fwww.webcontinental.com.br%2FCadeira Riga - Preta%3F_q%3DCadeira Riga - Preta%26map%3Dft\" rel=\"sponsored\"><img decoding=\"async\" src=\"https:\/\/lojawebcontinental.vtexassets.com\/arquivos\/logo-webcontinental-checkout.png\" border=\"0\" \/> &#8211; Loja Online.<\/a><\/p>\n<p><!-- END ADVERTISER: Webcontinental BR from awin.com --><\/p>\n","protected":false},"excerpt":{"rendered":"<p>R$ 755.9 nas lojas <a href=\"https:\/\/www.awin1.com\/pclick.php?p=42079725210&#038;a=690303&#038;m=17777\" target=\"_blank\" rel=\"sponsored\">Mobly BR<\/a> <a class=\"more-link\" href=\"https:\/\/bonoro.com.br\/shop\/2026\/06\/cadeira-riga-preta-r-755-9\/\">\u2192<\/a><\/p>\n","protected":false},"author":1,"featured_media":0,"comment_status":"closed","ping_status":"closed","sticky":false,"template":"","format":"standard","meta":{"footnotes":""},"categories":[198],"tags":[164988,164987,61,80446],"class_list":["post-374741","post","type-post","status-publish","format-standard","hentry","category-produtos","tag-755-9","tag-cadeira-riga-preta","tag-mobly-br","tag-moveis-moveis-para-escritorio-cadeiras-de-escritorio"],"_links":{"self":[{"href":"https:\/\/bonoro.com.br\/shop\/wp-json\/wp\/v2\/posts\/374741","targetHints":{"allow":["GET"]}}],"collection":[{"href":"https:\/\/bonoro.com.br\/shop\/wp-json\/wp\/v2\/posts"}],"about":[{"href":"https:\/\/bonoro.com.br\/shop\/wp-json\/wp\/v2\/types\/post"}],"author":[{"embeddable":true,"href":"https:\/\/bonoro.com.br\/shop\/wp-json\/wp\/v2\/users\/1"}],"replies":[{"embeddable":true,"href":"https:\/\/bonoro.com.br\/shop\/wp-json\/wp\/v2\/comments?post=374741"}],"version-history":[{"count":0,"href":"https:\/\/bonoro.com.br\/shop\/wp-json\/wp\/v2\/posts\/374741\/revisions"}],"wp:attachment":[{"href":"https:\/\/bonoro.com.br\/shop\/wp-json\/wp\/v2\/media?parent=374741"}],"wp:term":[{"taxonomy":"category","embeddable":true,"href":"https:\/\/bonoro.com.br\/shop\/wp-json\/wp\/v2\/categories?post=374741"},{"taxonomy":"post_tag","embeddable":true,"href":"https:\/\/bonoro.com.br\/shop\/wp-json\/wp\/v2\/tags?post=374741"}],"curies":[{"name":"wp","href":"https:\/\/api.w.org\/{rel}","templated":true}]}}