{"id":362792,"date":"2026-06-28T12:42:50","date_gmt":"2026-06-28T12:42:50","guid":{"rendered":"https:\/\/bonoro.com.br\/shop\/2026\/06\/conjunto-6-cadeiras-decor-para-sala-de-jantar-maquiagem-recepcao-tecido-veludo-pes-de-madeira-r-1988-9\/"},"modified":"2026-07-18T04:23:03","modified_gmt":"2026-07-18T04:23:03","slug":"conjunto-6-cadeiras-decor-para-sala-de-jantar-maquiagem-recepcao-tecido-veludo-pes-de-madeira-r-1988-9","status":"publish","type":"post","link":"https:\/\/bonoro.com.br\/shop\/2026\/06\/conjunto-6-cadeiras-decor-para-sala-de-jantar-maquiagem-recepcao-tecido-veludo-pes-de-madeira-r-1988-9\/","title":{"rendered":"Conjunto 6 Cadeiras Decor para Sala de Jantar Maquiagem Recep\u00e7\u00e3o Tecido Veludo P\u00e9s de Madeira &#8211; R$ 1988.9"},"content":{"rendered":"<h2>M\u00f3veis > Cadeiras > Cadeiras de cozinha e sala de jantar<\/h2>\n<h3>Conjunto 6 Cadeiras Decor para Sala de Jantar Maquiagem Recep\u00e7\u00e3o Tecido Veludo P\u00e9s de Madeira teve o pre\u00e7o, no dia acima especificado, de <strong>R$ 1988.9<\/strong>.<\/h3>\n<p>Confira o pre\u00e7o atual aqui: <a href=\"https:\/\/www.awin1.com\/cread.php?awinmid=17777&#038;awinaffid=690303&#038;ued=https:\/\/www.mobly.com.br\/1389026.html?wt_pc=br.affiliates.zanox.xml.MO457CH73AUCMOB.na&#038;utm_source=zanox&#038;utm_medium=affiliates&#038;utm_campaign=affid\" rel=\"sponsored\" target=\"_blank\"><img decoding=\"async\" src=\"https:\/\/ui.awin.com\/images\/upload\/merchant\/profile\/17777.png\" alt=\"Conjunto 6 Cadeiras Decor para Sala de Jantar Maquiagem Recep\u00e7\u00e3o Tecido Veludo P\u00e9s de Madeira\" \/> &#8211; nas lojas Mobly BR<\/a><\/p>\n<p><img decoding=\"async\" src=\"https:\/\/static.mobly.com.br\/p\/1-0001-6209831-1-list.jpg\" alt=\"Conjunto 6 Cadeiras Decor para Sala de Jantar Maquiagem Recep\u00e7\u00e3o Tecido Veludo P\u00e9s de Madeira\" \/><br \/>\nConjunto 6 Cadeiras Decor para Sala de Jantar Maquiagem Recep\u00e7\u00e3o Tecido Veludo P\u00e9s de Madeira em at\u00e9 10 vezes sem juros! Devolu\u00e7\u00e3o gr\u00e1tis em at\u00e9 30 dias.<\/p>\n<hr \/>\n<h4>Aproveite e pesquise o pre\u00e7o deste produto em dezenas de lojas dos marketplaces abaixo:<\/h4>\n<p><a href=\"https:\/\/www.magazinevoce.com.br\/magazineezu\/busca\/Conjunto 6 Cadeiras Decor para Sala de Jantar Maquiagem Recep\u00e7\u00e3o Tecido Veludo P\u00e9s de Madeira\/\" target=\"_blank\" rel=\"noopener\"><img decoding=\"async\" src=\"https:\/\/bateroda.com.br\/marketplace\/logos\/magaezu.jpg\" alt=\"Pesquise no Magazine eZu\" \/> &#8211; Magazine eZu<\/a><\/p>\n<hr \/>\n<p><!-- START ADVERTISER: Webcontinental BR from awin.com --><\/p>\n<p><a href=\"https:\/\/www.awin1.com\/cread.php?awinmid=17743&#038;awinaffid=690303&#038;ued=https%3A%2F%2Fwww.webcontinental.com.br%2FConjunto 6 Cadeiras Decor para Sala de Jantar Maquiagem Recep\u00e7\u00e3o Tecido Veludo P\u00e9s de Madeira%3F_q%3DConjunto 6 Cadeiras Decor para Sala de Jantar Maquiagem Recep\u00e7\u00e3o Tecido Veludo P\u00e9s de Madeira%26map%3Dft\" rel=\"sponsored\"><img decoding=\"async\" src=\"https:\/\/lojawebcontinental.vtexassets.com\/arquivos\/logo-webcontinental-checkout.png\" border=\"0\" \/> &#8211; Loja Online.<\/a><\/p>\n<p><!-- END ADVERTISER: Webcontinental BR from awin.com --><\/p>\n","protected":false},"excerpt":{"rendered":"<p>R$ 1988.9 nas lojas <a href=\"https:\/\/www.awin1.com\/pclick.php?p=40909812999&#038;a=690303&#038;m=17777\" target=\"_blank\" rel=\"sponsored\">Mobly BR<\/a> <a class=\"more-link\" href=\"https:\/\/bonoro.com.br\/shop\/2026\/06\/conjunto-6-cadeiras-decor-para-sala-de-jantar-maquiagem-recepcao-tecido-veludo-pes-de-madeira-r-1988-9\/\">\u2192<\/a><\/p>\n","protected":false},"author":1,"featured_media":0,"comment_status":"closed","ping_status":"closed","sticky":false,"template":"","format":"standard","meta":{"footnotes":""},"categories":[198],"tags":[152284,152296,61,80475],"class_list":["post-362792","post","type-post","status-publish","format-standard","hentry","category-produtos","tag-1988-9","tag-conjunto-6-cadeiras-decor-para-sala-de-jantar-maquiagem-recepcao-tecido-veludo-pes-de-madeira","tag-mobly-br","tag-moveis-cadeiras-cadeiras-de-cozinha-e-sala-de-jantar"],"_links":{"self":[{"href":"https:\/\/bonoro.com.br\/shop\/wp-json\/wp\/v2\/posts\/362792","targetHints":{"allow":["GET"]}}],"collection":[{"href":"https:\/\/bonoro.com.br\/shop\/wp-json\/wp\/v2\/posts"}],"about":[{"href":"https:\/\/bonoro.com.br\/shop\/wp-json\/wp\/v2\/types\/post"}],"author":[{"embeddable":true,"href":"https:\/\/bonoro.com.br\/shop\/wp-json\/wp\/v2\/users\/1"}],"replies":[{"embeddable":true,"href":"https:\/\/bonoro.com.br\/shop\/wp-json\/wp\/v2\/comments?post=362792"}],"version-history":[{"count":4,"href":"https:\/\/bonoro.com.br\/shop\/wp-json\/wp\/v2\/posts\/362792\/revisions"}],"predecessor-version":[{"id":362812,"href":"https:\/\/bonoro.com.br\/shop\/wp-json\/wp\/v2\/posts\/362792\/revisions\/362812"}],"wp:attachment":[{"href":"https:\/\/bonoro.com.br\/shop\/wp-json\/wp\/v2\/media?parent=362792"}],"wp:term":[{"taxonomy":"category","embeddable":true,"href":"https:\/\/bonoro.com.br\/shop\/wp-json\/wp\/v2\/categories?post=362792"},{"taxonomy":"post_tag","embeddable":true,"href":"https:\/\/bonoro.com.br\/shop\/wp-json\/wp\/v2\/tags?post=362792"}],"curies":[{"name":"wp","href":"https:\/\/api.w.org\/{rel}","templated":true}]}}