{"id":345213,"date":"2026-06-27T17:59:51","date_gmt":"2026-06-27T17:59:51","guid":{"rendered":"https:\/\/bonoro.com.br\/shop\/2026\/06\/prateleira-em-mdf-branco-50x15cm-com-alca-cafe-r-35-12\/"},"modified":"2026-06-27T17:59:51","modified_gmt":"2026-06-27T17:59:51","slug":"prateleira-em-mdf-branco-50x15cm-com-alca-cafe-r-35-12","status":"publish","type":"post","link":"https:\/\/bonoro.com.br\/shop\/2026\/06\/prateleira-em-mdf-branco-50x15cm-com-alca-cafe-r-35-12\/","title":{"rendered":"Prateleira em MDF Branco 50x15cm com Al\u00e7a Caf\u00e9 &#8211; R$ 35.12"},"content":{"rendered":"<h2>Casa e jardim > Decora\u00e7\u00e3o > Prateleiras<\/h2>\n<h3>Prateleira em MDF Branco 50x15cm com Al\u00e7a Caf\u00e9 teve o pre\u00e7o, no dia acima especificado, de <strong>R$ 35.12<\/strong>.<\/h3>\n<p>Confira o pre\u00e7o atual aqui: <a href=\"https:\/\/www.awin1.com\/cread.php?awinmid=17777&#038;awinaffid=690303&#038;ued=https:\/\/www.mobly.com.br\/1202330.html?wt_pc=br.affiliates.zanox.xml.LU519AC69KPMMOB.na&#038;utm_source=zanox&#038;utm_medium=affiliates&#038;utm_campaign=affid\" rel=\"sponsored\" target=\"_blank\"><img decoding=\"async\" src=\"https:\/\/ui.awin.com\/images\/upload\/merchant\/profile\/17777.png\" alt=\"Prateleira em MDF Branco 50x15cm com Al\u00e7a Caf\u00e9\" \/> &#8211; nas lojas Mobly BR<\/a><\/p>\n<p><img decoding=\"async\" src=\"https:\/\/static.mobly.com.br\/p\/1-0001-0332021-1-list.jpg\" alt=\"Prateleira em MDF Branco 50x15cm com Al\u00e7a Caf\u00e9\" \/><br \/>\nPrateleira em MDF Branco 50x15cm com Al\u00e7a Caf\u00e9 em at\u00e9 1 vezes sem juros! Devolu\u00e7\u00e3o gr\u00e1tis em at\u00e9 30 dias.<\/p>\n<hr \/>\n<h4>Aproveite e pesquise o pre\u00e7o deste produto em dezenas de lojas dos marketplaces abaixo:<\/h4>\n<p><a href=\"https:\/\/www.magazinevoce.com.br\/magazineezu\/busca\/Prateleira em MDF Branco 50x15cm com Al\u00e7a Caf\u00e9\/\" target=\"_blank\" rel=\"noopener\"><img decoding=\"async\" src=\"https:\/\/bateroda.com.br\/marketplace\/logos\/magaezu.jpg\" alt=\"Pesquise no Magazine eZu\" \/> &#8211; Magazine eZu<\/a><\/p>\n<hr \/>\n<p><!-- START ADVERTISER: Webcontinental BR from awin.com --><\/p>\n<p><a href=\"https:\/\/www.awin1.com\/cread.php?awinmid=17743&#038;awinaffid=690303&#038;ued=https%3A%2F%2Fwww.webcontinental.com.br%2FPrateleira em MDF Branco 50x15cm com Al\u00e7a Caf\u00e9%3F_q%3DPrateleira em MDF Branco 50x15cm com Al\u00e7a Caf\u00e9%26map%3Dft\" rel=\"sponsored\"><img decoding=\"async\" src=\"https:\/\/lojawebcontinental.vtexassets.com\/arquivos\/logo-webcontinental-checkout.png\" border=\"0\" \/> &#8211; Loja Online.<\/a><\/p>\n<p><!-- END ADVERTISER: Webcontinental BR from awin.com --><\/p>\n","protected":false},"excerpt":{"rendered":"<p>R$ 35.12 nas lojas <a href=\"https:\/\/www.awin1.com\/pclick.php?p=40314541259&#038;a=690303&#038;m=17777\" target=\"_blank\" rel=\"sponsored\">Mobly BR<\/a> <a class=\"more-link\" href=\"https:\/\/bonoro.com.br\/shop\/2026\/06\/prateleira-em-mdf-branco-50x15cm-com-alca-cafe-r-35-12\/\">\u2192<\/a><\/p>\n","protected":false},"author":1,"featured_media":0,"comment_status":"closed","ping_status":"closed","sticky":false,"template":"","format":"standard","meta":{"footnotes":""},"categories":[198],"tags":[132767,80822,61,132785],"class_list":["post-345213","post","type-post","status-publish","format-standard","hentry","category-produtos","tag-35-12","tag-casa-e-jardim-decoracao-prateleiras","tag-mobly-br","tag-prateleira-em-mdf-branco-50x15cm-com-alca-cafe"],"_links":{"self":[{"href":"https:\/\/bonoro.com.br\/shop\/wp-json\/wp\/v2\/posts\/345213","targetHints":{"allow":["GET"]}}],"collection":[{"href":"https:\/\/bonoro.com.br\/shop\/wp-json\/wp\/v2\/posts"}],"about":[{"href":"https:\/\/bonoro.com.br\/shop\/wp-json\/wp\/v2\/types\/post"}],"author":[{"embeddable":true,"href":"https:\/\/bonoro.com.br\/shop\/wp-json\/wp\/v2\/users\/1"}],"replies":[{"embeddable":true,"href":"https:\/\/bonoro.com.br\/shop\/wp-json\/wp\/v2\/comments?post=345213"}],"version-history":[{"count":0,"href":"https:\/\/bonoro.com.br\/shop\/wp-json\/wp\/v2\/posts\/345213\/revisions"}],"wp:attachment":[{"href":"https:\/\/bonoro.com.br\/shop\/wp-json\/wp\/v2\/media?parent=345213"}],"wp:term":[{"taxonomy":"category","embeddable":true,"href":"https:\/\/bonoro.com.br\/shop\/wp-json\/wp\/v2\/categories?post=345213"},{"taxonomy":"post_tag","embeddable":true,"href":"https:\/\/bonoro.com.br\/shop\/wp-json\/wp\/v2\/tags?post=345213"}],"curies":[{"name":"wp","href":"https:\/\/api.w.org\/{rel}","templated":true}]}}