{"id":337742,"date":"2026-06-29T00:35:03","date_gmt":"2026-06-29T00:35:03","guid":{"rendered":"https:\/\/bonoro.com.br\/shop\/2026\/06\/cadeira-eiffel-charles-eames-de-plastico-reciclavel-branca-com-base-de-madeira-dsw-l15-gran-belo-r-159-9\/"},"modified":"2026-06-29T00:35:03","modified_gmt":"2026-06-29T00:35:03","slug":"cadeira-eiffel-charles-eames-de-plastico-reciclavel-branca-com-base-de-madeira-dsw-l15-gran-belo-r-159-9","status":"publish","type":"post","link":"https:\/\/bonoro.com.br\/shop\/2026\/06\/cadeira-eiffel-charles-eames-de-plastico-reciclavel-branca-com-base-de-madeira-dsw-l15-gran-belo-r-159-9\/","title":{"rendered":"Cadeira Eiffel Charles Eames de Pl\u00e1stico Recicl\u00e1vel Branca com Base de Madeira DSW L15 &#8211; Gran Belo &#8211; R$ 159.9"},"content":{"rendered":"<h2>M\u00f3veis > Cadeiras > Cadeiras de cozinha e sala de jantar<\/h2>\n<h3>Cadeira Eiffel Charles Eames de Pl\u00e1stico Recicl\u00e1vel Branca com Base de Madeira DSW L15 &#8211; Gran Belo teve o pre\u00e7o, no dia acima especificado, de <strong>R$ 159.9<\/strong>.<\/h3>\n<p>Confira o pre\u00e7o atual aqui: <a href=\"https:\/\/www.awin1.com\/cread.php?awinmid=17777&#038;awinaffid=690303&#038;ued=https:\/\/www.mobly.com.br\/1256122.html?wt_pc=br.affiliates.zanox.xml.GR318AC77MEKMOB.na&#038;utm_source=zanox&#038;utm_medium=affiliates&#038;utm_campaign=affid\" rel=\"sponsored\" target=\"_blank\"><img decoding=\"async\" src=\"https:\/\/ui.awin.com\/images\/upload\/merchant\/profile\/17777.png\" alt=\"Cadeira Eiffel Charles Eames de Pl\u00e1stico Recicl\u00e1vel Branca com Base de Madeira DSW L15 - Gran Belo\" \/> &#8211; nas lojas Mobly BR<\/a><\/p>\n<p><img decoding=\"async\" src=\"https:\/\/static.mobly.com.br\/p\/1-0001-2216521-1-list.jpg\" alt=\"Cadeira Eiffel Charles Eames de Pl\u00e1stico Recicl\u00e1vel Branca com Base de Madeira DSW L15 - Gran Belo\" \/><br \/>\nCadeira Eiffel Charles Eames de Pl\u00e1stico Recicl\u00e1vel Branca com Base de Madeira DSW L15 &#8211; Gran Belo em at\u00e9 3 vezes sem juros! Devolu\u00e7\u00e3o gr\u00e1tis em at\u00e9 30 dias.<\/p>\n<hr \/>\n<h4>Aproveite e pesquise o pre\u00e7o deste produto em dezenas de lojas dos marketplaces abaixo:<\/h4>\n<p><a href=\"https:\/\/www.magazinevoce.com.br\/magazineezu\/busca\/Cadeira Eiffel Charles Eames de Pl\u00e1stico Recicl\u00e1vel Branca com Base de Madeira DSW L15 - Gran Belo\/\" target=\"_blank\" rel=\"noopener\"><img decoding=\"async\" src=\"https:\/\/bateroda.com.br\/marketplace\/logos\/magaezu.jpg\" alt=\"Pesquise no Magazine eZu\" \/> &#8211; Magazine eZu<\/a><\/p>\n<hr \/>\n<p><!-- START ADVERTISER: Webcontinental BR from awin.com --><\/p>\n<p><a href=\"https:\/\/www.awin1.com\/cread.php?awinmid=17743&#038;awinaffid=690303&#038;ued=https%3A%2F%2Fwww.webcontinental.com.br%2FCadeira Eiffel Charles Eames de Pl\u00e1stico Recicl\u00e1vel Branca com Base de Madeira DSW L15 - Gran Belo%3F_q%3DCadeira Eiffel Charles Eames de Pl\u00e1stico Recicl\u00e1vel Branca com Base de Madeira DSW L15 - Gran Belo%26map%3Dft\" rel=\"sponsored\"><img decoding=\"async\" src=\"https:\/\/lojawebcontinental.vtexassets.com\/arquivos\/logo-webcontinental-checkout.png\" border=\"0\" \/> &#8211; Loja Online.<\/a><\/p>\n<p><!-- END ADVERTISER: Webcontinental BR from awin.com --><\/p>\n","protected":false},"excerpt":{"rendered":"<p>R$ 159.9 nas lojas <a href=\"https:\/\/www.awin1.com\/pclick.php?p=37707307919&#038;a=690303&#038;m=17777\" target=\"_blank\" rel=\"sponsored\">Mobly BR<\/a> <a class=\"more-link\" href=\"https:\/\/bonoro.com.br\/shop\/2026\/06\/cadeira-eiffel-charles-eames-de-plastico-reciclavel-branca-com-base-de-madeira-dsw-l15-gran-belo-r-159-9\/\">\u2192<\/a><\/p>\n","protected":false},"author":1,"featured_media":0,"comment_status":"closed","ping_status":"closed","sticky":false,"template":"","format":"standard","meta":{"footnotes":""},"categories":[198],"tags":[56169,123914,61,80475],"class_list":["post-337742","post","type-post","status-publish","format-standard","hentry","category-produtos","tag-159-9","tag-cadeira-eiffel-charles-eames-de-plastico-reciclavel-branca-com-base-de-madeira-dsw-l15-gran-belo","tag-mobly-br","tag-moveis-cadeiras-cadeiras-de-cozinha-e-sala-de-jantar"],"_links":{"self":[{"href":"https:\/\/bonoro.com.br\/shop\/wp-json\/wp\/v2\/posts\/337742","targetHints":{"allow":["GET"]}}],"collection":[{"href":"https:\/\/bonoro.com.br\/shop\/wp-json\/wp\/v2\/posts"}],"about":[{"href":"https:\/\/bonoro.com.br\/shop\/wp-json\/wp\/v2\/types\/post"}],"author":[{"embeddable":true,"href":"https:\/\/bonoro.com.br\/shop\/wp-json\/wp\/v2\/users\/1"}],"replies":[{"embeddable":true,"href":"https:\/\/bonoro.com.br\/shop\/wp-json\/wp\/v2\/comments?post=337742"}],"version-history":[{"count":0,"href":"https:\/\/bonoro.com.br\/shop\/wp-json\/wp\/v2\/posts\/337742\/revisions"}],"wp:attachment":[{"href":"https:\/\/bonoro.com.br\/shop\/wp-json\/wp\/v2\/media?parent=337742"}],"wp:term":[{"taxonomy":"category","embeddable":true,"href":"https:\/\/bonoro.com.br\/shop\/wp-json\/wp\/v2\/categories?post=337742"},{"taxonomy":"post_tag","embeddable":true,"href":"https:\/\/bonoro.com.br\/shop\/wp-json\/wp\/v2\/tags?post=337742"}],"curies":[{"name":"wp","href":"https:\/\/api.w.org\/{rel}","templated":true}]}}