{"id":336426,"date":"2026-06-08T15:32:20","date_gmt":"2026-06-08T15:32:20","guid":{"rendered":"https:\/\/bonoro.com.br\/shop\/2026\/06\/sofa-reclinavel-e-retratil-gandalf-bipartido-254cm-caixa-zero-com-almofadas-veludo-preto-g33-gran-belo-r-5239-9\/"},"modified":"2026-06-08T15:32:20","modified_gmt":"2026-06-08T15:32:20","slug":"sofa-reclinavel-e-retratil-gandalf-bipartido-254cm-caixa-zero-com-almofadas-veludo-preto-g33-gran-belo-r-5239-9","status":"publish","type":"post","link":"https:\/\/bonoro.com.br\/shop\/2026\/06\/sofa-reclinavel-e-retratil-gandalf-bipartido-254cm-caixa-zero-com-almofadas-veludo-preto-g33-gran-belo-r-5239-9\/","title":{"rendered":"Sof\u00e1 Reclin\u00e1vel e Retr\u00e1til Gandalf Bipartido 254cm Caixa Zero com Almofadas Veludo Preto G33 &#8211; Gran Belo &#8211; R$ 5239.9"},"content":{"rendered":"<h2><\/h2>\n<h3>Sof\u00e1 Reclin\u00e1vel e Retr\u00e1til Gandalf Bipartido 254cm Caixa Zero com Almofadas Veludo Preto G33 &#8211; Gran Belo teve o pre\u00e7o, no dia acima especificado, de <strong>R$ 5239.9<\/strong>.<\/h3>\n<p>Confira o pre\u00e7o atual aqui: <a href=\"https:\/\/www.awin1.com\/cread.php?awinmid=17777&#038;awinaffid=690303&#038;ued=https:\/\/www.mobly.com.br\/1369460.html?wt_pc=br.affiliates.zanox.xml.GR318AC39XVOMOB.na&#038;utm_source=zanox&#038;utm_medium=affiliates&#038;utm_campaign=affid\" rel=\"sponsored\" target=\"_blank\"><img decoding=\"async\" src=\"https:\/\/ui.awin.com\/images\/upload\/merchant\/profile\/17777.png\" alt=\"Sof\u00e1 Reclin\u00e1vel e Retr\u00e1til Gandalf Bipartido 254cm Caixa Zero com Almofadas Veludo Preto G33 - Gran Belo\" \/> &#8211; nas lojas Mobly BR<\/a><\/p>\n<p><img decoding=\"async\" src=\"https:\/\/static.mobly.com.br\/p\/1-0001-0649631-1-list.jpg\" alt=\"Sof\u00e1 Reclin\u00e1vel e Retr\u00e1til Gandalf Bipartido 254cm Caixa Zero com Almofadas Veludo Preto G33 - Gran Belo\" \/><br \/>\nSof\u00e1 Reclin\u00e1vel e Retr\u00e1til Gandalf Bipartido 254cm Caixa Zero com Almofadas Veludo Preto G33 &#8211; Gran Belo em at\u00e9 10 vezes sem juros! Devolu\u00e7\u00e3o gr\u00e1tis em at\u00e9 30 dias.<\/p>\n<hr \/>\n<h4>Aproveite e pesquise o pre\u00e7o deste produto em dezenas de lojas dos marketplaces abaixo:<\/h4>\n<p><a href=\"https:\/\/www.magazinevoce.com.br\/magazineezu\/busca\/Sof\u00e1 Reclin\u00e1vel e Retr\u00e1til Gandalf Bipartido 254cm Caixa Zero com Almofadas Veludo Preto G33 - Gran Belo\/\" target=\"_blank\" rel=\"noopener\"><img decoding=\"async\" src=\"https:\/\/bateroda.com.br\/marketplace\/logos\/magaezu.jpg\" alt=\"Pesquise no Magazine eZu\" \/> &#8211; Magazine eZu<\/a><\/p>\n<hr \/>\n<p><!-- START ADVERTISER: Webcontinental BR from awin.com --><\/p>\n<p><a href=\"https:\/\/www.awin1.com\/cread.php?awinmid=17743&#038;awinaffid=690303&#038;ued=https%3A%2F%2Fwww.webcontinental.com.br%2FSof\u00e1 Reclin\u00e1vel e Retr\u00e1til Gandalf Bipartido 254cm Caixa Zero com Almofadas Veludo Preto G33 - Gran Belo%3F_q%3DSof\u00e1 Reclin\u00e1vel e Retr\u00e1til Gandalf Bipartido 254cm Caixa Zero com Almofadas Veludo Preto G33 - Gran Belo%26map%3Dft\" rel=\"sponsored\"><img decoding=\"async\" src=\"https:\/\/lojawebcontinental.vtexassets.com\/arquivos\/logo-webcontinental-checkout.png\" border=\"0\" \/> &#8211; Loja Online.<\/a><\/p>\n<p><!-- END ADVERTISER: Webcontinental BR from awin.com --><\/p>\n","protected":false},"excerpt":{"rendered":"<p>R$ 5239.9 nas lojas <a href=\"https:\/\/www.awin1.com\/pclick.php?p=40302430929&#038;a=690303&#038;m=17777\" target=\"_blank\" rel=\"sponsored\">Mobly BR<\/a> <a class=\"more-link\" href=\"https:\/\/bonoro.com.br\/shop\/2026\/06\/sofa-reclinavel-e-retratil-gandalf-bipartido-254cm-caixa-zero-com-almofadas-veludo-preto-g33-gran-belo-r-5239-9\/\">\u2192<\/a><\/p>\n","protected":false},"author":1,"featured_media":0,"comment_status":"closed","ping_status":"closed","sticky":false,"template":"","format":"standard","meta":{"footnotes":""},"categories":[198],"tags":[120808,61,122482],"class_list":["post-336426","post","type-post","status-publish","format-standard","hentry","category-produtos","tag-5239-9","tag-mobly-br","tag-sofa-reclinavel-e-retratil-gandalf-bipartido-254cm-caixa-zero-com-almofadas-veludo-preto-g33-gran-belo"],"_links":{"self":[{"href":"https:\/\/bonoro.com.br\/shop\/wp-json\/wp\/v2\/posts\/336426","targetHints":{"allow":["GET"]}}],"collection":[{"href":"https:\/\/bonoro.com.br\/shop\/wp-json\/wp\/v2\/posts"}],"about":[{"href":"https:\/\/bonoro.com.br\/shop\/wp-json\/wp\/v2\/types\/post"}],"author":[{"embeddable":true,"href":"https:\/\/bonoro.com.br\/shop\/wp-json\/wp\/v2\/users\/1"}],"replies":[{"embeddable":true,"href":"https:\/\/bonoro.com.br\/shop\/wp-json\/wp\/v2\/comments?post=336426"}],"version-history":[{"count":0,"href":"https:\/\/bonoro.com.br\/shop\/wp-json\/wp\/v2\/posts\/336426\/revisions"}],"wp:attachment":[{"href":"https:\/\/bonoro.com.br\/shop\/wp-json\/wp\/v2\/media?parent=336426"}],"wp:term":[{"taxonomy":"category","embeddable":true,"href":"https:\/\/bonoro.com.br\/shop\/wp-json\/wp\/v2\/categories?post=336426"},{"taxonomy":"post_tag","embeddable":true,"href":"https:\/\/bonoro.com.br\/shop\/wp-json\/wp\/v2\/tags?post=336426"}],"curies":[{"name":"wp","href":"https:\/\/api.w.org\/{rel}","templated":true}]}}