{"id":329714,"date":"2026-06-03T13:36:11","date_gmt":"2026-06-03T13:36:11","guid":{"rendered":"https:\/\/bonoro.com.br\/shop\/2026\/06\/cortina-blackout-ana-corta-luz-380-x-230-quarto-preto-r-430-33\/"},"modified":"2026-06-03T13:36:11","modified_gmt":"2026-06-03T13:36:11","slug":"cortina-blackout-ana-corta-luz-380-x-230-quarto-preto-r-430-33","status":"publish","type":"post","link":"https:\/\/bonoro.com.br\/shop\/2026\/06\/cortina-blackout-ana-corta-luz-380-x-230-quarto-preto-r-430-33\/","title":{"rendered":"Cortina Blackout Ana Corta Luz 3,80 X 2,30 Quarto Preto &#8211; R$ 430.33"},"content":{"rendered":"<h2>Casa e jardim > Decora\u00e7\u00e3o > Tratamentos de janelas > Persianas e cortinas<\/h2>\n<h3>Cortina Blackout Ana Corta Luz 3,80 X 2,30 Quarto Preto teve o pre\u00e7o, no dia acima especificado, de <strong>R$ 430.33<\/strong>.<\/h3>\n<p>Confira o pre\u00e7o atual aqui: <a href=\"https:\/\/www.awin1.com\/cread.php?awinmid=17777&#038;awinaffid=690303&#038;ued=https:\/\/www.mobly.com.br\/1607405.html?wt_pc=br.affiliates.zanox.xml.EN489HI94LVHMOB.na&#038;utm_source=zanox&#038;utm_medium=affiliates&#038;utm_campaign=affid\" rel=\"sponsored\" target=\"_blank\"><img decoding=\"async\" src=\"https:\/\/ui.awin.com\/images\/upload\/merchant\/profile\/17777.png\" alt=\"Cortina Blackout Ana Corta Luz 3,80 X 2,30 Quarto Preto\" \/> &#8211; nas lojas Mobly BR<\/a><\/p>\n<p><img decoding=\"async\" src=\"https:\/\/static.mobly.com.br\/p\/1-0001-5047061-1-list.jpg\" alt=\"Cortina Blackout Ana Corta Luz 3,80 X 2,30 Quarto Preto\" \/><br \/>\nCortina Blackout Ana Corta Luz 3,80 X 2,30 Quarto Preto em at\u00e9 8 vezes sem juros! Devolu\u00e7\u00e3o gr\u00e1tis em at\u00e9 30 dias.<\/p>\n<hr \/>\n<h4>Aproveite e pesquise o pre\u00e7o deste produto em dezenas de lojas dos marketplaces abaixo:<\/h4>\n<p><a href=\"https:\/\/www.magazinevoce.com.br\/magazineezu\/busca\/Cortina Blackout Ana Corta Luz 3,80 X 2,30 Quarto Preto\/\" target=\"_blank\" rel=\"noopener\"><img decoding=\"async\" src=\"https:\/\/bateroda.com.br\/marketplace\/logos\/magaezu.jpg\" alt=\"Pesquise no Magazine eZu\" \/> &#8211; Magazine eZu<\/a><\/p>\n<hr \/>\n<p><!-- START ADVERTISER: Webcontinental BR from awin.com --><\/p>\n<p><a href=\"https:\/\/www.awin1.com\/cread.php?awinmid=17743&#038;awinaffid=690303&#038;ued=https%3A%2F%2Fwww.webcontinental.com.br%2FCortina Blackout Ana Corta Luz 3,80 X 2,30 Quarto Preto%3F_q%3DCortina Blackout Ana Corta Luz 3,80 X 2,30 Quarto Preto%26map%3Dft\" rel=\"sponsored\"><img decoding=\"async\" src=\"https:\/\/lojawebcontinental.vtexassets.com\/arquivos\/logo-webcontinental-checkout.png\" border=\"0\" \/> &#8211; Loja Online.<\/a><\/p>\n<p><!-- END ADVERTISER: Webcontinental BR from awin.com --><\/p>\n","protected":false},"excerpt":{"rendered":"<p>R$ 430.33 nas lojas <a href=\"https:\/\/www.awin1.com\/pclick.php?p=41361392564&#038;a=690303&#038;m=17777\" target=\"_blank\" rel=\"sponsored\">Mobly BR<\/a> <a class=\"more-link\" href=\"https:\/\/bonoro.com.br\/shop\/2026\/06\/cortina-blackout-ana-corta-luz-380-x-230-quarto-preto-r-430-33\/\">\u2192<\/a><\/p>\n","protected":false},"author":1,"featured_media":0,"comment_status":"closed","ping_status":"closed","sticky":false,"template":"","format":"standard","meta":{"footnotes":""},"categories":[198],"tags":[116025,115910,59925,85829,116004,61],"class_list":["post-329714","post","type-post","status-publish","format-standard","hentry","category-produtos","tag-30-quarto-preto","tag-430-33","tag-80-x-2","tag-casa-e-jardim-decoracao-tratamentos-de-janelas-persianas-e-cortinas","tag-cortina-blackout-ana-corta-luz-3","tag-mobly-br"],"_links":{"self":[{"href":"https:\/\/bonoro.com.br\/shop\/wp-json\/wp\/v2\/posts\/329714","targetHints":{"allow":["GET"]}}],"collection":[{"href":"https:\/\/bonoro.com.br\/shop\/wp-json\/wp\/v2\/posts"}],"about":[{"href":"https:\/\/bonoro.com.br\/shop\/wp-json\/wp\/v2\/types\/post"}],"author":[{"embeddable":true,"href":"https:\/\/bonoro.com.br\/shop\/wp-json\/wp\/v2\/users\/1"}],"replies":[{"embeddable":true,"href":"https:\/\/bonoro.com.br\/shop\/wp-json\/wp\/v2\/comments?post=329714"}],"version-history":[{"count":0,"href":"https:\/\/bonoro.com.br\/shop\/wp-json\/wp\/v2\/posts\/329714\/revisions"}],"wp:attachment":[{"href":"https:\/\/bonoro.com.br\/shop\/wp-json\/wp\/v2\/media?parent=329714"}],"wp:term":[{"taxonomy":"category","embeddable":true,"href":"https:\/\/bonoro.com.br\/shop\/wp-json\/wp\/v2\/categories?post=329714"},{"taxonomy":"post_tag","embeddable":true,"href":"https:\/\/bonoro.com.br\/shop\/wp-json\/wp\/v2\/tags?post=329714"}],"curies":[{"name":"wp","href":"https:\/\/api.w.org\/{rel}","templated":true}]}}