{"id":291298,"date":"2026-06-29T19:21:36","date_gmt":"2026-06-29T19:21:36","guid":{"rendered":"https:\/\/bonoro.com.br\/shop\/2026\/06\/quadro-decorativo-paisagem-praia-de-ipanema-tela-em-canvas-na-vertical-ideal-para-ambiente-de-sala-de-estar-jantar-reunioes-quarto-e-hall-de-entrada-r-199-9\/"},"modified":"2026-06-29T19:21:36","modified_gmt":"2026-06-29T19:21:36","slug":"quadro-decorativo-paisagem-praia-de-ipanema-tela-em-canvas-na-vertical-ideal-para-ambiente-de-sala-de-estar-jantar-reunioes-quarto-e-hall-de-entrada-r-199-9","status":"publish","type":"post","link":"https:\/\/bonoro.com.br\/shop\/2026\/06\/quadro-decorativo-paisagem-praia-de-ipanema-tela-em-canvas-na-vertical-ideal-para-ambiente-de-sala-de-estar-jantar-reunioes-quarto-e-hall-de-entrada-r-199-9\/","title":{"rendered":"Quadro Decorativo Paisagem Praia de Ipanema, Tela em Canvas na Vertical ideal para ambiente de Sala de estar, jantar, reuni\u00f5es, Quarto e Hall de entrada &#8211; R$ 199.9"},"content":{"rendered":"<h2>Casa e jardim > Decora\u00e7\u00e3o<\/h2>\n<h3>Quadro Decorativo Paisagem Praia de Ipanema, Tela em Canvas na Vertical ideal para ambiente de Sala de estar, jantar, reuni\u00f5es, Quarto e Hall de entrada teve o pre\u00e7o, no dia acima especificado, de <strong>R$ 199.9<\/strong>.<\/h3>\n<p>Confira o pre\u00e7o atual aqui: <a href=\"https:\/\/www.awin1.com\/cread.php?awinmid=17777&#038;awinaffid=690303&#038;ued=https:\/\/www.mobly.com.br\/1320558.html?wt_pc=br.affiliates.zanox.xml.AR062AC41DMSMOB.na&#038;utm_source=zanox&#038;utm_medium=affiliates&#038;utm_campaign=affid\" rel=\"sponsored\" target=\"_blank\"><img decoding=\"async\" src=\"https:\/\/ui.awin.com\/images\/upload\/merchant\/profile\/17777.png\" alt=\"Quadro Decorativo Paisagem Praia de Ipanema, Tela em Canvas na Vertical ideal para ambiente de Sala de estar, jantar, reuni\u00f5es, Quarto e Hall de entrada\" \/> &#8211; nas lojas Mobly BR<\/a><\/p>\n<p><img decoding=\"async\" src=\"https:\/\/static.mobly.com.br\/p\/1-0001-8550231-1-list.jpg\" alt=\"Quadro Decorativo Paisagem Praia de Ipanema, Tela em Canvas na Vertical ideal para ambiente de Sala de estar, jantar, reuni\u00f5es, Quarto e Hall de entrada\" \/><br \/>\nQuadro Decorativo Paisagem Praia de Ipanema, Tela em Canvas na Vertical ideal para ambiente de Sala de estar, jantar, reuni\u00f5es, Quarto e Hall de entrada em at\u00e9 3 vezes sem juros! Devolu\u00e7\u00e3o gr\u00e1tis em at\u00e9 30 dias.<\/p>\n<hr \/>\n<h4>Aproveite e pesquise o pre\u00e7o deste produto em dezenas de lojas dos marketplaces abaixo:<\/h4>\n<p><a href=\"https:\/\/www.magazinevoce.com.br\/magazineezu\/busca\/Quadro Decorativo Paisagem Praia de Ipanema, Tela em Canvas na Vertical ideal para ambiente de Sala de estar, jantar, reuni\u00f5es, Quarto e Hall de entrada\/\" target=\"_blank\" rel=\"noopener\"><img decoding=\"async\" src=\"https:\/\/bateroda.com.br\/marketplace\/logos\/magaezu.jpg\" alt=\"Pesquise no Magazine eZu\" \/> &#8211; Magazine eZu<\/a><\/p>\n<hr \/>\n<p><!-- START ADVERTISER: Webcontinental BR from awin.com --><\/p>\n<p><a href=\"https:\/\/www.awin1.com\/cread.php?awinmid=17743&#038;awinaffid=690303&#038;ued=https%3A%2F%2Fwww.webcontinental.com.br%2FQuadro Decorativo Paisagem Praia de Ipanema, Tela em Canvas na Vertical ideal para ambiente de Sala de estar, jantar, reuni\u00f5es, Quarto e Hall de entrada%3F_q%3DQuadro Decorativo Paisagem Praia de Ipanema, Tela em Canvas na Vertical ideal para ambiente de Sala de estar, jantar, reuni\u00f5es, Quarto e Hall de entrada%26map%3Dft\" rel=\"sponsored\"><img decoding=\"async\" src=\"https:\/\/lojawebcontinental.vtexassets.com\/arquivos\/logo-webcontinental-checkout.png\" border=\"0\" \/> &#8211; Loja Online.<\/a><\/p>\n<p><!-- END ADVERTISER: Webcontinental BR from awin.com --><\/p>\n","protected":false},"excerpt":{"rendered":"<p>R$ 199.9 nas lojas <a href=\"https:\/\/www.awin1.com\/pclick.php?p=38883507467&#038;a=690303&#038;m=17777\" target=\"_blank\" rel=\"sponsored\">Mobly BR<\/a> <a class=\"more-link\" href=\"https:\/\/bonoro.com.br\/shop\/2026\/06\/quadro-decorativo-paisagem-praia-de-ipanema-tela-em-canvas-na-vertical-ideal-para-ambiente-de-sala-de-estar-jantar-reunioes-quarto-e-hall-de-entrada-r-199-9\/\">\u2192<\/a><\/p>\n","protected":false},"author":1,"featured_media":0,"comment_status":"closed","ping_status":"closed","sticky":false,"template":"","format":"standard","meta":{"footnotes":""},"categories":[198],"tags":[55868,80335,82974,61,82993,82991,82975,82973],"class_list":["post-291298","post","type-post","status-publish","format-standard","hentry","category-produtos","tag-199-9","tag-casa-e-jardim-decoracao","tag-jantar","tag-mobly-br","tag-quadro-decorativo-paisagem-praia-de-ipanema","tag-quarto-e-hall-de-entrada","tag-reunioes","tag-tela-em-canvas-na-vertical-ideal-para-ambiente-de-sala-de-estar"],"_links":{"self":[{"href":"https:\/\/bonoro.com.br\/shop\/wp-json\/wp\/v2\/posts\/291298","targetHints":{"allow":["GET"]}}],"collection":[{"href":"https:\/\/bonoro.com.br\/shop\/wp-json\/wp\/v2\/posts"}],"about":[{"href":"https:\/\/bonoro.com.br\/shop\/wp-json\/wp\/v2\/types\/post"}],"author":[{"embeddable":true,"href":"https:\/\/bonoro.com.br\/shop\/wp-json\/wp\/v2\/users\/1"}],"replies":[{"embeddable":true,"href":"https:\/\/bonoro.com.br\/shop\/wp-json\/wp\/v2\/comments?post=291298"}],"version-history":[{"count":0,"href":"https:\/\/bonoro.com.br\/shop\/wp-json\/wp\/v2\/posts\/291298\/revisions"}],"wp:attachment":[{"href":"https:\/\/bonoro.com.br\/shop\/wp-json\/wp\/v2\/media?parent=291298"}],"wp:term":[{"taxonomy":"category","embeddable":true,"href":"https:\/\/bonoro.com.br\/shop\/wp-json\/wp\/v2\/categories?post=291298"},{"taxonomy":"post_tag","embeddable":true,"href":"https:\/\/bonoro.com.br\/shop\/wp-json\/wp\/v2\/tags?post=291298"}],"curies":[{"name":"wp","href":"https:\/\/api.w.org\/{rel}","templated":true}]}}