{"id":288035,"date":"2026-06-01T00:20:08","date_gmt":"2026-06-01T00:20:08","guid":{"rendered":"https:\/\/bonoro.com.br\/shop\/2026\/06\/sofa-5-lugares-retratil-e-reclinavel-city-linho-bege-claro-280-cm-r-5818-96\/"},"modified":"2026-06-01T00:20:08","modified_gmt":"2026-06-01T00:20:08","slug":"sofa-5-lugares-retratil-e-reclinavel-city-linho-bege-claro-280-cm-r-5818-96","status":"publish","type":"post","link":"https:\/\/bonoro.com.br\/shop\/2026\/06\/sofa-5-lugares-retratil-e-reclinavel-city-linho-bege-claro-280-cm-r-5818-96\/","title":{"rendered":"Sof\u00e1 5 Lugares Retr\u00e1til E Reclin\u00e1vel City Linho Bege Claro 280 Cm &#8211; R$ 5818.96"},"content":{"rendered":"<h2><\/h2>\n<h3>Sof\u00e1 5 Lugares Retr\u00e1til E Reclin\u00e1vel City Linho Bege Claro 280 Cm teve o pre\u00e7o, no dia acima especificado, de <strong>R$ 5818.96<\/strong>.<\/h3>\n<p>Confira o pre\u00e7o atual aqui: <a href=\"https:\/\/www.awin1.com\/cread.php?awinmid=17777&#038;awinaffid=690303&#038;ued=https:\/\/www.mobly.com.br\/sofa-5-lugares-retratil-e-reclinavel-city-linho-bege-claro-280-cm-1697301.html?spall_source=especiais\" rel=\"sponsored\" target=\"_blank\"><img decoding=\"async\" src=\"https:\/\/ui.awin.com\/images\/upload\/merchant\/profile\/17777.png\" alt=\"Sof\u00e1 5 Lugares Retr\u00e1til E Reclin\u00e1vel City Linho Bege Claro 280 Cm\" \/> &#8211; nas lojas Mobly BR<\/a><\/p>\n<p><img decoding=\"async\" src=\"https:\/\/static.mobly.com.br\/p\/1-0001-1037961-1-zoom.jpg\" alt=\"Sof\u00e1 5 Lugares Retr\u00e1til E Reclin\u00e1vel City Linho Bege Claro 280 Cm\" \/><br \/>\nQue tal o Sof\u00e1 City?Transforme sua sala de estar no espa\u00e7o perfeito para o conv\u00edvio em fam\u00edlia com o Sof\u00e1 City! Com estrutura que oferece tudo o que voc\u00ea precisa para um dia a dia mais pr\u00e1tico e momentos de descanso ainda melhores, ele tem fun\u00e7\u00f5es retr\u00e1til e reclin\u00e1vel, que permitem ajustar o m\u00f3vel \u00e0s suas prefer\u00eancias &#8211; a combina\u00e7\u00e3o de espuma supersoft no assento e fibra de silicone no encosto proporciona firmeza e aconchego na medida certa, enquanto o revestimento em linho e a cor elegante elevam a decora\u00e7\u00e3o do ambiente, adicionando um toque de sofistica\u00e7\u00e3o ao lar-style. Um aliado indispens\u00e1vel para unir funcionalidade, beleza e bem-estar no cora\u00e7\u00e3o da sua casa!<\/p>\n<hr \/>\n<h4>Aproveite e pesquise o pre\u00e7o deste produto em dezenas de lojas dos marketplaces abaixo:<\/h4>\n<p><a href=\"https:\/\/www.magazinevoce.com.br\/magazineezu\/busca\/Sof\u00e1 5 Lugares Retr\u00e1til E Reclin\u00e1vel City Linho Bege Claro 280 Cm\/\" target=\"_blank\" rel=\"noopener\"><img decoding=\"async\" src=\"https:\/\/bateroda.com.br\/marketplace\/logos\/magaezu.jpg\" alt=\"Pesquise no Magazine eZu\" \/> &#8211; Magazine eZu<\/a><\/p>\n<hr \/>\n<p><!-- START ADVERTISER: Webcontinental BR from awin.com --><\/p>\n<p><a href=\"https:\/\/www.awin1.com\/cread.php?awinmid=17743&#038;awinaffid=690303&#038;ued=https%3A%2F%2Fwww.webcontinental.com.br%2FSof\u00e1 5 Lugares Retr\u00e1til E Reclin\u00e1vel City Linho Bege Claro 280 Cm%3F_q%3DSof\u00e1 5 Lugares Retr\u00e1til E Reclin\u00e1vel City Linho Bege Claro 280 Cm%26map%3Dft\" rel=\"sponsored\"><img decoding=\"async\" src=\"https:\/\/lojawebcontinental.vtexassets.com\/arquivos\/logo-webcontinental-checkout.png\" border=\"0\" \/> &#8211; Loja Online.<\/a><\/p>\n<p><!-- END ADVERTISER: Webcontinental BR from awin.com --><\/p>\n","protected":false},"excerpt":{"rendered":"<p>R$ 5818.96 nas lojas <a href=\"https:\/\/www.awin1.com\/pclick.php?p=42413954226&#038;a=690303&#038;m=17777\" target=\"_blank\" rel=\"sponsored\">Mobly BR<\/a> <a class=\"more-link\" href=\"https:\/\/bonoro.com.br\/shop\/2026\/06\/sofa-5-lugares-retratil-e-reclinavel-city-linho-bege-claro-280-cm-r-5818-96\/\">\u2192<\/a><\/p>\n","protected":false},"author":1,"featured_media":0,"comment_status":"closed","ping_status":"closed","sticky":false,"template":"","format":"standard","meta":{"footnotes":""},"categories":[198],"tags":[79014,61,79013],"class_list":["post-288035","post","type-post","status-publish","format-standard","hentry","category-produtos","tag-5818-96","tag-mobly-br","tag-sofa-5-lugares-retratil-e-reclinavel-city-linho-bege-claro-280-cm"],"_links":{"self":[{"href":"https:\/\/bonoro.com.br\/shop\/wp-json\/wp\/v2\/posts\/288035","targetHints":{"allow":["GET"]}}],"collection":[{"href":"https:\/\/bonoro.com.br\/shop\/wp-json\/wp\/v2\/posts"}],"about":[{"href":"https:\/\/bonoro.com.br\/shop\/wp-json\/wp\/v2\/types\/post"}],"author":[{"embeddable":true,"href":"https:\/\/bonoro.com.br\/shop\/wp-json\/wp\/v2\/users\/1"}],"replies":[{"embeddable":true,"href":"https:\/\/bonoro.com.br\/shop\/wp-json\/wp\/v2\/comments?post=288035"}],"version-history":[{"count":0,"href":"https:\/\/bonoro.com.br\/shop\/wp-json\/wp\/v2\/posts\/288035\/revisions"}],"wp:attachment":[{"href":"https:\/\/bonoro.com.br\/shop\/wp-json\/wp\/v2\/media?parent=288035"}],"wp:term":[{"taxonomy":"category","embeddable":true,"href":"https:\/\/bonoro.com.br\/shop\/wp-json\/wp\/v2\/categories?post=288035"},{"taxonomy":"post_tag","embeddable":true,"href":"https:\/\/bonoro.com.br\/shop\/wp-json\/wp\/v2\/tags?post=288035"}],"curies":[{"name":"wp","href":"https:\/\/api.w.org\/{rel}","templated":true}]}}