{"id":286261,"date":"2026-06-06T21:02:31","date_gmt":"2026-06-06T21:02:31","guid":{"rendered":"https:\/\/bonoro.com.br\/shop\/2026\/06\/conjunto-com-2-cadeiras-peters-revestimento-sintetico-florido-e-preto-r-344-96\/"},"modified":"2026-06-06T21:02:31","modified_gmt":"2026-06-06T21:02:31","slug":"conjunto-com-2-cadeiras-peters-revestimento-sintetico-florido-e-preto-r-344-96","status":"publish","type":"post","link":"https:\/\/bonoro.com.br\/shop\/2026\/06\/conjunto-com-2-cadeiras-peters-revestimento-sintetico-florido-e-preto-r-344-96\/","title":{"rendered":"Conjunto Com 2 Cadeiras Peters Revestimento Sint\u00e9tico Florido E Preto &#8211; R$ 344.96"},"content":{"rendered":"<h2><\/h2>\n<h3>Conjunto Com 2 Cadeiras Peters Revestimento Sint\u00e9tico Florido E Preto teve o pre\u00e7o, no dia acima especificado, de <strong>R$ 344.96<\/strong>.<\/h3>\n<p>Confira o pre\u00e7o atual aqui: <a href=\"https:\/\/www.awin1.com\/cread.php?awinmid=17777&#038;awinaffid=690303&#038;ued=https:\/\/www.mobly.com.br\/conjunto-com-2-cadeiras-peters-revestimento-sintetico-florido-e-preto-1327526.html?spall_source=especiais\" rel=\"sponsored\" target=\"_blank\"><img decoding=\"async\" src=\"https:\/\/ui.awin.com\/images\/upload\/merchant\/profile\/17777.png\" alt=\"Conjunto Com 2 Cadeiras Peters Revestimento Sint\u00e9tico Florido E Preto\" \/> &#8211; nas lojas Mobly BR<\/a><\/p>\n<p><img decoding=\"async\" src=\"https:\/\/static.mobly.com.br\/p\/1-0001-6257231-1-zoom.jpg\" alt=\"Conjunto Com 2 Cadeiras Peters Revestimento Sint\u00e9tico Florido E Preto\" \/><br \/>\nQue tal o Conjunto de Cadeiras Peters?Uma decora\u00e7\u00e3o tradicional na \u00e1rea de refei\u00e7\u00f5es \u00e9 uma excelente maneira de transformar os momentos do dia a dia em algo especial, e o Conjunto Peters \u00e9 a escolha perfeita para isso! Com uma estrutura cl\u00e1ssica e um design que oferece \u00f3timo suporte para costas e lombar, as 2 cadeiras tamb\u00e9m contam com pernas alongadas que refor\u00e7am a beleza das pe\u00e7as. A combina\u00e7\u00e3o da cor com o charme do estofado torna o modelo uma \u00f3tima op\u00e7\u00e3o para diversos estilos de decora\u00e7\u00e3o, facilitando na hora de criar o ambiente dos seus sonhos. Uma pe\u00e7a completa, n\u00e9?<\/p>\n<hr \/>\n<h4>Aproveite e pesquise o pre\u00e7o deste produto em dezenas de lojas dos marketplaces abaixo:<\/h4>\n<p><a href=\"https:\/\/www.magazinevoce.com.br\/magazineezu\/busca\/Conjunto Com 2 Cadeiras Peters Revestimento Sint\u00e9tico Florido E Preto\/\" target=\"_blank\" rel=\"noopener\"><img decoding=\"async\" src=\"https:\/\/bateroda.com.br\/marketplace\/logos\/magaezu.jpg\" alt=\"Pesquise no Magazine eZu\" \/> &#8211; Magazine eZu<\/a><\/p>\n<hr \/>\n<p><!-- START ADVERTISER: Webcontinental BR from awin.com --><\/p>\n<p><a href=\"https:\/\/www.awin1.com\/cread.php?awinmid=17743&#038;awinaffid=690303&#038;ued=https%3A%2F%2Fwww.webcontinental.com.br%2FConjunto Com 2 Cadeiras Peters Revestimento Sint\u00e9tico Florido E Preto%3F_q%3DConjunto Com 2 Cadeiras Peters Revestimento Sint\u00e9tico Florido E Preto%26map%3Dft\" rel=\"sponsored\"><img decoding=\"async\" src=\"https:\/\/lojawebcontinental.vtexassets.com\/arquivos\/logo-webcontinental-checkout.png\" border=\"0\" \/> &#8211; Loja Online.<\/a><\/p>\n<p><!-- END ADVERTISER: Webcontinental BR from awin.com --><\/p>\n","protected":false},"excerpt":{"rendered":"<p>R$ 344.96 nas lojas <a href=\"https:\/\/www.awin1.com\/pclick.php?p=38970541978&#038;a=690303&#038;m=17777\" target=\"_blank\" rel=\"sponsored\">Mobly BR<\/a> <a class=\"more-link\" href=\"https:\/\/bonoro.com.br\/shop\/2026\/06\/conjunto-com-2-cadeiras-peters-revestimento-sintetico-florido-e-preto-r-344-96\/\">\u2192<\/a><\/p>\n","protected":false},"author":1,"featured_media":0,"comment_status":"closed","ping_status":"closed","sticky":false,"template":"","format":"standard","meta":{"footnotes":""},"categories":[198],"tags":[69765,76980,61],"class_list":["post-286261","post","type-post","status-publish","format-standard","hentry","category-produtos","tag-344-96","tag-conjunto-com-2-cadeiras-peters-revestimento-sintetico-florido-e-preto","tag-mobly-br"],"_links":{"self":[{"href":"https:\/\/bonoro.com.br\/shop\/wp-json\/wp\/v2\/posts\/286261","targetHints":{"allow":["GET"]}}],"collection":[{"href":"https:\/\/bonoro.com.br\/shop\/wp-json\/wp\/v2\/posts"}],"about":[{"href":"https:\/\/bonoro.com.br\/shop\/wp-json\/wp\/v2\/types\/post"}],"author":[{"embeddable":true,"href":"https:\/\/bonoro.com.br\/shop\/wp-json\/wp\/v2\/users\/1"}],"replies":[{"embeddable":true,"href":"https:\/\/bonoro.com.br\/shop\/wp-json\/wp\/v2\/comments?post=286261"}],"version-history":[{"count":0,"href":"https:\/\/bonoro.com.br\/shop\/wp-json\/wp\/v2\/posts\/286261\/revisions"}],"wp:attachment":[{"href":"https:\/\/bonoro.com.br\/shop\/wp-json\/wp\/v2\/media?parent=286261"}],"wp:term":[{"taxonomy":"category","embeddable":true,"href":"https:\/\/bonoro.com.br\/shop\/wp-json\/wp\/v2\/categories?post=286261"},{"taxonomy":"post_tag","embeddable":true,"href":"https:\/\/bonoro.com.br\/shop\/wp-json\/wp\/v2\/tags?post=286261"}],"curies":[{"name":"wp","href":"https:\/\/api.w.org\/{rel}","templated":true}]}}