{"id":283446,"date":"2026-06-14T12:13:55","date_gmt":"2026-06-14T12:13:55","guid":{"rendered":"https:\/\/bonoro.com.br\/shop\/2026\/06\/armario-aereo-firenze-com-nicho-2-portas-avena-e-grafito-r-344-96\/"},"modified":"2026-06-14T12:13:55","modified_gmt":"2026-06-14T12:13:55","slug":"armario-aereo-firenze-com-nicho-2-portas-avena-e-grafito-r-344-96","status":"publish","type":"post","link":"https:\/\/bonoro.com.br\/shop\/2026\/06\/armario-aereo-firenze-com-nicho-2-portas-avena-e-grafito-r-344-96\/","title":{"rendered":"Arm\u00e1rio A\u00e9reo Firenze Com Nicho 2 Portas Avena E Grafito &#8211; R$ 344.96"},"content":{"rendered":"<h2><\/h2>\n<h3>Arm\u00e1rio A\u00e9reo Firenze Com Nicho 2 Portas Avena E Grafito teve o pre\u00e7o, no dia acima especificado, de <strong>R$ 344.96<\/strong>.<\/h3>\n<p>Confira o pre\u00e7o atual aqui: <a href=\"https:\/\/www.awin1.com\/cread.php?awinmid=17777&#038;awinaffid=690303&#038;ued=https:\/\/www.mobly.com.br\/armario-aereo-firenze-com-nicho-2-portas-avena-e-grafito-1002442.html?spall_source=especiais\" rel=\"sponsored\" target=\"_blank\"><img decoding=\"async\" src=\"https:\/\/ui.awin.com\/images\/upload\/merchant\/profile\/17777.png\" alt=\"Arm\u00e1rio A\u00e9reo Firenze Com Nicho 2 Portas Avena E Grafito\" \/> &#8211; nas lojas Mobly BR<\/a><\/p>\n<p><img decoding=\"async\" src=\"https:\/\/static.mobly.com.br\/p\/1-0001-2442001-1-zoom.jpg\" alt=\"Arm\u00e1rio A\u00e9reo Firenze Com Nicho 2 Portas Avena E Grafito\" \/><br \/>\nQue tal o Arm\u00e1rio A\u00e9reo Firenze?A cozinha \u00e9 um c\u00f4modo importante para a rotina di\u00e1ria, principalmente porque guarda muitos itens, e todo espa\u00e7o de armazenamento \u00e9 sempre bem-vindo, n\u00e3o \u00e9? O Arm\u00e1rio A\u00e9reo Firenze \u00e9 perfeito para te ajudar a guardar potes, mantimentos, canecas ou outros objetos que s\u00e3o essenciais ao preparo de suas receitas especiais. Enquanto ajuda no dia a dia, ele tamb\u00e9m comp\u00f5e com maestria a decora\u00e7\u00e3o, gra\u00e7as \u00e0 colora\u00e7\u00e3o tradicional e \u00e0 estrutura cl\u00e1ssica, que combinam superbem com todos os outros itens que voc\u00ea julgar necess\u00e1rio adquirir, como bancadas e paneleiros. Da\u00ed, \u00e9 s\u00f3 colocar a m\u00e3o na massa e aproveitar seu espa\u00e7o de chef \ud83d\ude09<\/p>\n<hr \/>\n<h4>Aproveite e pesquise o pre\u00e7o deste produto em dezenas de lojas dos marketplaces abaixo:<\/h4>\n<p><a href=\"https:\/\/www.magazinevoce.com.br\/magazineezu\/busca\/Arm\u00e1rio A\u00e9reo Firenze Com Nicho 2 Portas Avena E Grafito\/\" target=\"_blank\" rel=\"noopener\"><img decoding=\"async\" src=\"https:\/\/bateroda.com.br\/marketplace\/logos\/magaezu.jpg\" alt=\"Pesquise no Magazine eZu\" \/> &#8211; Magazine eZu<\/a><\/p>\n<hr \/>\n<p><!-- START ADVERTISER: Webcontinental BR from awin.com --><\/p>\n<p><a href=\"https:\/\/www.awin1.com\/cread.php?awinmid=17743&#038;awinaffid=690303&#038;ued=https%3A%2F%2Fwww.webcontinental.com.br%2FArm\u00e1rio A\u00e9reo Firenze Com Nicho 2 Portas Avena E Grafito%3F_q%3DArm\u00e1rio A\u00e9reo Firenze Com Nicho 2 Portas Avena E Grafito%26map%3Dft\" rel=\"sponsored\"><img decoding=\"async\" src=\"https:\/\/lojawebcontinental.vtexassets.com\/arquivos\/logo-webcontinental-checkout.png\" border=\"0\" \/> &#8211; Loja Online.<\/a><\/p>\n<p><!-- END ADVERTISER: Webcontinental BR from awin.com --><\/p>\n","protected":false},"excerpt":{"rendered":"<p>R$ 344.96 nas lojas <a href=\"https:\/\/www.awin1.com\/pclick.php?p=33154629571&#038;a=690303&#038;m=17777\" target=\"_blank\" rel=\"sponsored\">Mobly BR<\/a> <a class=\"more-link\" href=\"https:\/\/bonoro.com.br\/shop\/2026\/06\/armario-aereo-firenze-com-nicho-2-portas-avena-e-grafito-r-344-96\/\">\u2192<\/a><\/p>\n","protected":false},"author":1,"featured_media":0,"comment_status":"closed","ping_status":"closed","sticky":false,"template":"","format":"standard","meta":{"footnotes":""},"categories":[198],"tags":[69765,73605,61],"class_list":["post-283446","post","type-post","status-publish","format-standard","hentry","category-produtos","tag-344-96","tag-armario-aereo-firenze-com-nicho-2-portas-avena-e-grafito","tag-mobly-br"],"_links":{"self":[{"href":"https:\/\/bonoro.com.br\/shop\/wp-json\/wp\/v2\/posts\/283446","targetHints":{"allow":["GET"]}}],"collection":[{"href":"https:\/\/bonoro.com.br\/shop\/wp-json\/wp\/v2\/posts"}],"about":[{"href":"https:\/\/bonoro.com.br\/shop\/wp-json\/wp\/v2\/types\/post"}],"author":[{"embeddable":true,"href":"https:\/\/bonoro.com.br\/shop\/wp-json\/wp\/v2\/users\/1"}],"replies":[{"embeddable":true,"href":"https:\/\/bonoro.com.br\/shop\/wp-json\/wp\/v2\/comments?post=283446"}],"version-history":[{"count":0,"href":"https:\/\/bonoro.com.br\/shop\/wp-json\/wp\/v2\/posts\/283446\/revisions"}],"wp:attachment":[{"href":"https:\/\/bonoro.com.br\/shop\/wp-json\/wp\/v2\/media?parent=283446"}],"wp:term":[{"taxonomy":"category","embeddable":true,"href":"https:\/\/bonoro.com.br\/shop\/wp-json\/wp\/v2\/categories?post=283446"},{"taxonomy":"post_tag","embeddable":true,"href":"https:\/\/bonoro.com.br\/shop\/wp-json\/wp\/v2\/tags?post=283446"}],"curies":[{"name":"wp","href":"https:\/\/api.w.org\/{rel}","templated":true}]}}