{"id":281513,"date":"2026-06-29T10:29:47","date_gmt":"2026-06-29T10:29:47","guid":{"rendered":"https:\/\/bonoro.com.br\/shop\/2026\/06\/sofa-3-lugares-retratil-e-reclinavel-hanover-suede-preto-180-cm-r-1182-16\/"},"modified":"2026-06-29T10:29:47","modified_gmt":"2026-06-29T10:29:47","slug":"sofa-3-lugares-retratil-e-reclinavel-hanover-suede-preto-180-cm-r-1182-16","status":"publish","type":"post","link":"https:\/\/bonoro.com.br\/shop\/2026\/06\/sofa-3-lugares-retratil-e-reclinavel-hanover-suede-preto-180-cm-r-1182-16\/","title":{"rendered":"Sof\u00e1 3 Lugares Retr\u00e1til E Reclinav\u00e9l Han\u00f4ver Suede Preto 180 Cm &#8211; R$ 1182.16"},"content":{"rendered":"<h2><\/h2>\n<h3>Sof\u00e1 3 Lugares Retr\u00e1til E Reclinav\u00e9l Han\u00f4ver Suede Preto 180 Cm teve o pre\u00e7o, no dia acima especificado, de <strong>R$ 1182.16<\/strong>.<\/h3>\n<p>Confira o pre\u00e7o atual aqui: <a href=\"https:\/\/www.awin1.com\/cread.php?awinmid=17777&#038;awinaffid=690303&#038;ued=https:\/\/www.mobly.com.br\/sofa-3-lugares-retratil-e-reclinavel-hanover-suede-preto-180-cm-615299.html?spall_source=especiais\" rel=\"sponsored\" target=\"_blank\"><img decoding=\"async\" src=\"https:\/\/ui.awin.com\/images\/upload\/merchant\/profile\/17777.png\" alt=\"Sof\u00e1 3 Lugares Retr\u00e1til E Reclinav\u00e9l Han\u00f4ver Suede Preto 180 Cm\" \/> &#8211; nas lojas Mobly BR<\/a><\/p>\n<p><img decoding=\"async\" src=\"https:\/\/static.mobly.com.br\/p\/1-0001-992516-1-zoom.jpg\" alt=\"Sof\u00e1 3 Lugares Retr\u00e1til E Reclinav\u00e9l Han\u00f4ver Suede Preto 180 Cm\" \/><br \/>\nQue tal o Sof\u00e1 Han\u00f4ver?\u00c9 na sala de estar onde a maior parte dos momentos de lazer da fam\u00edlia acontece, seja curtindo um filminho, jogando aquele lan\u00e7amento dos games ou recebendo os amigos para um caf\u00e9, por isso \u00e9 essencial ter um sof\u00e1 com qualidade e beleza para acomodar a todos muito bem. Espa\u00e7oso, bem estruturado e com um design para deixar o lar-style perfeito, o modelo Han\u00f4ver&nbsp;tem assento retr\u00e1til e encosto reclin\u00e1vel, o que faz dele uma pe\u00e7a \u00f3tima para oferecer aquele aconchego extra. Revestido com o elegante e macio tecido suede, esse m\u00f3vel tem ainda uma cor s\u00f3bria que pode ser facilmente harmonizada com v\u00e1rios estilos de decora\u00e7\u00e3o, sendo ideal para te inspirar e dar aquela m\u00e3ozinha na hora de criar o ambiente dos sonhos. Agora \u00e9 s\u00f3 combin\u00e1-lo com aquele rack e TV incr\u00edveis e pronto! Seu centro de entretenimento est\u00e1 completo.<\/p>\n<hr \/>\n<h4>Aproveite e pesquise o pre\u00e7o deste produto em dezenas de lojas dos marketplaces abaixo:<\/h4>\n<p><a href=\"https:\/\/www.magazinevoce.com.br\/magazineezu\/busca\/Sof\u00e1 3 Lugares Retr\u00e1til E Reclinav\u00e9l Han\u00f4ver Suede Preto 180 Cm\/\" target=\"_blank\" rel=\"noopener\"><img decoding=\"async\" src=\"https:\/\/bateroda.com.br\/marketplace\/logos\/magaezu.jpg\" alt=\"Pesquise no Magazine eZu\" \/> &#8211; Magazine eZu<\/a><\/p>\n<hr \/>\n<p><!-- START ADVERTISER: Webcontinental BR from awin.com --><\/p>\n<p><a href=\"https:\/\/www.awin1.com\/cread.php?awinmid=17743&#038;awinaffid=690303&#038;ued=https%3A%2F%2Fwww.webcontinental.com.br%2FSof\u00e1 3 Lugares Retr\u00e1til E Reclinav\u00e9l Han\u00f4ver Suede Preto 180 Cm%3F_q%3DSof\u00e1 3 Lugares Retr\u00e1til E Reclinav\u00e9l Han\u00f4ver Suede Preto 180 Cm%26map%3Dft\" rel=\"sponsored\"><img decoding=\"async\" src=\"https:\/\/lojawebcontinental.vtexassets.com\/arquivos\/logo-webcontinental-checkout.png\" border=\"0\" \/> &#8211; Loja Online.<\/a><\/p>\n<p><!-- END ADVERTISER: Webcontinental BR from awin.com --><\/p>\n","protected":false},"excerpt":{"rendered":"<p>R$ 1182.16 nas lojas <a href=\"https:\/\/www.awin1.com\/pclick.php?p=38443187612&#038;a=690303&#038;m=17777\" target=\"_blank\" rel=\"sponsored\">Mobly BR<\/a> <a class=\"more-link\" href=\"https:\/\/bonoro.com.br\/shop\/2026\/06\/sofa-3-lugares-retratil-e-reclinavel-hanover-suede-preto-180-cm-r-1182-16\/\">\u2192<\/a><\/p>\n","protected":false},"author":1,"featured_media":0,"comment_status":"closed","ping_status":"closed","sticky":false,"template":"","format":"standard","meta":{"footnotes":""},"categories":[198],"tags":[69339,61,70892],"class_list":["post-281513","post","type-post","status-publish","format-standard","hentry","category-produtos","tag-1182-16","tag-mobly-br","tag-sofa-3-lugares-retratil-e-reclinavel-hanover-suede-preto-180-cm"],"_links":{"self":[{"href":"https:\/\/bonoro.com.br\/shop\/wp-json\/wp\/v2\/posts\/281513","targetHints":{"allow":["GET"]}}],"collection":[{"href":"https:\/\/bonoro.com.br\/shop\/wp-json\/wp\/v2\/posts"}],"about":[{"href":"https:\/\/bonoro.com.br\/shop\/wp-json\/wp\/v2\/types\/post"}],"author":[{"embeddable":true,"href":"https:\/\/bonoro.com.br\/shop\/wp-json\/wp\/v2\/users\/1"}],"replies":[{"embeddable":true,"href":"https:\/\/bonoro.com.br\/shop\/wp-json\/wp\/v2\/comments?post=281513"}],"version-history":[{"count":0,"href":"https:\/\/bonoro.com.br\/shop\/wp-json\/wp\/v2\/posts\/281513\/revisions"}],"wp:attachment":[{"href":"https:\/\/bonoro.com.br\/shop\/wp-json\/wp\/v2\/media?parent=281513"}],"wp:term":[{"taxonomy":"category","embeddable":true,"href":"https:\/\/bonoro.com.br\/shop\/wp-json\/wp\/v2\/categories?post=281513"},{"taxonomy":"post_tag","embeddable":true,"href":"https:\/\/bonoro.com.br\/shop\/wp-json\/wp\/v2\/tags?post=281513"}],"curies":[{"name":"wp","href":"https:\/\/api.w.org\/{rel}","templated":true}]}}