{"id":262275,"date":"2026-06-27T15:18:17","date_gmt":"2026-06-27T15:18:17","guid":{"rendered":"https:\/\/bonoro.com.br\/shop\/2026\/06\/berco-cama-multifuncional-com-cama-auxiliar-3-gavetas-branco-r-1362-48\/"},"modified":"2026-06-27T15:18:17","modified_gmt":"2026-06-27T15:18:17","slug":"berco-cama-multifuncional-com-cama-auxiliar-3-gavetas-branco-r-1362-48","status":"publish","type":"post","link":"https:\/\/bonoro.com.br\/shop\/2026\/06\/berco-cama-multifuncional-com-cama-auxiliar-3-gavetas-branco-r-1362-48\/","title":{"rendered":"Ber\u00e7o Cama Multifuncional com Cama Auxiliar 3 Gavetas Branco &#8211; R$ 1362.48"},"content":{"rendered":"<h2><\/h2>\n<h3>Ber\u00e7o Cama Multifuncional com Cama Auxiliar 3 Gavetas Branco teve o pre\u00e7o, no dia acima especificado, de <strong>R$ 1362.48<\/strong>.<\/h3>\n<p>Confira o pre\u00e7o atual aqui: <a href=\"https:\/\/www.awin1.com\/cread.php?awinmid=100453&#038;awinaffid=690303&#038;ued=https:\/\/www.casatema.com.br\/berco-cama-multifuncional-com-cama-auxiliar-3-gavetas-branco\/p?idsku=1887812004\" rel=\"sponsored\" target=\"_blank\"><img decoding=\"async\" src=\"https:\/\/ui.awin.com\/images\/upload\/merchant\/profile\/100453.png\" alt=\"Ber\u00e7o Cama Multifuncional com Cama Auxiliar 3 Gavetas Branco\" \/> &#8211; nas lojas Casa Tema BR<\/a><\/p>\n<p><img decoding=\"async\" src=\"https:\/\/casatema.vteximg.com.br\/arquivos\/ids\/832313_2\" alt=\"Ber\u00e7o Cama Multifuncional com Cama Auxiliar 3 Gavetas Branco\" \/><br \/>\nBer\u00e7o Cama Multifuncional com Cama Auxiliar 3 Gavetas Branco  .body-casatema-use-internal { font-family: Arial, sans-serif; line-height: 1.6; } .container-casatema-use-internal { width: 80%; margin: 0 auto; padding: 20px; } .hx-casatema-use-internal { color: #333; } .ul-casatema-use-internal { list-style-type: none; padding: 0; } .li-casatema-use-internal { background: #f4f4f4; margin: 5px 0; padding: 10px; border-radius: 5px; } .highlight-casatema-use-internal { font-weight: bold; } .image-container-casatema-use-internal, .img-casatema-use-internal { width: 100%; height: auto; } \/* CSS para os atributos *\/ .table-attr-casatema-use-internal { border-spacing: 0px; width: 100%; } .table-attr-casatema-use-internal tr:nth-child(even) { background: #ffffff; } .table-attr-casatema-use-internal tr:nth-child(odd) { background: #dfede9; } .td-left-attr-casatema-use-internal { padding: 10px; width: 30%; font-weight: bold; } .td-right-attr-casatema-use-internal { padding: 10px; width: 70%; } .div-left-attr-casatema-use-internal { width: 100%; } .div-right-attr-casatema-use-internal { width: 100%; } .div-group-attr-casatema-use-internal { padding-bottom: 10px; } @media (min-width: 1224px) { .div-left-attr-casatema-use-internal { width: 49%; float: left; } .div-right-attr-casatema-use-internal { width: 49%; float: right; } }     Ber\u00e7o Cama Multifuncional com Cama Auxiliar 3 Gavetas Branco. O Ber\u00e7o Multifuncional com Auxiliar Branco da Completa M\u00f3veis \u00e9 vers\u00e1til e elegante, com caracter\u00edsticas que destacam o ber\u00e7o. Quando montado em ber\u00e7o contem uma mini c\u00f4moda e apoio para o trocador. \u00c9 poss\u00edvel, tamb\u00e9m, ser transformado em uma cama solteiro, que \u00e9 perfeita para quando seu beb\u00ea estiver crescidinho. Ainda, para facilitar acompanha uma cama auxiliar com rod\u00edzios para melhor utiliza\u00e7\u00e3o. As grades s\u00e3o em MDF dando maior seguran\u00e7a e tranquilidade aos pais. Produto certificado pelo INMETRO. Obs.: esse ber\u00e7o n\u00e3o pode ser montado a c\u00f4moda como direito e esquerdo, somente conforme a imagem, ou seja, c\u00f4moda no lado direito   Caracter\u00edsticasAmbienteQuarto de Beb\u00eaAmbiente PrincipalQuarto de Beb\u00eaCama Auxiliar Suporta At\u00e9 (kg)80.0Cama Auxiliar com Rod\u00edzioSimCorBrancoEstiloModernoEstrado Regul\u00e1vel em Quantas Posi\u00e7\u00f5es2Informa\u00e7\u00f5es ComplementaresBer\u00e7o suporta at\u00e9 30 kg. Cama Solteiro suporta at\u00e9 50 kg. Cama Auxiliar 80 kg.Informa\u00e7\u00f5es Complementares (Novo)Ber\u00e7o suporta at\u00e9 30 kg. Cama Solteiro suporta at\u00e9 50 kg. Cama Auxiliar 80 kg.MarcaCompleta M\u00f3veisOp\u00e7\u00f5es de Altura do Estrado30 cm \/ 60 cm Permite a Utiliza\u00e7\u00e3o de Cama AuxiliarN\u00e3oPeso M\u00e1ximo por Gaveta5.0Possui P\u00e9sSimPossui Rod\u00edzioN\u00e3oSuporta At\u00e9 (kg)20.0Tipo de Ber\u00e7oBer\u00e7o C\u00f4modaTipo de EstradoFixoOutras caracter\u00edsticasPeso Bruto (Kg)76 kgRecursosCama AuxiliarTipo de GradeFixaDocumentos AdicionaisManual de Montagem e Instala\u00e7\u00e3oClique aqui para acessarGarantiaGarantia06 MesesItens InclusosAcompanha Cama AuxiliarSimCama Auxiliar Acompanha Colch\u00e3oN\u00e3oMateriais e AcabamentosAcabamentoBPAcabamento da GavetaBPAcabamento dos P\u00e9sPoli\u00e9sterMaterial PrincipalMDPMaterial da GavetaMDPMaterial da GradeMDFMaterial do EstradoMDFMaterial dos P\u00e9sPVCTipo de Corredi\u00e7a da GavetaMet\u00e1lica SimplesMontagemComplexidade da MontagemM\u00e9dia: pode ser montado por mais de uma pessoa e\/ou necessite de maior conhecimento para montagemNecessita MontagemSimSistema de MontagemParafuso e Cavilha.Pesos e Dimens\u00f5esAltura (cm)106.0Altura do Estrado at\u00e9 o Ch\u00e3o20.0Largura (cm)196.0Peso (kg)63.8Profundidade (cm)84.0<\/p>\n<hr \/>\n<h4>Aproveite e pesquise o pre\u00e7o deste produto em dezenas de lojas dos marketplaces abaixo:<\/h4>\n<p><a href=\"https:\/\/www.magazinevoce.com.br\/magazineezu\/busca\/Ber\u00e7o Cama Multifuncional com Cama Auxiliar 3 Gavetas Branco\/\" target=\"_blank\" rel=\"noopener\"><img decoding=\"async\" src=\"https:\/\/bateroda.com.br\/marketplace\/logos\/magaezu.jpg\" alt=\"Pesquise no Magazine eZu\" \/> &#8211; Magazine eZu<\/a><\/p>\n<hr \/>\n<p><!-- START ADVERTISER: Webcontinental BR from awin.com --><\/p>\n<p><a href=\"https:\/\/www.awin1.com\/cread.php?awinmid=17743&#038;awinaffid=690303&#038;ued=https%3A%2F%2Fwww.webcontinental.com.br%2FBer\u00e7o Cama Multifuncional com Cama Auxiliar 3 Gavetas Branco%3F_q%3DBer\u00e7o Cama Multifuncional com Cama Auxiliar 3 Gavetas Branco%26map%3Dft\" rel=\"sponsored\"><img decoding=\"async\" src=\"https:\/\/lojawebcontinental.vtexassets.com\/arquivos\/logo-webcontinental-checkout.png\" border=\"0\" \/> &#8211; Loja Online.<\/a><\/p>\n<p><!-- END ADVERTISER: Webcontinental BR from awin.com --><\/p>\n","protected":false},"excerpt":{"rendered":"<p>R$ 1362.48 nas lojas <a href=\"https:\/\/www.awin1.com\/pclick.php?p=38605497378&#038;a=690303&#038;m=100453\" target=\"_blank\" rel=\"sponsored\">Casa Tema BR<\/a> <a class=\"more-link\" href=\"https:\/\/bonoro.com.br\/shop\/2026\/06\/berco-cama-multifuncional-com-cama-auxiliar-3-gavetas-branco-r-1362-48\/\">\u2192<\/a><\/p>\n","protected":false},"author":1,"featured_media":0,"comment_status":"closed","ping_status":"closed","sticky":false,"template":"","format":"standard","meta":{"footnotes":""},"categories":[198],"tags":[11698,45701,205],"class_list":["post-262275","post","type-post","status-publish","format-standard","hentry","category-produtos","tag-1362-48","tag-berco-cama-multifuncional-com-cama-auxiliar-3-gavetas-branco","tag-casa-tema-br"],"_links":{"self":[{"href":"https:\/\/bonoro.com.br\/shop\/wp-json\/wp\/v2\/posts\/262275","targetHints":{"allow":["GET"]}}],"collection":[{"href":"https:\/\/bonoro.com.br\/shop\/wp-json\/wp\/v2\/posts"}],"about":[{"href":"https:\/\/bonoro.com.br\/shop\/wp-json\/wp\/v2\/types\/post"}],"author":[{"embeddable":true,"href":"https:\/\/bonoro.com.br\/shop\/wp-json\/wp\/v2\/users\/1"}],"replies":[{"embeddable":true,"href":"https:\/\/bonoro.com.br\/shop\/wp-json\/wp\/v2\/comments?post=262275"}],"version-history":[{"count":0,"href":"https:\/\/bonoro.com.br\/shop\/wp-json\/wp\/v2\/posts\/262275\/revisions"}],"wp:attachment":[{"href":"https:\/\/bonoro.com.br\/shop\/wp-json\/wp\/v2\/media?parent=262275"}],"wp:term":[{"taxonomy":"category","embeddable":true,"href":"https:\/\/bonoro.com.br\/shop\/wp-json\/wp\/v2\/categories?post=262275"},{"taxonomy":"post_tag","embeddable":true,"href":"https:\/\/bonoro.com.br\/shop\/wp-json\/wp\/v2\/tags?post=262275"}],"curies":[{"name":"wp","href":"https:\/\/api.w.org\/{rel}","templated":true}]}}