{"id":262189,"date":"2026-06-28T21:58:14","date_gmt":"2026-06-28T21:58:14","guid":{"rendered":"https:\/\/bonoro.com.br\/shop\/2026\/06\/banco-em-madeira-e-corda-nautica-220x37cm-traco-stain-jatoba-r-1162-48\/"},"modified":"2026-06-28T21:58:14","modified_gmt":"2026-06-28T21:58:14","slug":"banco-em-madeira-e-corda-nautica-220x37cm-traco-stain-jatoba-r-1162-48","status":"publish","type":"post","link":"https:\/\/bonoro.com.br\/shop\/2026\/06\/banco-em-madeira-e-corda-nautica-220x37cm-traco-stain-jatoba-r-1162-48\/","title":{"rendered":"Banco em Madeira e Corda N\u00e1utica 220x37cm Tra\u00e7o Stain Jatob\u00e1 &#8211; R$ 1162.48"},"content":{"rendered":"<h2><\/h2>\n<h3>Banco em Madeira e Corda N\u00e1utica 220x37cm Tra\u00e7o Stain Jatob\u00e1 teve o pre\u00e7o, no dia acima especificado, de <strong>R$ 1162.48<\/strong>.<\/h3>\n<p>Confira o pre\u00e7o atual aqui: <a href=\"https:\/\/www.awin1.com\/cread.php?awinmid=100453&#038;awinaffid=690303&#038;ued=https:\/\/www.casatema.com.br\/banco-em-madeira-e-corda-nautica-220x37cm-traco-casa-e-jardim-moveis-stain-jatoba\/p?idsku=410313627\" rel=\"sponsored\" target=\"_blank\"><img decoding=\"async\" src=\"https:\/\/ui.awin.com\/images\/upload\/merchant\/profile\/100453.png\" alt=\"Banco em Madeira e Corda N\u00e1utica 220x37cm Tra\u00e7o Stain Jatob\u00e1\" \/> &#8211; nas lojas Casa Tema BR<\/a><\/p>\n<p><img decoding=\"async\" src=\"https:\/\/casatema.vteximg.com.br\/arquivos\/ids\/810922_2\" alt=\"Banco em Madeira e Corda N\u00e1utica 220x37cm Tra\u00e7o Stain Jatob\u00e1\" \/><br \/>\nBanco em Madeira e Corda N\u00e1utica 220x37cm Tra\u00e7o Stain Jatob\u00e1  .body-casatema-use-internal { font-family: Arial, sans-serif; line-height: 1.6; } .container-casatema-use-internal { width: 80%; margin: 0 auto; padding: 20px; } .hx-casatema-use-internal { color: #333; } .ul-casatema-use-internal { list-style-type: none; padding: 0; } .li-casatema-use-internal { background: #f4f4f4; margin: 5px 0; padding: 10px; border-radius: 5px; } .highlight-casatema-use-internal { font-weight: bold; } .image-container-casatema-use-internal, .img-casatema-use-internal { width: 100%; height: auto; } \/* CSS para os atributos *\/ .table-attr-casatema-use-internal { border-spacing: 0px; width: 100%; } .table-attr-casatema-use-internal tr:nth-child(even) { background: #ffffff; } .table-attr-casatema-use-internal tr:nth-child(odd) { background: #dfede9; } .td-left-attr-casatema-use-internal { padding: 10px; width: 30%; font-weight: bold; } .td-right-attr-casatema-use-internal { padding: 10px; width: 70%; } .div-left-attr-casatema-use-internal { width: 100%; } .div-right-attr-casatema-use-internal { width: 100%; } .div-group-attr-casatema-use-internal { padding-bottom: 10px; } @media (min-width: 1224px) { .div-left-attr-casatema-use-internal { width: 49%; float: left; } .div-right-attr-casatema-use-internal { width: 49%; float: right; } }     Banco em Madeira e Corda N\u00e1utica 220x37cm Tra\u00e7o Stain Jatob\u00e1. Os Bancos Tra\u00e7o sem encosto, em diversos tamanhos, resistentes e com design exclusivo, s\u00e3o produzidos com madeira de eucalipto reflorestado e os assentos tran\u00e7ados por artes\u00e3os da regi\u00e3o de S\u00e3o Bento do Sul, Santa Catarina, com corda tran\u00e7ada chata de 16 mm, cor preta, 100% de pet reciclado, contribuindo com a preserva\u00e7\u00e3o do meio ambiente. Bancos refor\u00e7ados com assento chanfrado em madeira de 34,0 mm e p\u00e9s refor\u00e7ados de 45,0 mm x 45,0 mm s\u00e3o ideais para compor ambientes com Mesas de Jantar Tra\u00e7o, para recepcionar seus familiares e amigos para uma deliciosa confraterniza\u00e7\u00e3o. Usado em varandas, sacadas, espa\u00e7os gourmet ou churrasqueiras e \u00e1reas de lazer cobertas. Pela sua variedade de tamanhos, podem ser usados como pe\u00e7a individual na composi\u00e7\u00e3o de ambientes para um bate papo descontra\u00eddo.   Caracter\u00edsticasAlmofada do AssentoN\u00e3o PossuiAmbiente PrincipalJardim e VarandaCadeira\/Banco EstofadaN\u00e3oCorStain Jatob\u00e1Dobr\u00e1velN\u00e3oEstiloModernoInforma\u00e7\u00f5es Complementares (Novo)Corda Tran\u00e7ada PET Recicl\u00e1vel 16mmLinha ou Cole\u00e7\u00e3o Tra\u00e7oMarcaCasa e Jardim M\u00f3veisOrigem do ProdutoNacionalPossui Almofada no AssentoN\u00e3oPossui Apoio para Bra\u00e7osN\u00e3oPossui Apoio para os P\u00e9sN\u00e3oPossui EncostoN\u00e3oQuantidade de Lugares4Suporta At\u00e9 (kg)170.0Tipo de AssentoFixoTipo de EncostoN\u00e3o PossuiTipo de MadeiraEucaliptoPesos e Dimens\u00f5esAltura (cm)43.0Altura Regul\u00e1velN\u00e3oAltura do Assento at\u00e9 o Ch\u00e3o43.0Comprimento (cm)220.0Largura (cm)37.0Peso (kg)21.0Profundidade (cm)37.0Documentos AdicionaisManual de Montagem e Instala\u00e7\u00e3oClique aqui para acessarGarantiaGarantia03 MesesMateriais e AcabamentosAcabamento da EstruturaStainEscala de BrilhoFoscoMaterial PrincipalMadeira Maci\u00e7aMaterial da EstruturaMadeira Maci\u00e7aMaterial dos P\u00e9sMadeira Maci\u00e7aResistente \u00e0 ChuvaN\u00e3oTipo de Madeira Maci\u00e7aEucaliptoMontagemComplexidade da MontagemBaixa: pode ser montado por uma pessoa sozinhaNecessita MontagemSimRecomenda\u00e7\u00f5es de Uso, Manuten\u00e7\u00e3o e LimpezaPara uso em ambientes cobertos, como varandas e sacadas. Limpeza e cuidados: Passar um pano levemente umedecido com \u00e1gua, seguido de pano seco. Cuidados: N\u00e3o utilizar produtos qu\u00edmicos ou abrasivos na limpeza. Evitar o contato com objetos cortantes. Sistema de MontagemParafusosOutras caracter\u00edsticasAmbiente PrincipalVarandaMaterial PrincipalMadeira Maci\u00e7a\/CordaMaterial do AssentoCorda<\/p>\n<hr \/>\n<h4>Aproveite e pesquise o pre\u00e7o deste produto em dezenas de lojas dos marketplaces abaixo:<\/h4>\n<p><a href=\"https:\/\/www.magazinevoce.com.br\/magazineezu\/busca\/Banco em Madeira e Corda N\u00e1utica 220x37cm Tra\u00e7o Stain Jatob\u00e1\/\" target=\"_blank\" rel=\"noopener\"><img decoding=\"async\" src=\"https:\/\/bateroda.com.br\/marketplace\/logos\/magaezu.jpg\" alt=\"Pesquise no Magazine eZu\" \/> &#8211; Magazine eZu<\/a><\/p>\n<hr \/>\n<p><!-- START ADVERTISER: Webcontinental BR from awin.com --><\/p>\n<p><a href=\"https:\/\/www.awin1.com\/cread.php?awinmid=17743&#038;awinaffid=690303&#038;ued=https%3A%2F%2Fwww.webcontinental.com.br%2FBanco em Madeira e Corda N\u00e1utica 220x37cm Tra\u00e7o Stain Jatob\u00e1%3F_q%3DBanco em Madeira e Corda N\u00e1utica 220x37cm Tra\u00e7o Stain Jatob\u00e1%26map%3Dft\" rel=\"sponsored\"><img decoding=\"async\" src=\"https:\/\/lojawebcontinental.vtexassets.com\/arquivos\/logo-webcontinental-checkout.png\" border=\"0\" \/> &#8211; Loja Online.<\/a><\/p>\n<p><!-- END ADVERTISER: Webcontinental BR from awin.com --><\/p>\n","protected":false},"excerpt":{"rendered":"<p>R$ 1162.48 nas lojas <a href=\"https:\/\/www.awin1.com\/pclick.php?p=38605497233&#038;a=690303&#038;m=100453\" target=\"_blank\" rel=\"sponsored\">Casa Tema BR<\/a> <a class=\"more-link\" href=\"https:\/\/bonoro.com.br\/shop\/2026\/06\/banco-em-madeira-e-corda-nautica-220x37cm-traco-stain-jatoba-r-1162-48\/\">\u2192<\/a><\/p>\n","protected":false},"author":1,"featured_media":0,"comment_status":"closed","ping_status":"closed","sticky":false,"template":"","format":"standard","meta":{"footnotes":""},"categories":[198],"tags":[9535,45595,205],"class_list":["post-262189","post","type-post","status-publish","format-standard","hentry","category-produtos","tag-1162-48","tag-banco-em-madeira-e-corda-nautica-220x37cm-traco-stain-jatoba","tag-casa-tema-br"],"_links":{"self":[{"href":"https:\/\/bonoro.com.br\/shop\/wp-json\/wp\/v2\/posts\/262189","targetHints":{"allow":["GET"]}}],"collection":[{"href":"https:\/\/bonoro.com.br\/shop\/wp-json\/wp\/v2\/posts"}],"about":[{"href":"https:\/\/bonoro.com.br\/shop\/wp-json\/wp\/v2\/types\/post"}],"author":[{"embeddable":true,"href":"https:\/\/bonoro.com.br\/shop\/wp-json\/wp\/v2\/users\/1"}],"replies":[{"embeddable":true,"href":"https:\/\/bonoro.com.br\/shop\/wp-json\/wp\/v2\/comments?post=262189"}],"version-history":[{"count":0,"href":"https:\/\/bonoro.com.br\/shop\/wp-json\/wp\/v2\/posts\/262189\/revisions"}],"wp:attachment":[{"href":"https:\/\/bonoro.com.br\/shop\/wp-json\/wp\/v2\/media?parent=262189"}],"wp:term":[{"taxonomy":"category","embeddable":true,"href":"https:\/\/bonoro.com.br\/shop\/wp-json\/wp\/v2\/categories?post=262189"},{"taxonomy":"post_tag","embeddable":true,"href":"https:\/\/bonoro.com.br\/shop\/wp-json\/wp\/v2\/tags?post=262189"}],"curies":[{"name":"wp","href":"https:\/\/api.w.org\/{rel}","templated":true}]}}