{"id":262074,"date":"2026-06-28T21:43:39","date_gmt":"2026-06-28T21:43:39","guid":{"rendered":"https:\/\/bonoro.com.br\/shop\/2026\/06\/balcao-fruteira-1-porta-2-aramados-e-prateleira-bf3207-branco-r-366-64\/"},"modified":"2026-06-28T21:43:39","modified_gmt":"2026-06-28T21:43:39","slug":"balcao-fruteira-1-porta-2-aramados-e-prateleira-bf3207-branco-r-366-64","status":"publish","type":"post","link":"https:\/\/bonoro.com.br\/shop\/2026\/06\/balcao-fruteira-1-porta-2-aramados-e-prateleira-bf3207-branco-r-366-64\/","title":{"rendered":"Balc\u00e3o Fruteira 1 Porta 2 Aramados e Prateleira Bf3207 Branco &#8211; R$ 366.64"},"content":{"rendered":"<h2><\/h2>\n<h3>Balc\u00e3o Fruteira 1 Porta 2 Aramados e Prateleira Bf3207 Branco teve o pre\u00e7o, no dia acima especificado, de <strong>R$ 366.64<\/strong>.<\/h3>\n<p>Confira o pre\u00e7o atual aqui: <a href=\"https:\/\/www.awin1.com\/cread.php?awinmid=100453&#038;awinaffid=690303&#038;ued=https:\/\/www.casatema.com.br\/balcao-fruteira-1-porta-2-aramados-e-prateleira-bf3207-branco\/p?idsku=1522778800\" rel=\"sponsored\" target=\"_blank\"><img decoding=\"async\" src=\"https:\/\/ui.awin.com\/images\/upload\/merchant\/profile\/100453.png\" alt=\"Balc\u00e3o Fruteira 1 Porta 2 Aramados e Prateleira Bf3207 Branco\" \/> &#8211; nas lojas Casa Tema BR<\/a><\/p>\n<p><img decoding=\"async\" src=\"https:\/\/casatema.vteximg.com.br\/arquivos\/ids\/728953_2\" alt=\"Balc\u00e3o Fruteira 1 Porta 2 Aramados e Prateleira Bf3207 Branco\" \/><br \/>\nBalc\u00e3o Fruteira 1 Porta 2 Aramados e Prateleira Bf3207 Branco  .body-casatema-use-internal { font-family: Arial, sans-serif; line-height: 1.6; } .container-casatema-use-internal { width: 80%; margin: 0 auto; padding: 20px; } .hx-casatema-use-internal { color: #333; } .ul-casatema-use-internal { list-style-type: none; padding: 0; } .li-casatema-use-internal { background: #f4f4f4; margin: 5px 0; padding: 10px; border-radius: 5px; } .highlight-casatema-use-internal { font-weight: bold; } .image-container-casatema-use-internal, .img-casatema-use-internal { width: 100%; height: auto; } \/* CSS para os atributos *\/ .table-attr-casatema-use-internal { border-spacing: 0px; width: 100%; } .table-attr-casatema-use-internal tr:nth-child(even) { background: #ffffff; } .table-attr-casatema-use-internal tr:nth-child(odd) { background: #dfede9; } .td-left-attr-casatema-use-internal { padding: 10px; width: 30%; font-weight: bold; } .td-right-attr-casatema-use-internal { padding: 10px; width: 70%; } .div-left-attr-casatema-use-internal { width: 100%; } .div-right-attr-casatema-use-internal { width: 100%; } .div-group-attr-casatema-use-internal { padding-bottom: 10px; } @media (min-width: 1224px) { .div-left-attr-casatema-use-internal { width: 49%; float: left; } .div-right-attr-casatema-use-internal { width: 49%; float: right; } }     Balc\u00e3o Fruteira 1 Porta 2 Aramados e Prateleira Bf3207 Branco. Balc\u00e3o Fruteira BF3207 com 1 porta com prateleira interna, local para forno e microondas, 2 cestos aramados para fruta, estrutura em MDP e acabamento em BP. Possui 4 p\u00e9s fixos de PVC. Possui 1 porta com prateleira interna.   Atributos em an\u00e1liseTonalidadeBrancoDocumentos AdicionaisManual de MontagemClique aqui para acessarGarantiaGarantia03 MesesItens InclusosAcompanha TampoSimBalc\u00e3o Acompanha PiaN\u00e3oItens Inclusos1 Balc\u00e3o, 1 Kit De Montagem e ManualMateriais e AcabamentosAcabamentoBPAcabamento da PortaBPAcabamento da PrateleiraBPEscala de BrilhoSemi-FoscoEscala de Brilho da PortaSemi-FoscoEscala de Brilho da PrateleiraFoscoMaterial PrincipalMDPMaterial da Dobradi\u00e7aMetalicaMaterial da Dobradi\u00e7a\/Corredi\u00e7a da PortaMet\u00e1licaMaterial da PortaMDPMaterial da PrateleiraMDPMaterial do CestoMetalMaterial do PuxadorPVCMaterial do Puxador da GavetaPVCMaterial do Puxador da PortaPVCMaterial do TampoMDPMaterial dos P\u00e9sPVCTipo de Dobradi\u00e7a\/Corredi\u00e7a da PortaSimplesOutras caracter\u00edsticasPeso (kg)22 kgPeso Bruto (Kg)22 kgPossui PrateleirasSimQuantidade de Gavetas0Tipo do ProdutoFruteiraTonalidadeBrancoCaracter\u00edsticasAmbiente\u00c1rea de Servi\u00e7oAmbiente Principal\u00c1rea de Servi\u00e7oCesto para Frutas2Cor PredominanteBrancoEstiloCl\u00e1ssicoEstilo de CorBrancoLinha ou Cole\u00e7\u00e3oBf3207MarcaTecno MobiliPeso M\u00e1ximo por Prateleira4.0Possui GavetasN\u00e3oPossui PortasSimPossui PrateleirasSimPossui P\u00e9sSimPossui Recorte para CooktopN\u00e3oPossui Rod\u00edzioN\u00e3oQuantidade de GavetasN\u00e3o PossuiQuantidade de Portas1 PortaQuantidade de Prateleiras01 PrateleiraSapatas NiveladorasN\u00e3oSuporta At\u00e9 (kg)27.0Suporta GranitoN\u00e3oTipo de Arm\u00e1rio de CozinhaFruteiraTipo de PortaBaterTipo de Puxador da PortaExternoTipo do ProdutoFruteiraMontagemComplexidade da MontagemBaixa: pode ser montado por uma pessoa sozinhaNecessita MontagemSimRecomenda\u00e7\u00f5es de Uso, Manuten\u00e7\u00e3o e LimpezaUtilize um pano levemente umedecido com \u00e1gua, seguido de um pano seco.Sistema de MontagemParafuso, Minifix e CavilhaPesos e Dimens\u00f5esAltura (cm)116.0Altura dos P\u00e9s5.0Largura (cm)61.0Peso (kg)21.6Peso Bruto (Kg)22.1Profundidade (cm)41.0<\/p>\n<hr \/>\n<h4>Aproveite e pesquise o pre\u00e7o deste produto em dezenas de lojas dos marketplaces abaixo:<\/h4>\n<p><a href=\"https:\/\/www.magazinevoce.com.br\/magazineezu\/busca\/Balc\u00e3o Fruteira 1 Porta 2 Aramados e Prateleira Bf3207 Branco\/\" target=\"_blank\" rel=\"noopener\"><img decoding=\"async\" src=\"https:\/\/bateroda.com.br\/marketplace\/logos\/magaezu.jpg\" alt=\"Pesquise no Magazine eZu\" \/> &#8211; Magazine eZu<\/a><\/p>\n<hr \/>\n<p><!-- START ADVERTISER: Webcontinental BR from awin.com --><\/p>\n<p><a href=\"https:\/\/www.awin1.com\/cread.php?awinmid=17743&#038;awinaffid=690303&#038;ued=https%3A%2F%2Fwww.webcontinental.com.br%2FBalc\u00e3o Fruteira 1 Porta 2 Aramados e Prateleira Bf3207 Branco%3F_q%3DBalc\u00e3o Fruteira 1 Porta 2 Aramados e Prateleira Bf3207 Branco%26map%3Dft\" rel=\"sponsored\"><img decoding=\"async\" src=\"https:\/\/lojawebcontinental.vtexassets.com\/arquivos\/logo-webcontinental-checkout.png\" border=\"0\" \/> &#8211; Loja Online.<\/a><\/p>\n<p><!-- END ADVERTISER: Webcontinental BR from awin.com --><\/p>\n","protected":false},"excerpt":{"rendered":"<p>R$ 366.64 nas lojas <a href=\"https:\/\/www.awin1.com\/pclick.php?p=38605496972&#038;a=690303&#038;m=100453\" target=\"_blank\" rel=\"sponsored\">Casa Tema BR<\/a> <a class=\"more-link\" href=\"https:\/\/bonoro.com.br\/shop\/2026\/06\/balcao-fruteira-1-porta-2-aramados-e-prateleira-bf3207-branco-r-366-64\/\">\u2192<\/a><\/p>\n","protected":false},"author":1,"featured_media":0,"comment_status":"closed","ping_status":"closed","sticky":false,"template":"","format":"standard","meta":{"footnotes":""},"categories":[198],"tags":[11146,45459,205],"class_list":["post-262074","post","type-post","status-publish","format-standard","hentry","category-produtos","tag-366-64","tag-balcao-fruteira-1-porta-2-aramados-e-prateleira-bf3207-branco","tag-casa-tema-br"],"_links":{"self":[{"href":"https:\/\/bonoro.com.br\/shop\/wp-json\/wp\/v2\/posts\/262074","targetHints":{"allow":["GET"]}}],"collection":[{"href":"https:\/\/bonoro.com.br\/shop\/wp-json\/wp\/v2\/posts"}],"about":[{"href":"https:\/\/bonoro.com.br\/shop\/wp-json\/wp\/v2\/types\/post"}],"author":[{"embeddable":true,"href":"https:\/\/bonoro.com.br\/shop\/wp-json\/wp\/v2\/users\/1"}],"replies":[{"embeddable":true,"href":"https:\/\/bonoro.com.br\/shop\/wp-json\/wp\/v2\/comments?post=262074"}],"version-history":[{"count":0,"href":"https:\/\/bonoro.com.br\/shop\/wp-json\/wp\/v2\/posts\/262074\/revisions"}],"wp:attachment":[{"href":"https:\/\/bonoro.com.br\/shop\/wp-json\/wp\/v2\/media?parent=262074"}],"wp:term":[{"taxonomy":"category","embeddable":true,"href":"https:\/\/bonoro.com.br\/shop\/wp-json\/wp\/v2\/categories?post=262074"},{"taxonomy":"post_tag","embeddable":true,"href":"https:\/\/bonoro.com.br\/shop\/wp-json\/wp\/v2\/tags?post=262074"}],"curies":[{"name":"wp","href":"https:\/\/api.w.org\/{rel}","templated":true}]}}