{"id":262064,"date":"2026-06-19T08:23:05","date_gmt":"2026-06-19T08:23:05","guid":{"rendered":"https:\/\/bonoro.com.br\/shop\/2026\/06\/balcao-para-escritorio-136cm-com-3-portas-e-1-prateleira-me4147-nogal-r-474-98\/"},"modified":"2026-06-19T08:23:05","modified_gmt":"2026-06-19T08:23:05","slug":"balcao-para-escritorio-136cm-com-3-portas-e-1-prateleira-me4147-nogal-r-474-98","status":"publish","type":"post","link":"https:\/\/bonoro.com.br\/shop\/2026\/06\/balcao-para-escritorio-136cm-com-3-portas-e-1-prateleira-me4147-nogal-r-474-98\/","title":{"rendered":"Balc\u00e3o para Escrit\u00f3rio 136cm com 3 Portas e 1 Prateleira ME4147 Nogal &#8211; R$ 474.98"},"content":{"rendered":"<h2><\/h2>\n<h3>Balc\u00e3o para Escrit\u00f3rio 136cm com 3 Portas e 1 Prateleira ME4147 Nogal teve o pre\u00e7o, no dia acima especificado, de <strong>R$ 474.98<\/strong>.<\/h3>\n<p>Confira o pre\u00e7o atual aqui: <a href=\"https:\/\/www.awin1.com\/cread.php?awinmid=100453&#038;awinaffid=690303&#038;ued=https:\/\/www.casatema.com.br\/balcao-para-escritorio-136cm-com-3-portas-e-1-prateleira-me4147-nogal\/p?idsku=1551179756\" rel=\"sponsored\" target=\"_blank\"><img decoding=\"async\" src=\"https:\/\/ui.awin.com\/images\/upload\/merchant\/profile\/100453.png\" alt=\"Balc\u00e3o para Escrit\u00f3rio 136cm com 3 Portas e 1 Prateleira ME4147 Nogal\" \/> &#8211; nas lojas Casa Tema BR<\/a><\/p>\n<p><img decoding=\"async\" src=\"https:\/\/casatema.vteximg.com.br\/arquivos\/ids\/778770_2\" alt=\"Balc\u00e3o para Escrit\u00f3rio 136cm com 3 Portas e 1 Prateleira ME4147 Nogal\" \/><br \/>\nBalc\u00e3o para Escrit\u00f3rio 136cm com 3 Portas e 1 Prateleira ME4147 Nogal  .body-casatema-use-internal { font-family: Arial, sans-serif; line-height: 1.6; } .container-casatema-use-internal { width: 80%; margin: 0 auto; padding: 20px; } .hx-casatema-use-internal { color: #333; } .ul-casatema-use-internal { list-style-type: none; padding: 0; } .li-casatema-use-internal { background: #f4f4f4; margin: 5px 0; padding: 10px; border-radius: 5px; } .highlight-casatema-use-internal { font-weight: bold; } .image-container-casatema-use-internal, .img-casatema-use-internal { width: 100%; height: auto; } \/* CSS para os atributos *\/ .table-attr-casatema-use-internal { border-spacing: 0px; width: 100%; } .table-attr-casatema-use-internal tr:nth-child(even) { background: #ffffff; } .table-attr-casatema-use-internal tr:nth-child(odd) { background: #dfede9; } .td-left-attr-casatema-use-internal { padding: 10px; width: 30%; font-weight: bold; } .td-right-attr-casatema-use-internal { padding: 10px; width: 70%; } .div-left-attr-casatema-use-internal { width: 100%; } .div-right-attr-casatema-use-internal { width: 100%; } .div-group-attr-casatema-use-internal { padding-bottom: 10px; } @media (min-width: 1224px) { .div-left-attr-casatema-use-internal { width: 49%; float: left; } .div-right-attr-casatema-use-internal { width: 49%; float: right; } }     Balc\u00e3o para Escrit\u00f3rio 136cm com 3 Portas e 1 Prateleira ME4147 Nogal. O Balc\u00e3o para escrit\u00f3rio contem 3 portas, feito em MDP 15mm, \u00e9 ideal para deixar seus documentos, objetos mais organizados, tem um design diferenciado deixando o ambiente mais moderno e sofisticado, alem de ser vers\u00e1til voc\u00ea pode utiliza-lo para compor outros ambientes da sua casa.   Atributos em an\u00e1liseTonalidadeMarrom OutonoDocumentos AdicionaisManual de MontagemClique aqui para acessarGarantiaGarantia03 MesesItens InclusosItens Inclusos1 Balc\u00e3o e Manual de MontagemMateriais e AcabamentosAcabamentoFinish FoilAcabamento da PortaBPAcabamento da PrateleiraFinish FoilEscala de BrilhoFoscoEscala de Brilho da PortaFoscoEscala de Brilho da PrateleiraFoscoMaterial PrincipalMDPMaterial da PortaMDPMaterial da PrateleiraMDPTipo de Dobradi\u00e7a\/Corredi\u00e7a da PortaMet\u00e1licaMontagemComplexidade da MontagemM\u00e9dia: pode ser montado por mais de uma pessoa e\/ou necessite de maior conhecimento para montagemNecessita MontagemSimRecomenda\u00e7\u00f5es de Uso, Manuten\u00e7\u00e3o e LimpezaMontar o m\u00f3vel deitado de costas. Forrar o ch\u00e3o com o papel\u00e3o das embalagens, aconselhamos a ser feita por um profissional, n\u00e3o expor o m\u00f3vel a fontes de calor ou de umidade.Sistema de MontagemParafuso, cavilha, minifixOutras caracter\u00edsticasPeso Bruto (Kg)34 kgPesos e Dimens\u00f5esAltura (cm)84.0Largura (cm)136.0Peso (kg)33.7Profundidade (cm)36.0Caracter\u00edsticasAmbiente PrincipalEscrit\u00f3rioArm\u00e1rio SuspensoN\u00e3oCorNogalCor InternaNogalCor PredominanteMarromFormato do Arm\u00e1rioRetangularLocaliza\u00e7\u00e3o do NichoSem NichoMarcaTecno MobiliN\u00famero de Prateleiras1Orienta\u00e7\u00e3o do Arm\u00e1rioHorizontalPeso M\u00e1ximo por Prateleira6.0Porta com chaveN\u00e3oPorta em VidroN\u00e3oPossui GavetasN\u00e3oPossui Mesa Retr\u00e1tilN\u00e3oPossui NichosN\u00e3oPossui PortasSimPossui PrateleirasSimPossui P\u00e9sN\u00e3oPossui Rod\u00edzioN\u00e3oPrateleiras Regul\u00e1veisN\u00e3oQuantidade de Arm\u00e1rios1Sapatas NiveladorasSimTamanho do Arm\u00e1rioBaixo (At\u00e9 90cm)Tipo de Arm\u00e1rio de Escrit\u00f3rioTotalmente FechadoTipo de GavetaN\u00e3o PossuiTipo de PortaBaterTipo de Puxador da PortaN\u00e3o Possui<\/p>\n<hr \/>\n<h4>Aproveite e pesquise o pre\u00e7o deste produto em dezenas de lojas dos marketplaces abaixo:<\/h4>\n<p><a href=\"https:\/\/www.magazinevoce.com.br\/magazineezu\/busca\/Balc\u00e3o para Escrit\u00f3rio 136cm com 3 Portas e 1 Prateleira ME4147 Nogal\/\" target=\"_blank\" rel=\"noopener\"><img decoding=\"async\" src=\"https:\/\/bateroda.com.br\/marketplace\/logos\/magaezu.jpg\" alt=\"Pesquise no Magazine eZu\" \/> &#8211; Magazine eZu<\/a><\/p>\n<hr \/>\n<p><!-- START ADVERTISER: Webcontinental BR from awin.com --><\/p>\n<p><a href=\"https:\/\/www.awin1.com\/cread.php?awinmid=17743&#038;awinaffid=690303&#038;ued=https%3A%2F%2Fwww.webcontinental.com.br%2FBalc\u00e3o para Escrit\u00f3rio 136cm com 3 Portas e 1 Prateleira ME4147 Nogal%3F_q%3DBalc\u00e3o para Escrit\u00f3rio 136cm com 3 Portas e 1 Prateleira ME4147 Nogal%26map%3Dft\" rel=\"sponsored\"><img decoding=\"async\" src=\"https:\/\/lojawebcontinental.vtexassets.com\/arquivos\/logo-webcontinental-checkout.png\" border=\"0\" \/> &#8211; Loja Online.<\/a><\/p>\n<p><!-- END ADVERTISER: Webcontinental BR from awin.com --><\/p>\n","protected":false},"excerpt":{"rendered":"<p>R$ 474.98 nas lojas <a href=\"https:\/\/www.awin1.com\/pclick.php?p=38605496942&#038;a=690303&#038;m=100453\" target=\"_blank\" rel=\"sponsored\">Casa Tema BR<\/a> <a class=\"more-link\" href=\"https:\/\/bonoro.com.br\/shop\/2026\/06\/balcao-para-escritorio-136cm-com-3-portas-e-1-prateleira-me4147-nogal-r-474-98\/\">\u2192<\/a><\/p>\n","protected":false},"author":1,"featured_media":0,"comment_status":"closed","ping_status":"closed","sticky":false,"template":"","format":"standard","meta":{"footnotes":""},"categories":[198],"tags":[9851,45449,205],"class_list":["post-262064","post","type-post","status-publish","format-standard","hentry","category-produtos","tag-474-98","tag-balcao-para-escritorio-136cm-com-3-portas-e-1-prateleira-me4147-nogal","tag-casa-tema-br"],"_links":{"self":[{"href":"https:\/\/bonoro.com.br\/shop\/wp-json\/wp\/v2\/posts\/262064","targetHints":{"allow":["GET"]}}],"collection":[{"href":"https:\/\/bonoro.com.br\/shop\/wp-json\/wp\/v2\/posts"}],"about":[{"href":"https:\/\/bonoro.com.br\/shop\/wp-json\/wp\/v2\/types\/post"}],"author":[{"embeddable":true,"href":"https:\/\/bonoro.com.br\/shop\/wp-json\/wp\/v2\/users\/1"}],"replies":[{"embeddable":true,"href":"https:\/\/bonoro.com.br\/shop\/wp-json\/wp\/v2\/comments?post=262064"}],"version-history":[{"count":0,"href":"https:\/\/bonoro.com.br\/shop\/wp-json\/wp\/v2\/posts\/262064\/revisions"}],"wp:attachment":[{"href":"https:\/\/bonoro.com.br\/shop\/wp-json\/wp\/v2\/media?parent=262064"}],"wp:term":[{"taxonomy":"category","embeddable":true,"href":"https:\/\/bonoro.com.br\/shop\/wp-json\/wp\/v2\/categories?post=262064"},{"taxonomy":"post_tag","embeddable":true,"href":"https:\/\/bonoro.com.br\/shop\/wp-json\/wp\/v2\/tags?post=262064"}],"curies":[{"name":"wp","href":"https:\/\/api.w.org\/{rel}","templated":true}]}}