{"id":262037,"date":"2026-06-28T22:47:01","date_gmt":"2026-06-28T22:47:01","guid":{"rendered":"https:\/\/bonoro.com.br\/shop\/2026\/06\/berco-2-em-100-mdf-cabeceira-arredondada-afeto-areia-azul-petroleo-r-1399-98\/"},"modified":"2026-06-28T22:47:01","modified_gmt":"2026-06-28T22:47:01","slug":"berco-2-em-100-mdf-cabeceira-arredondada-afeto-areia-azul-petroleo-r-1399-98","status":"publish","type":"post","link":"https:\/\/bonoro.com.br\/shop\/2026\/06\/berco-2-em-100-mdf-cabeceira-arredondada-afeto-areia-azul-petroleo-r-1399-98\/","title":{"rendered":"Ber\u00e7o 2 em 100% MDF Cabeceira Arredondada Afeto AREIA \/ AZUL PETROLEO &#8211; R$ 1399.98"},"content":{"rendered":"<h2><\/h2>\n<h3>Ber\u00e7o 2 em 100% MDF Cabeceira Arredondada Afeto AREIA \/ AZUL PETROLEO teve o pre\u00e7o, no dia acima especificado, de <strong>R$ 1399.98<\/strong>.<\/h3>\n<p>Confira o pre\u00e7o atual aqui: <a href=\"https:\/\/www.awin1.com\/cread.php?awinmid=100453&#038;awinaffid=690303&#038;ued=https:\/\/www.casatema.com.br\/berco-2-em-100--mdf-cabeceira-arredondada-afeto-areia---azul-petroleo\/p?idsku=518078686\" rel=\"sponsored\" target=\"_blank\"><img decoding=\"async\" src=\"https:\/\/ui.awin.com\/images\/upload\/merchant\/profile\/100453.png\" alt=\"Ber\u00e7o 2 em 100% MDF Cabeceira Arredondada Afeto AREIA \/ AZUL PETROLEO\" \/> &#8211; nas lojas Casa Tema BR<\/a><\/p>\n<p><img decoding=\"async\" src=\"https:\/\/casatema.vteximg.com.br\/arquivos\/ids\/1473775_2\" alt=\"Ber\u00e7o 2 em 100% MDF Cabeceira Arredondada Afeto AREIA \/ AZUL PETROLEO\" \/><br \/>\nBer\u00e7o 2 em 100% MDF Cabeceira Arredondada Afeto AREIA \/ AZUL PETROLEO  .body-casatema-use-internal { font-family: Arial, sans-serif; line-height: 1.6; } .container-casatema-use-internal { width: 80%; margin: 0 auto; padding: 20px; } .hx-casatema-use-internal { color: #333; } .ul-casatema-use-internal { list-style-type: none; padding: 0; } .li-casatema-use-internal { background: #f4f4f4; margin: 5px 0; padding: 10px; border-radius: 5px; } .highlight-casatema-use-internal { font-weight: bold; } .image-container-casatema-use-internal, .img-casatema-use-internal { width: 100%; height: auto; } \/* CSS para os atributos *\/ .table-attr-casatema-use-internal { border-spacing: 0px; width: 100%; } .table-attr-casatema-use-internal tr:nth-child(even) { background: #ffffff; } .table-attr-casatema-use-internal tr:nth-child(odd) { background: #dfede9; } .td-left-attr-casatema-use-internal { padding: 10px; width: 30%; font-weight: bold; } .td-right-attr-casatema-use-internal { padding: 10px; width: 70%; } .div-left-attr-casatema-use-internal { width: 100%; } .div-right-attr-casatema-use-internal { width: 100%; } .div-group-attr-casatema-use-internal { padding-bottom: 10px; } @media (min-width: 1224px) { .div-left-attr-casatema-use-internal { width: 49%; float: left; } .div-right-attr-casatema-use-internal { width: 49%; float: right; } }     Ber\u00e7o 2 em 100% MDF Cabeceira Arredondada Afeto AREIA \/ AZUL PETROLEO. Ber\u00e7o Multifuncional que vira Mini Cama \u2013 Linha Afeto O Ber\u00e7o da Linha Afeto foi pensado para oferecer conforto, seguran\u00e7a e acompanhar cada fase do crescimento do beb\u00ea com muito charme. Com design delicado e atemporal, ele combina perfeitamente com ambientes aconchegantes, trazendo leveza atrav\u00e9s de seus tons suaves e acabamento refinado. Produzido em MDF de alta qualidade, o ber\u00e7o garante resist\u00eancia e durabilidade, al\u00e9m de transmitir seguran\u00e7a nos primeiros anos de vida. As grades laterais proporcionam ventila\u00e7\u00e3o ideal e visibilidade, mantendo o beb\u00ea sempre protegido. Um dos grandes diferenciais est\u00e1 na sua funcionalidade: o ber\u00e7o se transforma em mini cama, prolongando o uso do m\u00f3vel e acompanhando o desenvolvimento da crian\u00e7a. E para mais praticidade e seguran\u00e7a, a transforma\u00e7\u00e3o j\u00e1 acompanha as mini grades, oferecendo prote\u00e7\u00e3o adicional nessa fase de transi\u00e7\u00e3o. Destaques do produto: Design moderno e delicado Estrutura em MDF de alta qualidade Grades laterais seguras e bem espa\u00e7adas Acabamento em tons suaves e sofisticados Transforma-se em mini cama Acompanha mini grades para fase de transi\u00e7\u00e3o Ideal para quem busca um produto funcional, dur\u00e1vel e com est\u00e9tica acolhedora para o quarto do beb\u00ea.   Caracter\u00edsticasAmbiente PrincipalQuarto de Beb\u00eaBer\u00e7o 3 em 1N\u00e3oCapiton\u00eaN\u00e3oCor PredominanteBegeCor do ProdutoAREIA \/ AZUL PETR\u00d3LEOEstiloCl\u00e1ssicoEstrado Regul\u00e1vel em Quantas Posi\u00e7\u00f5es4Estrado com Regulagem de AlturaSimLinha ou Cole\u00e7\u00e3oLINHA AFETOMarcaSomniareMaterial da CabeceiraMDFMultifun\u00e7\u00e3o Flexber\u00e7o e mini camaOp\u00e7\u00f5es de Altura do Estrado4Origem do ProdutoNacionalPermite a Utiliza\u00e7\u00e3o de Cama AuxiliarN\u00e3oPintura At\u00f3xicaSimPort\u00e1tilN\u00e3oPossui GavetasN\u00e3oPossui PortasN\u00e3oPossui PrateleirasN\u00e3oPossui P\u00e9sSimPossui Rod\u00edzioN\u00e3oSapatas NiveladorasN\u00e3oSistema Anti-RefluxoN\u00e3oSuporta At\u00e9 (kg)70.0Tamanho do Colch\u00e3o Indicado (L x C)70 X 110Tipo de Ber\u00e7oBer\u00e7o AmericanoTipo de Certificado1Tipo de EstradoRemov\u00edvelTipo de Grade do Ber\u00e7oFixaDocumentos AdicionaisManual de Montagem e Instala\u00e7\u00e3oClique aqui para acessarGarantiaGarantia03 MesesItens InclusosAcompanha Cama AuxiliarN\u00e3oAcompanha Colch\u00e3oN\u00e3oAcompanha DosselN\u00e3oAcompanha M\u00f3bileN\u00e3oAcompanha Suporte para MosquiteiroN\u00e3oItens Inclusos1 Ber\u00e7o , Manual de Montagem,Kit FerragemMateriais e AcabamentosAcabamentoLacaAcabamento dos P\u00e9sLacaEscala de BrilhoSemi-FoscoMaterial PrincipalMDFMaterial da GradeMDFMaterial do EstradoMDFMaterial dos P\u00e9sMDFMontagemComplexidade da MontagemBaixa: pode ser montado por uma pessoa sozinhaNecessita MontagemSimRecomenda\u00e7\u00f5es de Uso, Manuten\u00e7\u00e3o e LimpezaUtilize um pano de algod\u00e3o macio e \u00famido; N\u00e3o utilize palha de a\u00e7o, ou qualquer produto de limpeza, como \u00e1lcool, solventes, objetos cortantes ou abrasivos.https:\/\/cdn2.madeiramadeira.com.br\/atributo\/somniare-moveis-infanto-juvenis\/3588519-5341-17782391219381.pdfSistema de Montagemparafuso, cavilhaPesos e Dimens\u00f5esAltura (cm)100.0Altura do Estrado at\u00e9 o Ch\u00e3o58.5Altura dos P\u00e9s6.0Largura (cm)134.1Peso (kg)57.0Profundidade (cm)80.0<\/p>\n<hr \/>\n<h4>Aproveite e pesquise o pre\u00e7o deste produto em dezenas de lojas dos marketplaces abaixo:<\/h4>\n<p><a href=\"https:\/\/www.magazinevoce.com.br\/magazineezu\/busca\/Ber\u00e7o 2 em 100% MDF Cabeceira Arredondada Afeto AREIA \/ AZUL PETROLEO\/\" target=\"_blank\" rel=\"noopener\"><img decoding=\"async\" src=\"https:\/\/bateroda.com.br\/marketplace\/logos\/magaezu.jpg\" alt=\"Pesquise no Magazine eZu\" \/> &#8211; Magazine eZu<\/a><\/p>\n<hr \/>\n<p><!-- START ADVERTISER: Webcontinental BR from awin.com --><\/p>\n<p><a href=\"https:\/\/www.awin1.com\/cread.php?awinmid=17743&#038;awinaffid=690303&#038;ued=https%3A%2F%2Fwww.webcontinental.com.br%2FBer\u00e7o 2 em 100% MDF Cabeceira Arredondada Afeto AREIA \/ AZUL PETROLEO%3F_q%3DBer\u00e7o 2 em 100% MDF Cabeceira Arredondada Afeto AREIA \/ AZUL PETROLEO%26map%3Dft\" rel=\"sponsored\"><img decoding=\"async\" src=\"https:\/\/lojawebcontinental.vtexassets.com\/arquivos\/logo-webcontinental-checkout.png\" border=\"0\" \/> &#8211; Loja Online.<\/a><\/p>\n<p><!-- END ADVERTISER: Webcontinental BR from awin.com --><\/p>\n","protected":false},"excerpt":{"rendered":"<p>R$ 1399.98 nas lojas <a href=\"https:\/\/www.awin1.com\/pclick.php?p=44999529514&#038;a=690303&#038;m=100453\" target=\"_blank\" rel=\"sponsored\">Casa Tema BR<\/a> <a class=\"more-link\" href=\"https:\/\/bonoro.com.br\/shop\/2026\/06\/berco-2-em-100-mdf-cabeceira-arredondada-afeto-areia-azul-petroleo-r-1399-98\/\">\u2192<\/a><\/p>\n","protected":false},"author":1,"featured_media":0,"comment_status":"closed","ping_status":"closed","sticky":false,"template":"","format":"standard","meta":{"footnotes":""},"categories":[198],"tags":[9911,45412,205],"class_list":["post-262037","post","type-post","status-publish","format-standard","hentry","category-produtos","tag-1399-98","tag-berco-2-em-100-mdf-cabeceira-arredondada-afeto-areia-azul-petroleo","tag-casa-tema-br"],"_links":{"self":[{"href":"https:\/\/bonoro.com.br\/shop\/wp-json\/wp\/v2\/posts\/262037","targetHints":{"allow":["GET"]}}],"collection":[{"href":"https:\/\/bonoro.com.br\/shop\/wp-json\/wp\/v2\/posts"}],"about":[{"href":"https:\/\/bonoro.com.br\/shop\/wp-json\/wp\/v2\/types\/post"}],"author":[{"embeddable":true,"href":"https:\/\/bonoro.com.br\/shop\/wp-json\/wp\/v2\/users\/1"}],"replies":[{"embeddable":true,"href":"https:\/\/bonoro.com.br\/shop\/wp-json\/wp\/v2\/comments?post=262037"}],"version-history":[{"count":0,"href":"https:\/\/bonoro.com.br\/shop\/wp-json\/wp\/v2\/posts\/262037\/revisions"}],"wp:attachment":[{"href":"https:\/\/bonoro.com.br\/shop\/wp-json\/wp\/v2\/media?parent=262037"}],"wp:term":[{"taxonomy":"category","embeddable":true,"href":"https:\/\/bonoro.com.br\/shop\/wp-json\/wp\/v2\/categories?post=262037"},{"taxonomy":"post_tag","embeddable":true,"href":"https:\/\/bonoro.com.br\/shop\/wp-json\/wp\/v2\/tags?post=262037"}],"curies":[{"name":"wp","href":"https:\/\/api.w.org\/{rel}","templated":true}]}}