{"id":261895,"date":"2026-06-29T08:22:55","date_gmt":"2026-06-29T08:22:55","guid":{"rendered":"https:\/\/bonoro.com.br\/shop\/2026\/06\/guarda-roupa-de-bebe-4-portas-com-janela-e-4-gavetas-156cm-100-mdf-maya-classico-espresso-moveis-off-white-amendoa-r-1912-48\/"},"modified":"2026-06-29T08:22:55","modified_gmt":"2026-06-29T08:22:55","slug":"guarda-roupa-de-bebe-4-portas-com-janela-e-4-gavetas-156cm-100-mdf-maya-classico-espresso-moveis-off-white-amendoa-r-1912-48","status":"publish","type":"post","link":"https:\/\/bonoro.com.br\/shop\/2026\/06\/guarda-roupa-de-bebe-4-portas-com-janela-e-4-gavetas-156cm-100-mdf-maya-classico-espresso-moveis-off-white-amendoa-r-1912-48\/","title":{"rendered":"Guarda-roupa de Beb\u00ea 4 Portas com Janela e 4 Gavetas 156cm 100% MDF Maya Cl\u00e1ssico Espresso M\u00f3veis Off White\/Am\u00eandoa &#8211; R$ 1912.48"},"content":{"rendered":"<h2><\/h2>\n<h3>Guarda-roupa de Beb\u00ea 4 Portas com Janela e 4 Gavetas 156cm 100% MDF Maya Cl\u00e1ssico Espresso M\u00f3veis Off White\/Am\u00eandoa teve o pre\u00e7o, no dia acima especificado, de <strong>R$ 1912.48<\/strong>.<\/h3>\n<p>Confira o pre\u00e7o atual aqui: <a href=\"https:\/\/www.awin1.com\/cread.php?awinmid=100453&#038;awinaffid=690303&#038;ued=https:\/\/www.casatema.com.br\/guarda-roupa-de-bebe-4-portas-4-gavetas-156cm-100--mdf-maya-espresso-moveis-off-white-amendoa\/p?idsku=632862525\" rel=\"sponsored\" target=\"_blank\"><img decoding=\"async\" src=\"https:\/\/ui.awin.com\/images\/upload\/merchant\/profile\/100453.png\" alt=\"Guarda-roupa de Beb\u00ea 4 Portas com Janela e 4 Gavetas 156cm 100% MDF Maya Cl\u00e1ssico Espresso M\u00f3veis Off White\/Am\u00eandoa\" \/> &#8211; nas lojas Casa Tema BR<\/a><\/p>\n<p><img decoding=\"async\" src=\"https:\/\/casatema.vteximg.com.br\/arquivos\/ids\/1458733_2\" alt=\"Guarda-roupa de Beb\u00ea 4 Portas com Janela e 4 Gavetas 156cm 100% MDF Maya Cl\u00e1ssico Espresso M\u00f3veis Off White\/Am\u00eandoa\" \/><br \/>\nGuarda-roupa de Beb\u00ea 4 Portas com Janela e 4 Gavetas 156cm 100% MDF Maya Cl\u00e1ssico Espresso M\u00f3veis Off White\/Am\u00eandoa  .body-casatema-use-internal { font-family: Arial, sans-serif; line-height: 1.6; } .container-casatema-use-internal { width: 80%; margin: 0 auto; padding: 20px; } .hx-casatema-use-internal { color: #333; } .ul-casatema-use-internal { list-style-type: none; padding: 0; } .li-casatema-use-internal { background: #f4f4f4; margin: 5px 0; padding: 10px; border-radius: 5px; } .highlight-casatema-use-internal { font-weight: bold; } .image-container-casatema-use-internal, .img-casatema-use-internal { width: 100%; height: auto; } \/* CSS para os atributos *\/ .table-attr-casatema-use-internal { border-spacing: 0px; width: 100%; } .table-attr-casatema-use-internal tr:nth-child(even) { background: #ffffff; } .table-attr-casatema-use-internal tr:nth-child(odd) { background: #dfede9; } .td-left-attr-casatema-use-internal { padding: 10px; width: 30%; font-weight: bold; } .td-right-attr-casatema-use-internal { padding: 10px; width: 70%; } .div-left-attr-casatema-use-internal { width: 100%; } .div-right-attr-casatema-use-internal { width: 100%; } .div-group-attr-casatema-use-internal { padding-bottom: 10px; } @media (min-width: 1224px) { .div-left-attr-casatema-use-internal { width: 49%; float: left; } .div-right-attr-casatema-use-internal { width: 49%; float: right; } }     Guarda-roupa de Beb\u00ea 4 Portas com Janela e 4 Gavetas 156cm 100% MDF Maya Cl\u00e1ssico Espresso M\u00f3veis Off White\/Am\u00eandoa. Transforme o quarto do seu beb\u00ea em um verdadeiro conto de fadas com a linha Maya. Com um design proven\u00e7al, \u00e9 elegante e atemporal, sendo cada pe\u00e7a cuidadosamente projetada para trazer charme e sofistica\u00e7\u00e3o ao ambiente. O guarda-roupas \u00e9 espa\u00e7oso e funcional, com detalhes cheios de eleg\u00e2ncia. Estrutura em 100% MDF e acabamento UV at\u00f3xico impec\u00e1vel. Tudo para oferecer a qualidade e o design que voc\u00ea procura para o quarto do seu beb\u00ea.   Caracter\u00edsticasAmbiente PrincipalQuarto InfantilCorOff White\/Am\u00eandoaCor InternaLinhoCor PredominanteBegeCor da PortaBegeCor do ProdutoOff White\/Am\u00eandoaEstiloProven\u00e7alFormato da Janela da PortaRet\u00e2nguloGaveta com ChaveN\u00e3oGuarda-Roupa Suporta At\u00e9 (kg)50.0Informa\u00e7\u00f5es Complementares (Novo)Cabideiros met\u00e1licos e Portas com Janela em PETG Cristal\/Acr\u00edlico.Pintura At\u00f3xica.Linha ou Cole\u00e7\u00e3oMaya Proven\u00e7alMarcaEspresso M\u00f3veisModularN\u00e3oNicho com CabideiroN\u00e3oOrigem do ProdutoNacionalPeso M\u00e1ximo por Gaveta4.0Peso M\u00e1ximo por Prateleira5.0Porta JaneladaSimPossui CabideirosSimPossui CalceirosN\u00e3oPossui CapelinhaN\u00e3oPossui Espa\u00e7o para Vestidos LongosN\u00e3oPossui Espelho InternoN\u00e3oPossui EspelhosN\u00e3oPossui GanchoN\u00e3oPossui GavetasSimPossui Ilumina\u00e7\u00e3oN\u00e3oPossui NichosN\u00e3oPossui Organizador de GavetaN\u00e3oPossui PenteadeiraN\u00e3oPossui PortasSimPossui PrateleirasSimPossui P\u00e9sSimPossui SapateiraN\u00e3oQuantidade de Cabideiros02 CabideirosQuantidade de EspelhosN\u00e3oQuantidade de Gavetas04 GavetasQuantidade de Portas4 PortasQuantidade de Prateleiras05 PrateleirasSapatas NiveladorasN\u00e3oSuporta At\u00e9 (kg)60.0Tipo de GavetaExternaTipo de Guarda-roupaBeb\u00eaTipo de PortaBaterTipo de Puxador da GavetaExternoTipo de Puxador da PortaExternoDocumentos AdicionaisManual de Montagem e Instala\u00e7\u00e3oClique aqui para acessarGarantiaGarantia03 MesesItens InclusosItens Inclusos1 Guarda Roupa, Kit Ferragens e Manual de MontagemMateriais e AcabamentosAcabamentoPintura UVAcabamento da GavetaPintura UVAcabamento da PortaPintura UVAcabamento da PrateleiraPintura UVAcabamento dos P\u00e9sPinturaEscala de BrilhoBrilhanteEscala de Brilho da GavetaBrilhanteEscala de Brilho da PortaBrilhanteEscala de Brilho da PrateleiraSemi-BrilhoMaterial PrincipalMDFMaterial da GavetaMDFMaterial da PortaMDFMaterial da PrateleiraMDFMaterial do Puxador da PortaPl\u00e1sticoMaterial dos P\u00e9sPl\u00e1sticoTipo de Corredi\u00e7a da GavetaMet\u00e1lica Telesc\u00f3picaTipo de Dobradi\u00e7a\/Corredi\u00e7a da PortaTelesc\u00f3picaMontagemComplexidade da MontagemAlta: deve ser montado por um montador especializadoMontagem FlexPode ser montado com ou sem os p\u00e9sNecessita MontagemSimRecomenda\u00e7\u00f5es de Uso, Manuten\u00e7\u00e3o e LimpezaPara limpeza utilizar somente pano limpo e macio, ligeiramente umedecido em \u00e1gua (apenas o bastante para remover a poeira), seguido de um pano seco.Sistema de MontagemParafusos autoatarraxantes, conjuntos minifix, cavilhas de madeira, acess\u00f3rios pl\u00e1sticos e met\u00e1licosOutras caracter\u00edsticasPossui EspelhoN\u00e3o PossuiPesos e Dimens\u00f5esAltura (cm)231.1Altura dos P\u00e9s6.0Espessura da Estrutura (mm)12.0Espessura das Portas (mm)15.0Espessura das Prateleiras (mm)15.0Espessura do Fundo (mm)3.0Espessura do Fundo das Gavetas (mm)3.0Largura (cm)156.8Peso (kg)115.1Profundidade (cm)49.3<\/p>\n<hr \/>\n<h4>Aproveite e pesquise o pre\u00e7o deste produto em dezenas de lojas dos marketplaces abaixo:<\/h4>\n<p><a href=\"https:\/\/www.magazinevoce.com.br\/magazineezu\/busca\/Guarda-roupa de Beb\u00ea 4 Portas com Janela e 4 Gavetas 156cm 100% MDF Maya Cl\u00e1ssico Espresso M\u00f3veis Off White\/Am\u00eandoa\/\" target=\"_blank\" rel=\"noopener\"><img decoding=\"async\" src=\"https:\/\/bateroda.com.br\/marketplace\/logos\/magaezu.jpg\" alt=\"Pesquise no Magazine eZu\" \/> &#8211; Magazine eZu<\/a><\/p>\n<hr \/>\n<p><!-- START ADVERTISER: Webcontinental BR from awin.com --><\/p>\n<p><a href=\"https:\/\/www.awin1.com\/cread.php?awinmid=17743&#038;awinaffid=690303&#038;ued=https%3A%2F%2Fwww.webcontinental.com.br%2FGuarda-roupa de Beb\u00ea 4 Portas com Janela e 4 Gavetas 156cm 100% MDF Maya Cl\u00e1ssico Espresso M\u00f3veis Off White\/Am\u00eandoa%3F_q%3DGuarda-roupa de Beb\u00ea 4 Portas com Janela e 4 Gavetas 156cm 100% MDF Maya Cl\u00e1ssico Espresso M\u00f3veis Off White\/Am\u00eandoa%26map%3Dft\" rel=\"sponsored\"><img decoding=\"async\" src=\"https:\/\/lojawebcontinental.vtexassets.com\/arquivos\/logo-webcontinental-checkout.png\" border=\"0\" \/> &#8211; Loja Online.<\/a><\/p>\n<p><!-- END ADVERTISER: Webcontinental BR from awin.com --><\/p>\n","protected":false},"excerpt":{"rendered":"<p>R$ 1912.48 nas lojas <a href=\"https:\/\/www.awin1.com\/pclick.php?p=44999529372&#038;a=690303&#038;m=100453\" target=\"_blank\" rel=\"sponsored\">Casa Tema BR<\/a> <a class=\"more-link\" href=\"https:\/\/bonoro.com.br\/shop\/2026\/06\/guarda-roupa-de-bebe-4-portas-com-janela-e-4-gavetas-156cm-100-mdf-maya-classico-espresso-moveis-off-white-amendoa-r-1912-48\/\">\u2192<\/a><\/p>\n","protected":false},"author":1,"featured_media":0,"comment_status":"closed","ping_status":"closed","sticky":false,"template":"","format":"standard","meta":{"footnotes":""},"categories":[198],"tags":[11886,205,45210],"class_list":["post-261895","post","type-post","status-publish","format-standard","hentry","category-produtos","tag-1912-48","tag-casa-tema-br","tag-guarda-roupa-de-bebe-4-portas-com-janela-e-4-gavetas-156cm-100-mdf-maya-classico-espresso-moveis-off-white-amendoa"],"_links":{"self":[{"href":"https:\/\/bonoro.com.br\/shop\/wp-json\/wp\/v2\/posts\/261895","targetHints":{"allow":["GET"]}}],"collection":[{"href":"https:\/\/bonoro.com.br\/shop\/wp-json\/wp\/v2\/posts"}],"about":[{"href":"https:\/\/bonoro.com.br\/shop\/wp-json\/wp\/v2\/types\/post"}],"author":[{"embeddable":true,"href":"https:\/\/bonoro.com.br\/shop\/wp-json\/wp\/v2\/users\/1"}],"replies":[{"embeddable":true,"href":"https:\/\/bonoro.com.br\/shop\/wp-json\/wp\/v2\/comments?post=261895"}],"version-history":[{"count":0,"href":"https:\/\/bonoro.com.br\/shop\/wp-json\/wp\/v2\/posts\/261895\/revisions"}],"wp:attachment":[{"href":"https:\/\/bonoro.com.br\/shop\/wp-json\/wp\/v2\/media?parent=261895"}],"wp:term":[{"taxonomy":"category","embeddable":true,"href":"https:\/\/bonoro.com.br\/shop\/wp-json\/wp\/v2\/categories?post=261895"},{"taxonomy":"post_tag","embeddable":true,"href":"https:\/\/bonoro.com.br\/shop\/wp-json\/wp\/v2\/tags?post=261895"}],"curies":[{"name":"wp","href":"https:\/\/api.w.org\/{rel}","templated":true}]}}