{"id":261886,"date":"2026-06-27T23:26:06","date_gmt":"2026-06-27T23:26:06","guid":{"rendered":"https:\/\/bonoro.com.br\/shop\/2026\/06\/guarda-roupa-casal-modulado-2-pecas-4-portas-jade-cabecasa-madeiramadeira-avela-r-3280-06\/"},"modified":"2026-06-27T23:26:06","modified_gmt":"2026-06-27T23:26:06","slug":"guarda-roupa-casal-modulado-2-pecas-4-portas-jade-cabecasa-madeiramadeira-avela-r-3280-06","status":"publish","type":"post","link":"https:\/\/bonoro.com.br\/shop\/2026\/06\/guarda-roupa-casal-modulado-2-pecas-4-portas-jade-cabecasa-madeiramadeira-avela-r-3280-06\/","title":{"rendered":"Guarda Roupa Casal Modulado 2 Pe\u00e7as 4 Portas Jade CabeCasa MadeiraMadeira Avel\u00e3 &#8211; R$ 3280.06"},"content":{"rendered":"<h2><\/h2>\n<h3>Guarda Roupa Casal Modulado 2 Pe\u00e7as 4 Portas Jade CabeCasa MadeiraMadeira Avel\u00e3 teve o pre\u00e7o, no dia acima especificado, de <strong>R$ 3280.06<\/strong>.<\/h3>\n<p>Confira o pre\u00e7o atual aqui: <a href=\"https:\/\/www.awin1.com\/cread.php?awinmid=100453&#038;awinaffid=690303&#038;ued=https:\/\/www.casatema.com.br\/guarda-roupa-casal-modulado-2-pecas-4-portas-jade-cabecasa-madeiramadeira-avela\/p?idsku=979110\" rel=\"sponsored\" target=\"_blank\"><img decoding=\"async\" src=\"https:\/\/ui.awin.com\/images\/upload\/merchant\/profile\/100453.png\" alt=\"Guarda Roupa Casal Modulado 2 Pe\u00e7as 4 Portas Jade CabeCasa MadeiraMadeira Avel\u00e3\" \/> &#8211; nas lojas Casa Tema BR<\/a><\/p>\n<p><img decoding=\"async\" src=\"https:\/\/casatema.vteximg.com.br\/arquivos\/ids\/1456545_2\" alt=\"Guarda Roupa Casal Modulado 2 Pe\u00e7as 4 Portas Jade CabeCasa MadeiraMadeira Avel\u00e3\" \/><br \/>\nGuarda Roupa Casal Modulado 2 Pe\u00e7as 4 Portas Jade CabeCasa MadeiraMadeira Avel\u00e3  .body-casatema-use-internal { font-family: Arial, sans-serif; line-height: 1.6; } .container-casatema-use-internal { width: 80%; margin: 0 auto; padding: 20px; } .hx-casatema-use-internal { color: #333; } .ul-casatema-use-internal { list-style-type: none; padding: 0; } .li-casatema-use-internal { background: #f4f4f4; margin: 5px 0; padding: 10px; border-radius: 5px; } .highlight-casatema-use-internal { font-weight: bold; } .image-container-casatema-use-internal, .img-casatema-use-internal { width: 100%; height: auto; } \/* CSS para os atributos *\/ .table-attr-casatema-use-internal { border-spacing: 0px; width: 100%; } .table-attr-casatema-use-internal tr:nth-child(even) { background: #ffffff; } .table-attr-casatema-use-internal tr:nth-child(odd) { background: #dfede9; } .td-left-attr-casatema-use-internal { padding: 10px; width: 30%; font-weight: bold; } .td-right-attr-casatema-use-internal { padding: 10px; width: 70%; } .div-left-attr-casatema-use-internal { width: 100%; } .div-right-attr-casatema-use-internal { width: 100%; } .div-group-attr-casatema-use-internal { padding-bottom: 10px; } @media (min-width: 1224px) { .div-left-attr-casatema-use-internal { width: 49%; float: left; } .div-right-attr-casatema-use-internal { width: 49%; float: right; } }     Guarda Roupa Casal Modulado 2 Pe\u00e7as 4 Portas Jade CabeCasa MadeiraMadeira Avel\u00e3. Apresentamos nossa nova linha de m\u00f3veis modulados para quarto, a linha Jade Cabecasa MadeiraMadeira, combinando versatilidade e estilo para se adaptar perfeitamente a qualquer espa\u00e7o. Com design inteligente e funcionalidade em mente, nossa cole\u00e7\u00e3o oferece solu\u00e7\u00f5es de armazenamento personaliz\u00e1veis para criar um ambiente acolhedor e organizado, independentemente do tamanho do espa\u00e7o dispon\u00edvel. D\u00ea asas \u00e0 sua criatividade e organize seus pertences de forma eficiente com o M\u00f3dulo de Guarda Roupa Jade, projetado especificamente para atender \u00e0s suas necessidades de armazenamento. Com prateleiras espa\u00e7osas, este guarda roupa oferece a liberdade de personalizar seu espa\u00e7o de acordo com suas prefer\u00eancias. Seja para exibir suas cole\u00e7\u00f5es, guardar roupas ou organizar itens pessoais, nossas prateleiras proporcionam funcionalidade e estilo incompar\u00e1veis. Fabricado em MDP oferece uma base s\u00f3lida e resistente, enquanto o MDF dos puxadores proporciona uma superf\u00edcie suave e usinagem personalizada sofisticada. Essa combina\u00e7\u00e3o \u00fanica garante n\u00e3o apenas durabilidade excepcional, mas tamb\u00e9m uma est\u00e9tica luxuosa que traz identidade e eleg\u00e2ncia ao seu espa\u00e7o. Explore a Versatilidade: Use Nosso Guarda Roupa sem Portas como um Closet Aberto! Nosso Guarda Roupa foi projetado para se adaptar ao seu estilo de vida. Com a op\u00e7\u00e3o de remover as portas, transforme facilmente seu Guarda Roupa em um closet aberto, exibindo suas roupas favoritas de forma elegante e acess\u00edvel. Aproveite ao m\u00e1ximo o espa\u00e7o e adicione um toque de modernidade ao seu ambiente, permitindo que seu estilo brilhe sem limites.   Caracter\u00edsticasAmbiente PrincipalQuartoCorAvel\u00e3Cor PredominanteMarromCor do ProdutoAvel\u00e3Fabrica\u00e7\u00e3o Pr\u00f3priaSimLinha ou Cole\u00e7\u00e3oJade Cabecasa MadeiraMadeiraMarcaCabeCasa MadeiraMadeiraModularSimPossui CabideirosSimPossui PortasN\u00e3oPossui P\u00e9sN\u00e3oQuantidade de GavetasN\u00e3o PossuiQuantidade de Portas4 PortasQuantidade de PrateleirasN\u00e3o PossuiSuporta At\u00e9 (kg)40.0Tipo de Guarda-roupaModuladoTipo de PortaCorrerGarantiaGarantia24 MesesMateriais e AcabamentosAcabamentoPintura UVMaterial PrincipalMDPMontagemNecessita MontagemSimOutras caracter\u00edsticasAmbientenull<\/p>\n<hr \/>\n<h4>Aproveite e pesquise o pre\u00e7o deste produto em dezenas de lojas dos marketplaces abaixo:<\/h4>\n<p><a href=\"https:\/\/www.magazinevoce.com.br\/magazineezu\/busca\/Guarda Roupa Casal Modulado 2 Pe\u00e7as 4 Portas Jade CabeCasa MadeiraMadeira Avel\u00e3\/\" target=\"_blank\" rel=\"noopener\"><img decoding=\"async\" src=\"https:\/\/bateroda.com.br\/marketplace\/logos\/magaezu.jpg\" alt=\"Pesquise no Magazine eZu\" \/> &#8211; Magazine eZu<\/a><\/p>\n<hr \/>\n<p><!-- START ADVERTISER: Webcontinental BR from awin.com --><\/p>\n<p><a href=\"https:\/\/www.awin1.com\/cread.php?awinmid=17743&#038;awinaffid=690303&#038;ued=https%3A%2F%2Fwww.webcontinental.com.br%2FGuarda Roupa Casal Modulado 2 Pe\u00e7as 4 Portas Jade CabeCasa MadeiraMadeira Avel\u00e3%3F_q%3DGuarda Roupa Casal Modulado 2 Pe\u00e7as 4 Portas Jade CabeCasa MadeiraMadeira Avel\u00e3%26map%3Dft\" rel=\"sponsored\"><img decoding=\"async\" src=\"https:\/\/lojawebcontinental.vtexassets.com\/arquivos\/logo-webcontinental-checkout.png\" border=\"0\" \/> &#8211; Loja Online.<\/a><\/p>\n<p><!-- END ADVERTISER: Webcontinental BR from awin.com --><\/p>\n","protected":false},"excerpt":{"rendered":"<p>R$ 3280.06 nas lojas <a href=\"https:\/\/www.awin1.com\/pclick.php?p=44999529363&#038;a=690303&#038;m=100453\" target=\"_blank\" rel=\"sponsored\">Casa Tema BR<\/a> <a class=\"more-link\" href=\"https:\/\/bonoro.com.br\/shop\/2026\/06\/guarda-roupa-casal-modulado-2-pecas-4-portas-jade-cabecasa-madeiramadeira-avela-r-3280-06\/\">\u2192<\/a><\/p>\n","protected":false},"author":1,"featured_media":0,"comment_status":"closed","ping_status":"closed","sticky":false,"template":"","format":"standard","meta":{"footnotes":""},"categories":[198],"tags":[45135,205,45194],"class_list":["post-261886","post","type-post","status-publish","format-standard","hentry","category-produtos","tag-3280-06","tag-casa-tema-br","tag-guarda-roupa-casal-modulado-2-pecas-4-portas-jade-cabecasa-madeiramadeira-avela"],"_links":{"self":[{"href":"https:\/\/bonoro.com.br\/shop\/wp-json\/wp\/v2\/posts\/261886","targetHints":{"allow":["GET"]}}],"collection":[{"href":"https:\/\/bonoro.com.br\/shop\/wp-json\/wp\/v2\/posts"}],"about":[{"href":"https:\/\/bonoro.com.br\/shop\/wp-json\/wp\/v2\/types\/post"}],"author":[{"embeddable":true,"href":"https:\/\/bonoro.com.br\/shop\/wp-json\/wp\/v2\/users\/1"}],"replies":[{"embeddable":true,"href":"https:\/\/bonoro.com.br\/shop\/wp-json\/wp\/v2\/comments?post=261886"}],"version-history":[{"count":0,"href":"https:\/\/bonoro.com.br\/shop\/wp-json\/wp\/v2\/posts\/261886\/revisions"}],"wp:attachment":[{"href":"https:\/\/bonoro.com.br\/shop\/wp-json\/wp\/v2\/media?parent=261886"}],"wp:term":[{"taxonomy":"category","embeddable":true,"href":"https:\/\/bonoro.com.br\/shop\/wp-json\/wp\/v2\/categories?post=261886"},{"taxonomy":"post_tag","embeddable":true,"href":"https:\/\/bonoro.com.br\/shop\/wp-json\/wp\/v2\/tags?post=261886"}],"curies":[{"name":"wp","href":"https:\/\/api.w.org\/{rel}","templated":true}]}}