{"id":261881,"date":"2026-06-29T23:07:06","date_gmt":"2026-06-29T23:07:06","guid":{"rendered":"https:\/\/bonoro.com.br\/shop\/2026\/06\/sofa-modular-2-lugares-boucle-orla-190cm-cabecasa-madeiraoriginals-verde-agua-verde-agua-r-5951-93\/"},"modified":"2026-06-29T23:07:06","modified_gmt":"2026-06-29T23:07:06","slug":"sofa-modular-2-lugares-boucle-orla-190cm-cabecasa-madeiraoriginals-verde-agua-verde-agua-r-5951-93","status":"publish","type":"post","link":"https:\/\/bonoro.com.br\/shop\/2026\/06\/sofa-modular-2-lugares-boucle-orla-190cm-cabecasa-madeiraoriginals-verde-agua-verde-agua-r-5951-93\/","title":{"rendered":"Sof\u00e1 Modular 2 Lugares Boucl\u00e9 Orla 190cm CabeCasa MadeiraOriginals Verde \u00c1gua Verde \u00c1gua &#8211; R$ 5951.93"},"content":{"rendered":"<h2><\/h2>\n<h3>Sof\u00e1 Modular 2 Lugares Boucl\u00e9 Orla 190cm CabeCasa MadeiraOriginals Verde \u00c1gua Verde \u00c1gua teve o pre\u00e7o, no dia acima especificado, de <strong>R$ 5951.93<\/strong>.<\/h3>\n<p>Confira o pre\u00e7o atual aqui: <a href=\"https:\/\/www.awin1.com\/cread.php?awinmid=100453&#038;awinaffid=690303&#038;ued=https:\/\/www.casatema.com.br\/sofa-modular-2-lugares-boucle-orla-190cm-cabecasa-madeiraoriginals-verde-agua\/p?idsku=712347792\" rel=\"sponsored\" target=\"_blank\"><img decoding=\"async\" src=\"https:\/\/ui.awin.com\/images\/upload\/merchant\/profile\/100453.png\" alt=\"Sof\u00e1 Modular 2 Lugares Boucl\u00e9 Orla 190cm CabeCasa MadeiraOriginals Verde \u00c1gua Verde \u00c1gua\" \/> &#8211; nas lojas Casa Tema BR<\/a><\/p>\n<p><img decoding=\"async\" src=\"https:\/\/casatema.vteximg.com.br\/arquivos\/ids\/1456158_2\" alt=\"Sof\u00e1 Modular 2 Lugares Boucl\u00e9 Orla 190cm CabeCasa MadeiraOriginals Verde \u00c1gua Verde \u00c1gua\" \/><br \/>\nSof\u00e1 Modular 2 Lugares Boucl\u00e9 Orla 190cm CabeCasa MadeiraOriginals Verde \u00c1gua Verde \u00c1gua  .body-casatema-use-internal { font-family: Arial, sans-serif; line-height: 1.6; } .container-casatema-use-internal { width: 80%; margin: 0 auto; padding: 20px; } .hx-casatema-use-internal { color: #333; } .ul-casatema-use-internal { list-style-type: none; padding: 0; } .li-casatema-use-internal { background: #f4f4f4; margin: 5px 0; padding: 10px; border-radius: 5px; } .highlight-casatema-use-internal { font-weight: bold; } .image-container-casatema-use-internal, .img-casatema-use-internal { width: 100%; height: auto; } \/* CSS para os atributos *\/ .table-attr-casatema-use-internal { border-spacing: 0px; width: 100%; } .table-attr-casatema-use-internal tr:nth-child(even) { background: #ffffff; } .table-attr-casatema-use-internal tr:nth-child(odd) { background: #dfede9; } .td-left-attr-casatema-use-internal { padding: 10px; width: 30%; font-weight: bold; } .td-right-attr-casatema-use-internal { padding: 10px; width: 70%; } .div-left-attr-casatema-use-internal { width: 100%; } .div-right-attr-casatema-use-internal { width: 100%; } .div-group-attr-casatema-use-internal { padding-bottom: 10px; } @media (min-width: 1224px) { .div-left-attr-casatema-use-internal { width: 49%; float: left; } .div-right-attr-casatema-use-internal { width: 49%; float: right; } }     Sof\u00e1 Modular 2 Lugares Boucl\u00e9 Orla 190cm CabeCasa MadeiraOriginals Verde \u00c1gua Verde \u00c1gua. O Sof\u00e1 Modular Orla combina design org\u00e2nico e conforto extraordin\u00e1rio, trazendo a sofistica\u00e7\u00e3o da natureza para sua sala. Com curvas fluidas e equilibradas, ele cria um ref\u00fagio de eleg\u00e2ncia e acolhimento. A estrutura em eucalipto de reflorestamento garante durabilidade e sustentabilidade. O assento possui um sistema de conforto triplo, com percintas italianas, molas e espumas de alta performance, oferecendo suporte e maciez inigual\u00e1veis. O encosto, com fibra siliconada, abra\u00e7a o corpo para um relaxamento imediato. Totalmente modular, seu sistema de engate r\u00e1pido met\u00e1lico permite reorganizar os m\u00f3dulos com facilidade, adaptando o layout ao seu gosto. Os p\u00e9s de madeira de 3 cm adicionam um toque final de solidez e design sofisticado, elevando o estilo do seu ambiente.   Caracter\u00edsticasAmbienteSala de EstarAmbiente PrincipalSala de EstarCorVerde \u00c1guaCor PredominanteVerdeCor do ProdutoVerde \u00c1guaDensidade do AssentoD-23Enchimento do AssentoEspumaEstiloModernoEstilo de Bra\u00e7oBra\u00e7os RedondosFabrica\u00e7\u00e3o Pr\u00f3priaSimFirmeza do AssentoMacioLinha ou Cole\u00e7\u00e3oOrlaMarcaCabeCasa MadeiraMadeiraOrigem do ProdutoNacionalPet FriendlyN\u00e3oPossui MolaSimPossui Percintas El\u00e1sticasSimPossui P\u00e9sSimPossui Rod\u00edzioN\u00e3oSuporta At\u00e9 (kg)120.0Tecido PredominanteBoucl\u00e9Tipo de EncostoFixoTipo de MolaMolas Ensacadas (Pocket)Tipo de Sof\u00e1Conjuntos de Sof\u00e1sGarantiaGarantia24 MesesItens InclusosItens Inclusos1 Modulo Esquerdo, 1 Modulo Direito e Manual de MontagemMateriais e AcabamentosMaterial da EstruturaMadeira EucaliptoMaterial dos P\u00e9sMadeira Maci\u00e7aRevestimento do Bra\u00e7oBoucl\u00e9MontagemNecessita MontagemN\u00e3oRecomenda\u00e7\u00f5es de Uso, Manuten\u00e7\u00e3o e LimpezaUsar detergente neutro e secar a sombraOutras caracter\u00edsticasAmbientenullPesos e Dimens\u00f5esAltura (cm)76.0Altura do Encosto30.0Altura dos P\u00e9s2.5Largura (cm)190.0Profundidade (cm)100.0<\/p>\n<hr \/>\n<h4>Aproveite e pesquise o pre\u00e7o deste produto em dezenas de lojas dos marketplaces abaixo:<\/h4>\n<p><a href=\"https:\/\/www.magazinevoce.com.br\/magazineezu\/busca\/Sof\u00e1 Modular 2 Lugares Boucl\u00e9 Orla 190cm CabeCasa MadeiraOriginals Verde \u00c1gua Verde \u00c1gua\/\" target=\"_blank\" rel=\"noopener\"><img decoding=\"async\" src=\"https:\/\/bateroda.com.br\/marketplace\/logos\/magaezu.jpg\" alt=\"Pesquise no Magazine eZu\" \/> &#8211; Magazine eZu<\/a><\/p>\n<hr \/>\n<p><!-- START ADVERTISER: Webcontinental BR from awin.com --><\/p>\n<p><a href=\"https:\/\/www.awin1.com\/cread.php?awinmid=17743&#038;awinaffid=690303&#038;ued=https%3A%2F%2Fwww.webcontinental.com.br%2FSof\u00e1 Modular 2 Lugares Boucl\u00e9 Orla 190cm CabeCasa MadeiraOriginals Verde \u00c1gua Verde \u00c1gua%3F_q%3DSof\u00e1 Modular 2 Lugares Boucl\u00e9 Orla 190cm CabeCasa MadeiraOriginals Verde \u00c1gua Verde \u00c1gua%26map%3Dft\" rel=\"sponsored\"><img decoding=\"async\" src=\"https:\/\/lojawebcontinental.vtexassets.com\/arquivos\/logo-webcontinental-checkout.png\" border=\"0\" \/> &#8211; Loja Online.<\/a><\/p>\n<p><!-- END ADVERTISER: Webcontinental BR from awin.com --><\/p>\n","protected":false},"excerpt":{"rendered":"<p>R$ 5951.93 nas lojas <a href=\"https:\/\/www.awin1.com\/pclick.php?p=44999529358&#038;a=690303&#038;m=100453\" target=\"_blank\" rel=\"sponsored\">Casa Tema BR<\/a> <a class=\"more-link\" href=\"https:\/\/bonoro.com.br\/shop\/2026\/06\/sofa-modular-2-lugares-boucle-orla-190cm-cabecasa-madeiraoriginals-verde-agua-verde-agua-r-5951-93\/\">\u2192<\/a><\/p>\n","protected":false},"author":1,"featured_media":0,"comment_status":"closed","ping_status":"closed","sticky":false,"template":"","format":"standard","meta":{"footnotes":""},"categories":[198],"tags":[45185,205,45184],"class_list":["post-261881","post","type-post","status-publish","format-standard","hentry","category-produtos","tag-5951-93","tag-casa-tema-br","tag-sofa-modular-2-lugares-boucle-orla-190cm-cabecasa-madeiraoriginals-verde-agua-verde-agua"],"_links":{"self":[{"href":"https:\/\/bonoro.com.br\/shop\/wp-json\/wp\/v2\/posts\/261881","targetHints":{"allow":["GET"]}}],"collection":[{"href":"https:\/\/bonoro.com.br\/shop\/wp-json\/wp\/v2\/posts"}],"about":[{"href":"https:\/\/bonoro.com.br\/shop\/wp-json\/wp\/v2\/types\/post"}],"author":[{"embeddable":true,"href":"https:\/\/bonoro.com.br\/shop\/wp-json\/wp\/v2\/users\/1"}],"replies":[{"embeddable":true,"href":"https:\/\/bonoro.com.br\/shop\/wp-json\/wp\/v2\/comments?post=261881"}],"version-history":[{"count":0,"href":"https:\/\/bonoro.com.br\/shop\/wp-json\/wp\/v2\/posts\/261881\/revisions"}],"wp:attachment":[{"href":"https:\/\/bonoro.com.br\/shop\/wp-json\/wp\/v2\/media?parent=261881"}],"wp:term":[{"taxonomy":"category","embeddable":true,"href":"https:\/\/bonoro.com.br\/shop\/wp-json\/wp\/v2\/categories?post=261881"},{"taxonomy":"post_tag","embeddable":true,"href":"https:\/\/bonoro.com.br\/shop\/wp-json\/wp\/v2\/tags?post=261881"}],"curies":[{"name":"wp","href":"https:\/\/api.w.org\/{rel}","templated":true}]}}