{"id":261850,"date":"2026-06-28T15:51:39","date_gmt":"2026-06-28T15:51:39","guid":{"rendered":"https:\/\/bonoro.com.br\/shop\/2026\/06\/conjunto-lavanderia-modulada-3-pecas-sem-tampo-sem-rodape-ipanema-cabecasa-madeiramadeira-grafite-trama-r-3250-52\/"},"modified":"2026-06-28T15:51:39","modified_gmt":"2026-06-28T15:51:39","slug":"conjunto-lavanderia-modulada-3-pecas-sem-tampo-sem-rodape-ipanema-cabecasa-madeiramadeira-grafite-trama-r-3250-52","status":"publish","type":"post","link":"https:\/\/bonoro.com.br\/shop\/2026\/06\/conjunto-lavanderia-modulada-3-pecas-sem-tampo-sem-rodape-ipanema-cabecasa-madeiramadeira-grafite-trama-r-3250-52\/","title":{"rendered":"Conjunto Lavanderia Modulada 3 Pe\u00e7as sem Tampo sem Rodap\u00e9 Ipanema CabeCasa MadeiraMadeira Grafite Trama &#8211; R$ 3250.52"},"content":{"rendered":"<h2><\/h2>\n<h3>Conjunto Lavanderia Modulada 3 Pe\u00e7as sem Tampo sem Rodap\u00e9 Ipanema CabeCasa MadeiraMadeira Grafite Trama teve o pre\u00e7o, no dia acima especificado, de <strong>R$ 3250.52<\/strong>.<\/h3>\n<p>Confira o pre\u00e7o atual aqui: <a href=\"https:\/\/www.awin1.com\/cread.php?awinmid=100453&#038;awinaffid=690303&#038;ued=https:\/\/www.casatema.com.br\/conjunto-lavanderia-modulada-3-pecas-sem-tampo-sem-rodape-ipanema-cabecasa-madeiramadeira-grafite-trama\/p?idsku=973581\" rel=\"sponsored\" target=\"_blank\"><img decoding=\"async\" src=\"https:\/\/ui.awin.com\/images\/upload\/merchant\/profile\/100453.png\" alt=\"Conjunto Lavanderia Modulada 3 Pe\u00e7as sem Tampo sem Rodap\u00e9 Ipanema CabeCasa MadeiraMadeira Grafite Trama\" \/> &#8211; nas lojas Casa Tema BR<\/a><\/p>\n<p><img decoding=\"async\" src=\"https:\/\/casatema.vteximg.com.br\/arquivos\/ids\/1455798_2\" alt=\"Conjunto Lavanderia Modulada 3 Pe\u00e7as sem Tampo sem Rodap\u00e9 Ipanema CabeCasa MadeiraMadeira Grafite Trama\" \/><br \/>\nConjunto Lavanderia Modulada 3 Pe\u00e7as sem Tampo sem Rodap\u00e9 Ipanema CabeCasa MadeiraMadeira Grafite Trama  .body-casatema-use-internal { font-family: Arial, sans-serif; line-height: 1.6; } .container-casatema-use-internal { width: 80%; margin: 0 auto; padding: 20px; } .hx-casatema-use-internal { color: #333; } .ul-casatema-use-internal { list-style-type: none; padding: 0; } .li-casatema-use-internal { background: #f4f4f4; margin: 5px 0; padding: 10px; border-radius: 5px; } .highlight-casatema-use-internal { font-weight: bold; } .image-container-casatema-use-internal, .img-casatema-use-internal { width: 100%; height: auto; } \/* CSS para os atributos *\/ .table-attr-casatema-use-internal { border-spacing: 0px; width: 100%; } .table-attr-casatema-use-internal tr:nth-child(even) { background: #ffffff; } .table-attr-casatema-use-internal tr:nth-child(odd) { background: #dfede9; } .td-left-attr-casatema-use-internal { padding: 10px; width: 30%; font-weight: bold; } .td-right-attr-casatema-use-internal { padding: 10px; width: 70%; } .div-left-attr-casatema-use-internal { width: 100%; } .div-right-attr-casatema-use-internal { width: 100%; } .div-group-attr-casatema-use-internal { padding-bottom: 10px; } @media (min-width: 1224px) { .div-left-attr-casatema-use-internal { width: 49%; float: left; } .div-right-attr-casatema-use-internal { width: 49%; float: right; } }     Conjunto Lavanderia Modulada 3 Pe\u00e7as sem Tampo sem Rodap\u00e9 Ipanema CabeCasa MadeiraMadeira Grafite Trama. A Lavanderia Ipanema \u00e9 um conjunto de m\u00f3veis com design moderno e elegante, projetada com materiais de alta qualidade e resist\u00eancia, proporcionando durabilidade e praticidade no uso di\u00e1rio. Al\u00e9m disso, oferece versatilidade e funcionalidade, proporcionando op\u00e7\u00f5es de armazenamento adequadas que facilitam as tarefas cotidianas na lavanderia. Com essa combina\u00e7\u00e3o de atributos, a Lavanderia Ipanema \u00e9 uma escolha pr\u00e1tica e funcional para quem valoriza organiza\u00e7\u00e3o e estilo em sua casa.   Caracter\u00edsticasAcompanha Rodap\u00e9 DecorativoN\u00e3oAmbiente Principal\u00c1rea de Servi\u00e7oCorGrafite TramaCor PredominanteCinzaCor do ProdutoGrafite TramaFabrica\u00e7\u00e3o Pr\u00f3priaSimLinha ou Cole\u00e7\u00e3oIpanemaMarcaCabeCasa MadeiraMadeiraModularSimPossui GavetasSimPossui PortasSimPossui P\u00e9sSimPossui Rod\u00edzioN\u00e3oQuantidade de Portas6 PortasQuantidade de PrateleirasN\u00e3o PossuiGarantiaGarantia5 AnosItens InclusosAcompanha TampoN\u00e3oMateriais e AcabamentosAcabamentoBP Melam\u00ednicoMaterial PrincipalMDPMontagemNecessita MontagemSimOutras caracter\u00edsticasAmbientenull<\/p>\n<hr \/>\n<h4>Aproveite e pesquise o pre\u00e7o deste produto em dezenas de lojas dos marketplaces abaixo:<\/h4>\n<p><a href=\"https:\/\/www.magazinevoce.com.br\/magazineezu\/busca\/Conjunto Lavanderia Modulada 3 Pe\u00e7as sem Tampo sem Rodap\u00e9 Ipanema CabeCasa MadeiraMadeira Grafite Trama\/\" target=\"_blank\" rel=\"noopener\"><img decoding=\"async\" src=\"https:\/\/bateroda.com.br\/marketplace\/logos\/magaezu.jpg\" alt=\"Pesquise no Magazine eZu\" \/> &#8211; Magazine eZu<\/a><\/p>\n<hr \/>\n<p><!-- START ADVERTISER: Webcontinental BR from awin.com --><\/p>\n<p><a href=\"https:\/\/www.awin1.com\/cread.php?awinmid=17743&#038;awinaffid=690303&#038;ued=https%3A%2F%2Fwww.webcontinental.com.br%2FConjunto Lavanderia Modulada 3 Pe\u00e7as sem Tampo sem Rodap\u00e9 Ipanema CabeCasa MadeiraMadeira Grafite Trama%3F_q%3DConjunto Lavanderia Modulada 3 Pe\u00e7as sem Tampo sem Rodap\u00e9 Ipanema CabeCasa MadeiraMadeira Grafite Trama%26map%3Dft\" rel=\"sponsored\"><img decoding=\"async\" src=\"https:\/\/lojawebcontinental.vtexassets.com\/arquivos\/logo-webcontinental-checkout.png\" border=\"0\" \/> &#8211; Loja Online.<\/a><\/p>\n<p><!-- END ADVERTISER: Webcontinental BR from awin.com --><\/p>\n","protected":false},"excerpt":{"rendered":"<p>R$ 3250.52 nas lojas <a href=\"https:\/\/www.awin1.com\/pclick.php?p=44999529327&#038;a=690303&#038;m=100453\" target=\"_blank\" rel=\"sponsored\">Casa Tema BR<\/a> <a class=\"more-link\" href=\"https:\/\/bonoro.com.br\/shop\/2026\/06\/conjunto-lavanderia-modulada-3-pecas-sem-tampo-sem-rodape-ipanema-cabecasa-madeiramadeira-grafite-trama-r-3250-52\/\">\u2192<\/a><\/p>\n","protected":false},"author":1,"featured_media":0,"comment_status":"closed","ping_status":"closed","sticky":false,"template":"","format":"standard","meta":{"footnotes":""},"categories":[198],"tags":[45125,205,45124],"class_list":["post-261850","post","type-post","status-publish","format-standard","hentry","category-produtos","tag-3250-52","tag-casa-tema-br","tag-conjunto-lavanderia-modulada-3-pecas-sem-tampo-sem-rodape-ipanema-cabecasa-madeiramadeira-grafite-trama"],"_links":{"self":[{"href":"https:\/\/bonoro.com.br\/shop\/wp-json\/wp\/v2\/posts\/261850","targetHints":{"allow":["GET"]}}],"collection":[{"href":"https:\/\/bonoro.com.br\/shop\/wp-json\/wp\/v2\/posts"}],"about":[{"href":"https:\/\/bonoro.com.br\/shop\/wp-json\/wp\/v2\/types\/post"}],"author":[{"embeddable":true,"href":"https:\/\/bonoro.com.br\/shop\/wp-json\/wp\/v2\/users\/1"}],"replies":[{"embeddable":true,"href":"https:\/\/bonoro.com.br\/shop\/wp-json\/wp\/v2\/comments?post=261850"}],"version-history":[{"count":0,"href":"https:\/\/bonoro.com.br\/shop\/wp-json\/wp\/v2\/posts\/261850\/revisions"}],"wp:attachment":[{"href":"https:\/\/bonoro.com.br\/shop\/wp-json\/wp\/v2\/media?parent=261850"}],"wp:term":[{"taxonomy":"category","embeddable":true,"href":"https:\/\/bonoro.com.br\/shop\/wp-json\/wp\/v2\/categories?post=261850"},{"taxonomy":"post_tag","embeddable":true,"href":"https:\/\/bonoro.com.br\/shop\/wp-json\/wp\/v2\/tags?post=261850"}],"curies":[{"name":"wp","href":"https:\/\/api.w.org\/{rel}","templated":true}]}}