{"id":261801,"date":"2026-06-28T23:26:38","date_gmt":"2026-06-28T23:26:38","guid":{"rendered":"https:\/\/bonoro.com.br\/shop\/2026\/06\/guarda-roupa-modulado-2-portas-reflecta-com-prateleiras-jade-cabecasa-madeiramadeira-cinza-urbano-r-3036-71\/"},"modified":"2026-06-28T23:26:38","modified_gmt":"2026-06-28T23:26:38","slug":"guarda-roupa-modulado-2-portas-reflecta-com-prateleiras-jade-cabecasa-madeiramadeira-cinza-urbano-r-3036-71","status":"publish","type":"post","link":"https:\/\/bonoro.com.br\/shop\/2026\/06\/guarda-roupa-modulado-2-portas-reflecta-com-prateleiras-jade-cabecasa-madeiramadeira-cinza-urbano-r-3036-71\/","title":{"rendered":"Guarda Roupa Modulado 2 Portas Reflecta com Prateleiras Jade CabeCasa MadeiraMadeira Cinza Urbano &#8211; R$ 3036.71"},"content":{"rendered":"<h2><\/h2>\n<h3>Guarda Roupa Modulado 2 Portas Reflecta com Prateleiras Jade CabeCasa MadeiraMadeira Cinza Urbano teve o pre\u00e7o, no dia acima especificado, de <strong>R$ 3036.71<\/strong>.<\/h3>\n<p>Confira o pre\u00e7o atual aqui: <a href=\"https:\/\/www.awin1.com\/cread.php?awinmid=100453&#038;awinaffid=690303&#038;ued=https:\/\/www.casatema.com.br\/guarda-roupa-modulado-2-portas-reflecta-com-prateleiras-jade-cabecasa-madeiramadeira-cinza-urbano\/p?idsku=322479845\" rel=\"sponsored\" target=\"_blank\"><img decoding=\"async\" src=\"https:\/\/ui.awin.com\/images\/upload\/merchant\/profile\/100453.png\" alt=\"Guarda Roupa Modulado 2 Portas Reflecta com Prateleiras Jade CabeCasa MadeiraMadeira Cinza Urbano\" \/> &#8211; nas lojas Casa Tema BR<\/a><\/p>\n<p><img decoding=\"async\" src=\"https:\/\/casatema.vteximg.com.br\/arquivos\/ids\/1454783_2\" alt=\"Guarda Roupa Modulado 2 Portas Reflecta com Prateleiras Jade CabeCasa MadeiraMadeira Cinza Urbano\" \/><br \/>\nGuarda Roupa Modulado 2 Portas Reflecta com Prateleiras Jade CabeCasa MadeiraMadeira Cinza Urbano  .body-casatema-use-internal { font-family: Arial, sans-serif; line-height: 1.6; } .container-casatema-use-internal { width: 80%; margin: 0 auto; padding: 20px; } .hx-casatema-use-internal { color: #333; } .ul-casatema-use-internal { list-style-type: none; padding: 0; } .li-casatema-use-internal { background: #f4f4f4; margin: 5px 0; padding: 10px; border-radius: 5px; } .highlight-casatema-use-internal { font-weight: bold; } .image-container-casatema-use-internal, .img-casatema-use-internal { width: 100%; height: auto; } \/* CSS para os atributos *\/ .table-attr-casatema-use-internal { border-spacing: 0px; width: 100%; } .table-attr-casatema-use-internal tr:nth-child(even) { background: #ffffff; } .table-attr-casatema-use-internal tr:nth-child(odd) { background: #dfede9; } .td-left-attr-casatema-use-internal { padding: 10px; width: 30%; font-weight: bold; } .td-right-attr-casatema-use-internal { padding: 10px; width: 70%; } .div-left-attr-casatema-use-internal { width: 100%; } .div-right-attr-casatema-use-internal { width: 100%; } .div-group-attr-casatema-use-internal { padding-bottom: 10px; } @media (min-width: 1224px) { .div-left-attr-casatema-use-internal { width: 49%; float: left; } .div-right-attr-casatema-use-internal { width: 49%; float: right; } }     Guarda Roupa Modulado 2 Portas Reflecta com Prateleiras Jade CabeCasa MadeiraMadeira Cinza Urbano. Apresentamos nossa nova linha de m\u00f3veis modulados para quarto, a linha Jade Cabecasa MadeiraMadeira, combinando versatilidade e estilo para se adaptar perfeitamente a qualquer espa\u00e7o. Com design inteligente e funcionalidade em mente, nossa cole\u00e7\u00e3o oferece solu\u00e7\u00f5es de armazenamento personaliz\u00e1veis para criar um ambiente acolhedor e organizado, independentemente do tamanho do espa\u00e7o dispon\u00edvel. Liberte sua criatividade e mantenha seus pertences organizados de forma eficiente com o Guarda Roupa Modulado Jade. Especialmente projetado para atender \u00e0s suas necessidades de armazenamento, este guarda roupa oferece um cabideiro resistente e espa\u00e7oso para acomodar suas roupas de forma correta, sem amassar ou danificar, al\u00e9m de gavetas amplas para guardar itens menores de forma organizada. Complementando esses recursos, um maleiro super espa\u00e7oso e acess\u00edvel proporciona a organiza\u00e7\u00e3o de itens maiores que demandam f\u00e1cil acesso. Fabricado em MDP oferece uma base s\u00f3lida e resistente, enquanto o MDF dos puxadores proporciona uma superf\u00edcie suave e usinagem personalizada sofisticada. Essa combina\u00e7\u00e3o \u00fanica garante n\u00e3o apenas durabilidade excepcional, mas tamb\u00e9m uma est\u00e9tica luxuosa que traz identidade e eleg\u00e2ncia ao seu espa\u00e7o. Explorando a Versatilidade: Transforme seu Guarda Roupa em um Closet Aberto! Nosso Guarda Roupa foi concebido para se adaptar ao seu estilo de vida din\u00e2mico. Com a flexibilidade de remover as portas, voc\u00ea pode facilmente transformar seu Guarda Roupa em um closet aberto, exibindo suas roupas favoritas com eleg\u00e2ncia e acessibilidade. Tire o m\u00e1ximo proveito do espa\u00e7o dispon\u00edvel e adicione um toque moderno ao seu ambiente, permitindo que seu estilo brilhe sem limites. A Linha Jade Cabecasa agora conta com uma novidade: Portas Reflecta! Trazendo sofistica\u00e7\u00e3o para o ambiente, a porta Reflecta tem uma superf\u00edcie ao mesmo tempo reflexiva e transparente. Dependendo da ilumina\u00e7\u00e3o do ambiente, ela pode parecer mais reflexiva ou mais transl\u00facida. Um toque a mais de sofistica\u00e7\u00e3o na Linha Jade que j\u00e1 \u00e9 um sucesso!   Caracter\u00edsticasAmbiente PrincipalQuartoCorCinza UrbanoCor PredominanteCinzaCor do ProdutoCinza UrbanoEstiloModernoFabrica\u00e7\u00e3o Pr\u00f3priaSimLinha ou Cole\u00e7\u00e3oJadeMarcaCabeCasa MadeiraMadeiraModularSimOrigem do ProdutoNacionalPeso M\u00e1ximo por Prateleira5.0Possui CabideirosSimPossui CalceirosN\u00e3oPossui EspelhosN\u00e3oPossui GavetasN\u00e3oPossui PortasN\u00e3oPossui PrateleirasSimPossui P\u00e9sN\u00e3oQuantidade de GavetasN\u00e3o PossuiQuantidade de Portas2 PortasQuantidade de Prateleiras01 PrateleiraTipo de Guarda-roupaModuladoTipo de Puxador da PortaExternoGarantiaGarantia24 MesesMateriais e AcabamentosAcabamentoFinish FoilAcabamento da PortaFinish FoilAcabamento da PrateleiraPinturaEscala de Brilho da PortaFoscoMaterial PrincipalMDPMaterial da PortaVidroMaterial da PrateleiraMDPMaterial do Puxador da PortaAlum\u00ednioMontagemComplexidade da MontagemM\u00e9dia: pode ser montado por mais de uma pessoa e\/ou necessite de maior conhecimento para montagemNecessita MontagemSimRecomenda\u00e7\u00f5es de Uso, Manuten\u00e7\u00e3o e LimpezaPara limpeza utilize pano macio, seco ou ligeiramente umedecido com \u00e1gua. N\u00e3o utilize sap\u00f3lios, polidores e ou produtos que contenham carga abrasiva, para evitar danos ao produto. Evitar que o m\u00f3vel fique exposto a luz solar direta, ou em ambientes de umidade e calor excessivo. N\u00e3o colocar carga excessiva de peso nas gavetas e prateleiras, para evitar acidentes ou danos ao produto. O m\u00f3vel dever\u00e1 ficar nivelado, desta forma, as gavetas e as portas ter\u00e3o o bom funcionamento, evite arrast\u00e1-los, isso pode danificar o m\u00f3vel.Sistema de MontagemCavilhas, parafusos e colaOutras caracter\u00edsticasAmbientenullPesos e Dimens\u00f5esLargura (cm)80.0<\/p>\n<hr \/>\n<h4>Aproveite e pesquise o pre\u00e7o deste produto em dezenas de lojas dos marketplaces abaixo:<\/h4>\n<p><a href=\"https:\/\/www.magazinevoce.com.br\/magazineezu\/busca\/Guarda Roupa Modulado 2 Portas Reflecta com Prateleiras Jade CabeCasa MadeiraMadeira Cinza Urbano\/\" target=\"_blank\" rel=\"noopener\"><img decoding=\"async\" src=\"https:\/\/bateroda.com.br\/marketplace\/logos\/magaezu.jpg\" alt=\"Pesquise no Magazine eZu\" \/> &#8211; Magazine eZu<\/a><\/p>\n<hr \/>\n<p><!-- START ADVERTISER: Webcontinental BR from awin.com --><\/p>\n<p><a href=\"https:\/\/www.awin1.com\/cread.php?awinmid=17743&#038;awinaffid=690303&#038;ued=https%3A%2F%2Fwww.webcontinental.com.br%2FGuarda Roupa Modulado 2 Portas Reflecta com Prateleiras Jade CabeCasa MadeiraMadeira Cinza Urbano%3F_q%3DGuarda Roupa Modulado 2 Portas Reflecta com Prateleiras Jade CabeCasa MadeiraMadeira Cinza Urbano%26map%3Dft\" rel=\"sponsored\"><img decoding=\"async\" src=\"https:\/\/lojawebcontinental.vtexassets.com\/arquivos\/logo-webcontinental-checkout.png\" border=\"0\" \/> &#8211; Loja Online.<\/a><\/p>\n<p><!-- END ADVERTISER: Webcontinental BR from awin.com --><\/p>\n","protected":false},"excerpt":{"rendered":"<p>R$ 3036.71 nas lojas <a href=\"https:\/\/www.awin1.com\/pclick.php?p=44999529278&#038;a=690303&#038;m=100453\" target=\"_blank\" rel=\"sponsored\">Casa Tema BR<\/a> <a class=\"more-link\" href=\"https:\/\/bonoro.com.br\/shop\/2026\/06\/guarda-roupa-modulado-2-portas-reflecta-com-prateleiras-jade-cabecasa-madeiramadeira-cinza-urbano-r-3036-71\/\">\u2192<\/a><\/p>\n","protected":false},"author":1,"featured_media":0,"comment_status":"closed","ping_status":"closed","sticky":false,"template":"","format":"standard","meta":{"footnotes":""},"categories":[198],"tags":[45035,205,45034],"class_list":["post-261801","post","type-post","status-publish","format-standard","hentry","category-produtos","tag-3036-71","tag-casa-tema-br","tag-guarda-roupa-modulado-2-portas-reflecta-com-prateleiras-jade-cabecasa-madeiramadeira-cinza-urbano"],"_links":{"self":[{"href":"https:\/\/bonoro.com.br\/shop\/wp-json\/wp\/v2\/posts\/261801","targetHints":{"allow":["GET"]}}],"collection":[{"href":"https:\/\/bonoro.com.br\/shop\/wp-json\/wp\/v2\/posts"}],"about":[{"href":"https:\/\/bonoro.com.br\/shop\/wp-json\/wp\/v2\/types\/post"}],"author":[{"embeddable":true,"href":"https:\/\/bonoro.com.br\/shop\/wp-json\/wp\/v2\/users\/1"}],"replies":[{"embeddable":true,"href":"https:\/\/bonoro.com.br\/shop\/wp-json\/wp\/v2\/comments?post=261801"}],"version-history":[{"count":0,"href":"https:\/\/bonoro.com.br\/shop\/wp-json\/wp\/v2\/posts\/261801\/revisions"}],"wp:attachment":[{"href":"https:\/\/bonoro.com.br\/shop\/wp-json\/wp\/v2\/media?parent=261801"}],"wp:term":[{"taxonomy":"category","embeddable":true,"href":"https:\/\/bonoro.com.br\/shop\/wp-json\/wp\/v2\/categories?post=261801"},{"taxonomy":"post_tag","embeddable":true,"href":"https:\/\/bonoro.com.br\/shop\/wp-json\/wp\/v2\/tags?post=261801"}],"curies":[{"name":"wp","href":"https:\/\/api.w.org\/{rel}","templated":true}]}}