{"id":261768,"date":"2026-06-28T09:17:51","date_gmt":"2026-06-28T09:17:51","guid":{"rendered":"https:\/\/bonoro.com.br\/shop\/2026\/06\/balcao-2-portas-80cm-sem-tampo-marselha-cabecasa-madeiraoriginals-azul-sereno-r-921-09\/"},"modified":"2026-06-28T09:17:51","modified_gmt":"2026-06-28T09:17:51","slug":"balcao-2-portas-80cm-sem-tampo-marselha-cabecasa-madeiraoriginals-azul-sereno-r-921-09","status":"publish","type":"post","link":"https:\/\/bonoro.com.br\/shop\/2026\/06\/balcao-2-portas-80cm-sem-tampo-marselha-cabecasa-madeiraoriginals-azul-sereno-r-921-09\/","title":{"rendered":"Balc\u00e3o 2 Portas 80cm sem Tampo Marselha CabeCasa MadeiraOriginals Azul Sereno &#8211; R$ 921.09"},"content":{"rendered":"<h2><\/h2>\n<h3>Balc\u00e3o 2 Portas 80cm sem Tampo Marselha CabeCasa MadeiraOriginals Azul Sereno teve o pre\u00e7o, no dia acima especificado, de <strong>R$ 921.09<\/strong>.<\/h3>\n<p>Confira o pre\u00e7o atual aqui: <a href=\"https:\/\/www.awin1.com\/cread.php?awinmid=100453&#038;awinaffid=690303&#038;ued=https:\/\/www.casatema.com.br\/balcao-2-portas-80cm-sem-tampo-marselha-cabecasa-madeiraoriginals-azul-sereno\/p?idsku=375079167\" rel=\"sponsored\" target=\"_blank\"><img decoding=\"async\" src=\"https:\/\/ui.awin.com\/images\/upload\/merchant\/profile\/100453.png\" alt=\"Balc\u00e3o 2 Portas 80cm sem Tampo Marselha CabeCasa MadeiraOriginals Azul Sereno\" \/> &#8211; nas lojas Casa Tema BR<\/a><\/p>\n<p><img decoding=\"async\" src=\"https:\/\/casatema.vteximg.com.br\/arquivos\/ids\/1453456_2\" alt=\"Balc\u00e3o 2 Portas 80cm sem Tampo Marselha CabeCasa MadeiraOriginals Azul Sereno\" \/><br \/>\nBalc\u00e3o 2 Portas 80cm sem Tampo Marselha CabeCasa MadeiraOriginals Azul Sereno  .body-casatema-use-internal { font-family: Arial, sans-serif; line-height: 1.6; } .container-casatema-use-internal { width: 80%; margin: 0 auto; padding: 20px; } .hx-casatema-use-internal { color: #333; } .ul-casatema-use-internal { list-style-type: none; padding: 0; } .li-casatema-use-internal { background: #f4f4f4; margin: 5px 0; padding: 10px; border-radius: 5px; } .highlight-casatema-use-internal { font-weight: bold; } .image-container-casatema-use-internal, .img-casatema-use-internal { width: 100%; height: auto; } \/* CSS para os atributos *\/ .table-attr-casatema-use-internal { border-spacing: 0px; width: 100%; } .table-attr-casatema-use-internal tr:nth-child(even) { background: #ffffff; } .table-attr-casatema-use-internal tr:nth-child(odd) { background: #dfede9; } .td-left-attr-casatema-use-internal { padding: 10px; width: 30%; font-weight: bold; } .td-right-attr-casatema-use-internal { padding: 10px; width: 70%; } .div-left-attr-casatema-use-internal { width: 100%; } .div-right-attr-casatema-use-internal { width: 100%; } .div-group-attr-casatema-use-internal { padding-bottom: 10px; } @media (min-width: 1224px) { .div-left-attr-casatema-use-internal { width: 49%; float: left; } .div-right-attr-casatema-use-internal { width: 49%; float: right; } }     Balc\u00e3o 2 Portas 80cm sem Tampo Marselha CabeCasa MadeiraOriginals Azul Sereno. Mergulhe na serenidade do sul da Fran\u00e7a. Inspirada na cidade de Marselha, nossa linha modular traduz o estilo de vida leve e acolhedor em mobili\u00e1rio. A cole\u00e7\u00e3o une o frescor do design coastal com o charme r\u00fastico do cottagecore, evocando os campos de lavanda e o clima sereno do litoral franc\u00eas em sua casa. S\u00e3o mais de 20 m\u00f3dulos dispon\u00edveis para encontrar a melhor combina\u00e7\u00e3o e transformar seu ambiente. A linha Marselha \u00e9 um convite a viver com eleg\u00e2ncia, simplicidade e conex\u00e3o. O Balc\u00e3o \u00e9 a uni\u00e3o perfeita entre qualidade e versatilidade. Com estrutura em 100% MDF, ele garante durabilidade e um acabamento premium que valoriza o ambiente.Experimente o m\u00e1ximo conforto no uso: suas portas contam com dobradi\u00e7as com amortecedor que asseguram um fechamento suave e silencioso.   Caracter\u00edsticasAmbiente PrincipalCozinhaBalc\u00e3o Suporta PiaN\u00e3oCesto para FrutasN\u00e3oCorAzul SerenoCor InternaTramaCor PredominanteAzulCor do ProdutoAzul SerenoEstiloProven\u00e7alFabrica\u00e7\u00e3o Pr\u00f3priaSimLinha ou Cole\u00e7\u00e3oMarselhaMarcaCabeCasa MadeiraMadeiraModularSimOrigem do ProdutoNacionalPeso M\u00e1ximo por Prateleira8.0Possui GavetasN\u00e3oPossui PortasSimPossui PrateleirasSimPossui P\u00e9sN\u00e3oPossui Recorte para CooktopN\u00e3oQuantidade de GavetasN\u00e3o PossuiQuantidade de Portas2 PortasQuantidade de Prateleiras01 PrateleiraSapatas NiveladorasN\u00e3oSuporta At\u00e9 (kg)25.0Suporta GranitoSimTamanho Indicado do Tampo (L x P)53,3cm x 80cmTipo de PortaAbrirTipo de Puxador da PortaExternoDocumentos Adicionaismanual de montagemClique aqui para acessarGarantiaGarantia24 MesesItens InclusosAcompanha TampoN\u00e3oBalc\u00e3o Acompanha PiaN\u00e3oItens Inclusos1 Balc\u00e3o 2 Portas 80cm Sem Tampo Marselha, Manual de Montagem e Kit FerragensMateriais e AcabamentosAcabamentoPintura UVAcabamento da PortaPintura UVAcabamento da PrateleiraPintura UVEscala de BrilhoSemi-BrilhoEscala de Brilho da PortaSemi-BrilhoEscala de Brilho da PrateleiraSemi-BrilhoMaterial PrincipalMDFMaterial da Dobradi\u00e7a\/Corredi\u00e7a da PortaMet\u00e1licaMaterial da PortaMDFMaterial da PrateleiraMDFMaterial do Puxador da PortaMetalTipo de Dobradi\u00e7a\/Corredi\u00e7a da PortaSoft CloseMontagemComplexidade da MontagemAlta: deve ser montado por um montador especializadoRecomenda\u00e7\u00f5es de Uso, Manuten\u00e7\u00e3o e LimpezaPara limpeza de seu m\u00f3vel, use uma flanela limpa e seca. N\u00e3o utilize produtos qu\u00edmicos que possam danificar o produto.Sistema de MontagemParafusos, Cavilhas e Minifix.Pesos e Dimens\u00f5esAltura (cm)82.5Largura (cm)80.0Peso (kg)24.0Profundidade (cm)51.0<\/p>\n<hr \/>\n<h4>Aproveite e pesquise o pre\u00e7o deste produto em dezenas de lojas dos marketplaces abaixo:<\/h4>\n<p><a href=\"https:\/\/www.magazinevoce.com.br\/magazineezu\/busca\/Balc\u00e3o 2 Portas 80cm sem Tampo Marselha CabeCasa MadeiraOriginals Azul Sereno\/\" target=\"_blank\" rel=\"noopener\"><img decoding=\"async\" src=\"https:\/\/bateroda.com.br\/marketplace\/logos\/magaezu.jpg\" alt=\"Pesquise no Magazine eZu\" \/> &#8211; Magazine eZu<\/a><\/p>\n<hr \/>\n<p><!-- START ADVERTISER: Webcontinental BR from awin.com --><\/p>\n<p><a href=\"https:\/\/www.awin1.com\/cread.php?awinmid=17743&#038;awinaffid=690303&#038;ued=https%3A%2F%2Fwww.webcontinental.com.br%2FBalc\u00e3o 2 Portas 80cm sem Tampo Marselha CabeCasa MadeiraOriginals Azul Sereno%3F_q%3DBalc\u00e3o 2 Portas 80cm sem Tampo Marselha CabeCasa MadeiraOriginals Azul Sereno%26map%3Dft\" rel=\"sponsored\"><img decoding=\"async\" src=\"https:\/\/lojawebcontinental.vtexassets.com\/arquivos\/logo-webcontinental-checkout.png\" border=\"0\" \/> &#8211; Loja Online.<\/a><\/p>\n<p><!-- END ADVERTISER: Webcontinental BR from awin.com --><\/p>\n","protected":false},"excerpt":{"rendered":"<p>R$ 921.09 nas lojas <a href=\"https:\/\/www.awin1.com\/pclick.php?p=44999529245&#038;a=690303&#038;m=100453\" target=\"_blank\" rel=\"sponsored\">Casa Tema BR<\/a> <a class=\"more-link\" href=\"https:\/\/bonoro.com.br\/shop\/2026\/06\/balcao-2-portas-80cm-sem-tampo-marselha-cabecasa-madeiraoriginals-azul-sereno-r-921-09\/\">\u2192<\/a><\/p>\n","protected":false},"author":1,"featured_media":0,"comment_status":"closed","ping_status":"closed","sticky":false,"template":"","format":"standard","meta":{"footnotes":""},"categories":[198],"tags":[44986,44985,205],"class_list":["post-261768","post","type-post","status-publish","format-standard","hentry","category-produtos","tag-921-09","tag-balcao-2-portas-80cm-sem-tampo-marselha-cabecasa-madeiraoriginals-azul-sereno","tag-casa-tema-br"],"_links":{"self":[{"href":"https:\/\/bonoro.com.br\/shop\/wp-json\/wp\/v2\/posts\/261768","targetHints":{"allow":["GET"]}}],"collection":[{"href":"https:\/\/bonoro.com.br\/shop\/wp-json\/wp\/v2\/posts"}],"about":[{"href":"https:\/\/bonoro.com.br\/shop\/wp-json\/wp\/v2\/types\/post"}],"author":[{"embeddable":true,"href":"https:\/\/bonoro.com.br\/shop\/wp-json\/wp\/v2\/users\/1"}],"replies":[{"embeddable":true,"href":"https:\/\/bonoro.com.br\/shop\/wp-json\/wp\/v2\/comments?post=261768"}],"version-history":[{"count":0,"href":"https:\/\/bonoro.com.br\/shop\/wp-json\/wp\/v2\/posts\/261768\/revisions"}],"wp:attachment":[{"href":"https:\/\/bonoro.com.br\/shop\/wp-json\/wp\/v2\/media?parent=261768"}],"wp:term":[{"taxonomy":"category","embeddable":true,"href":"https:\/\/bonoro.com.br\/shop\/wp-json\/wp\/v2\/categories?post=261768"},{"taxonomy":"post_tag","embeddable":true,"href":"https:\/\/bonoro.com.br\/shop\/wp-json\/wp\/v2\/tags?post=261768"}],"curies":[{"name":"wp","href":"https:\/\/api.w.org\/{rel}","templated":true}]}}