{"id":261728,"date":"2026-06-13T12:27:35","date_gmt":"2026-06-13T12:27:35","guid":{"rendered":"https:\/\/bonoro.com.br\/shop\/2026\/06\/conjunto-sofa-com-2-e-3-lugares-em-veludo-cabecasa-madeiraoriginals-amarelo-amarelo-r-4234-92\/"},"modified":"2026-06-13T12:27:35","modified_gmt":"2026-06-13T12:27:35","slug":"conjunto-sofa-com-2-e-3-lugares-em-veludo-cabecasa-madeiraoriginals-amarelo-amarelo-r-4234-92","status":"publish","type":"post","link":"https:\/\/bonoro.com.br\/shop\/2026\/06\/conjunto-sofa-com-2-e-3-lugares-em-veludo-cabecasa-madeiraoriginals-amarelo-amarelo-r-4234-92\/","title":{"rendered":"Conjunto Sof\u00e1 com 2 e 3 Lugares em Veludo CabeCasa MadeiraOriginals Amarelo Amarelo &#8211; R$ 4234.92"},"content":{"rendered":"<h2><\/h2>\n<h3>Conjunto Sof\u00e1 com 2 e 3 Lugares em Veludo CabeCasa MadeiraOriginals Amarelo Amarelo teve o pre\u00e7o, no dia acima especificado, de <strong>R$ 4234.92<\/strong>.<\/h3>\n<p>Confira o pre\u00e7o atual aqui: <a href=\"https:\/\/www.awin1.com\/cread.php?awinmid=100453&#038;awinaffid=690303&#038;ued=https:\/\/www.casatema.com.br\/conjunto-sofa-com-2-e-3-lugares-em-veludo-cabecasa-madeiraoriginals-amarelo\/p?idsku=853132\" rel=\"sponsored\" target=\"_blank\"><img decoding=\"async\" src=\"https:\/\/ui.awin.com\/images\/upload\/merchant\/profile\/100453.png\" alt=\"Conjunto Sof\u00e1 com 2 e 3 Lugares em Veludo CabeCasa MadeiraOriginals Amarelo Amarelo\" \/> &#8211; nas lojas Casa Tema BR<\/a><\/p>\n<p><img decoding=\"async\" src=\"https:\/\/casatema.vteximg.com.br\/arquivos\/ids\/1453046_2\" alt=\"Conjunto Sof\u00e1 com 2 e 3 Lugares em Veludo CabeCasa MadeiraOriginals Amarelo Amarelo\" \/><br \/>\nConjunto Sof\u00e1 com 2 e 3 Lugares em Veludo CabeCasa MadeiraOriginals Amarelo Amarelo  .body-casatema-use-internal { font-family: Arial, sans-serif; line-height: 1.6; } .container-casatema-use-internal { width: 80%; margin: 0 auto; padding: 20px; } .hx-casatema-use-internal { color: #333; } .ul-casatema-use-internal { list-style-type: none; padding: 0; } .li-casatema-use-internal { background: #f4f4f4; margin: 5px 0; padding: 10px; border-radius: 5px; } .highlight-casatema-use-internal { font-weight: bold; } .image-container-casatema-use-internal, .img-casatema-use-internal { width: 100%; height: auto; } \/* CSS para os atributos *\/ .table-attr-casatema-use-internal { border-spacing: 0px; width: 100%; } .table-attr-casatema-use-internal tr:nth-child(even) { background: #ffffff; } .table-attr-casatema-use-internal tr:nth-child(odd) { background: #dfede9; } .td-left-attr-casatema-use-internal { padding: 10px; width: 30%; font-weight: bold; } .td-right-attr-casatema-use-internal { padding: 10px; width: 70%; } .div-left-attr-casatema-use-internal { width: 100%; } .div-right-attr-casatema-use-internal { width: 100%; } .div-group-attr-casatema-use-internal { padding-bottom: 10px; } @media (min-width: 1224px) { .div-left-attr-casatema-use-internal { width: 49%; float: left; } .div-right-attr-casatema-use-internal { width: 49%; float: right; } }     Conjunto Sof\u00e1 com 2 e 3 Lugares em Veludo CabeCasa MadeiraOriginals Amarelo Amarelo. O Conjunto de Sof\u00e1s Orqu\u00eddea MadeiraMadeira conta com conforto, materiais nobres, durabilidade e versatilidade com um pre\u00e7o que cabe no bolso. O conforto \u00e9 garantido pelo tecido nobre de veludo, pela espuma macia no assento e pelo encosto com 3 camadas de conforto. Possui ainda alta durabilidade, estrutura de madeira maci\u00e7a de eucalipto e garantia de 2 anos. Garanta o seu Orqu\u00eddea e receba as visitas com muito mais conforto e eleg\u00e2ncia.   Caracter\u00edsticasAmbiente PrincipalSala de EstarCorVeludo AmareloCor PredominanteAmareloCor do ProdutoAmareloEnchimento do EncostoFibra SiliconadaEstiloVintageFabrica\u00e7\u00e3o Pr\u00f3priaSimLinha ou Cole\u00e7\u00e3oOrqu\u00eddeaMarcaCabeCasa MadeiraMadeiraPossui MolaN\u00e3oPossui Rod\u00edzioN\u00e3oQuantidade de Lugares5Tecido PredominanteVeludoTipo de MolaN\u00e3o PossuiTipo de Sof\u00e1Sof\u00e1s ComunsGarantiaGarantia24 MesesMateriais e AcabamentosMaterial dos P\u00e9sPVCMontagemComplexidade da MontagemBaixa: pode ser montado por uma pessoa sozinhaNecessita MontagemSimRecomenda\u00e7\u00f5es de Uso, Manuten\u00e7\u00e3o e LimpezaEvitar exposi\u00e7\u00e3o direta \u00e0 luz solar, limpar com escova macia e aspirar o p\u00f3 semanalmente, n\u00e3o utilizar produtos qu\u00edmicos, removedores, alvejantes, etc. Evite exercer press\u00e3o excessiva sobre determinada partes do estofado, n\u00e3o utilizar para limpeza equipamentos a vapor de \u00e1gua. Sistema de MontagemBucha AmericanaOutras caracter\u00edsticasAmbientenullPesos e Dimens\u00f5esAltura (cm)90.0Altura do Assento at\u00e9 o Ch\u00e3o46.0Largura do Sof\u00e1 Maior195.0Largura do Sof\u00e1 Menor138.0Profundidade (cm)88.0<\/p>\n<hr \/>\n<h4>Aproveite e pesquise o pre\u00e7o deste produto em dezenas de lojas dos marketplaces abaixo:<\/h4>\n<p><a href=\"https:\/\/www.magazinevoce.com.br\/magazineezu\/busca\/Conjunto Sof\u00e1 com 2 e 3 Lugares em Veludo CabeCasa MadeiraOriginals Amarelo Amarelo\/\" target=\"_blank\" rel=\"noopener\"><img decoding=\"async\" src=\"https:\/\/bateroda.com.br\/marketplace\/logos\/magaezu.jpg\" alt=\"Pesquise no Magazine eZu\" \/> &#8211; Magazine eZu<\/a><\/p>\n<hr \/>\n<p><!-- START ADVERTISER: Webcontinental BR from awin.com --><\/p>\n<p><a href=\"https:\/\/www.awin1.com\/cread.php?awinmid=17743&#038;awinaffid=690303&#038;ued=https%3A%2F%2Fwww.webcontinental.com.br%2FConjunto Sof\u00e1 com 2 e 3 Lugares em Veludo CabeCasa MadeiraOriginals Amarelo Amarelo%3F_q%3DConjunto Sof\u00e1 com 2 e 3 Lugares em Veludo CabeCasa MadeiraOriginals Amarelo Amarelo%26map%3Dft\" rel=\"sponsored\"><img decoding=\"async\" src=\"https:\/\/lojawebcontinental.vtexassets.com\/arquivos\/logo-webcontinental-checkout.png\" border=\"0\" \/> &#8211; Loja Online.<\/a><\/p>\n<p><!-- END ADVERTISER: Webcontinental BR from awin.com --><\/p>\n","protected":false},"excerpt":{"rendered":"<p>R$ 4234.92 nas lojas <a href=\"https:\/\/www.awin1.com\/pclick.php?p=44999529205&#038;a=690303&#038;m=100453\" target=\"_blank\" rel=\"sponsored\">Casa Tema BR<\/a> <a class=\"more-link\" href=\"https:\/\/bonoro.com.br\/shop\/2026\/06\/conjunto-sofa-com-2-e-3-lugares-em-veludo-cabecasa-madeiraoriginals-amarelo-amarelo-r-4234-92\/\">\u2192<\/a><\/p>\n","protected":false},"author":1,"featured_media":0,"comment_status":"closed","ping_status":"closed","sticky":false,"template":"","format":"standard","meta":{"footnotes":""},"categories":[198],"tags":[44913,205,44912],"class_list":["post-261728","post","type-post","status-publish","format-standard","hentry","category-produtos","tag-4234-92","tag-casa-tema-br","tag-conjunto-sofa-com-2-e-3-lugares-em-veludo-cabecasa-madeiraoriginals-amarelo-amarelo"],"_links":{"self":[{"href":"https:\/\/bonoro.com.br\/shop\/wp-json\/wp\/v2\/posts\/261728","targetHints":{"allow":["GET"]}}],"collection":[{"href":"https:\/\/bonoro.com.br\/shop\/wp-json\/wp\/v2\/posts"}],"about":[{"href":"https:\/\/bonoro.com.br\/shop\/wp-json\/wp\/v2\/types\/post"}],"author":[{"embeddable":true,"href":"https:\/\/bonoro.com.br\/shop\/wp-json\/wp\/v2\/users\/1"}],"replies":[{"embeddable":true,"href":"https:\/\/bonoro.com.br\/shop\/wp-json\/wp\/v2\/comments?post=261728"}],"version-history":[{"count":0,"href":"https:\/\/bonoro.com.br\/shop\/wp-json\/wp\/v2\/posts\/261728\/revisions"}],"wp:attachment":[{"href":"https:\/\/bonoro.com.br\/shop\/wp-json\/wp\/v2\/media?parent=261728"}],"wp:term":[{"taxonomy":"category","embeddable":true,"href":"https:\/\/bonoro.com.br\/shop\/wp-json\/wp\/v2\/categories?post=261728"},{"taxonomy":"post_tag","embeddable":true,"href":"https:\/\/bonoro.com.br\/shop\/wp-json\/wp\/v2\/tags?post=261728"}],"curies":[{"name":"wp","href":"https:\/\/api.w.org\/{rel}","templated":true}]}}