{"id":261708,"date":"2026-06-28T12:43:25","date_gmt":"2026-06-28T12:43:25","guid":{"rendered":"https:\/\/bonoro.com.br\/shop\/2026\/06\/cozinha-modulada-6-pecas-sem-tampo-3-aereos-6-portas-e-3-balcoes-ipanema-cabecasa-madeiraoriginals-branco-r-3764-68\/"},"modified":"2026-06-28T12:43:25","modified_gmt":"2026-06-28T12:43:25","slug":"cozinha-modulada-6-pecas-sem-tampo-3-aereos-6-portas-e-3-balcoes-ipanema-cabecasa-madeiraoriginals-branco-r-3764-68","status":"publish","type":"post","link":"https:\/\/bonoro.com.br\/shop\/2026\/06\/cozinha-modulada-6-pecas-sem-tampo-3-aereos-6-portas-e-3-balcoes-ipanema-cabecasa-madeiraoriginals-branco-r-3764-68\/","title":{"rendered":"Cozinha Modulada 6 Pe\u00e7as sem Tampo 3 A\u00e9reos 6 Portas e 3 Balc\u00f5es Ipanema CabeCasa MadeiraOriginals Branco &#8211; R$ 3764.68"},"content":{"rendered":"<h2><\/h2>\n<h3>Cozinha Modulada 6 Pe\u00e7as sem Tampo 3 A\u00e9reos 6 Portas e 3 Balc\u00f5es Ipanema CabeCasa MadeiraOriginals Branco teve o pre\u00e7o, no dia acima especificado, de <strong>R$ 3764.68<\/strong>.<\/h3>\n<p>Confira o pre\u00e7o atual aqui: <a href=\"https:\/\/www.awin1.com\/cread.php?awinmid=100453&#038;awinaffid=690303&#038;ued=https:\/\/www.casatema.com.br\/cozinha-modulada-6-pecas-sem-tampo-3-aereos-6-portas-e-3-balcoes-ipanema-cabecasa-madeiraoriginals-branco\/p?idsku=846880\" rel=\"sponsored\" target=\"_blank\"><img decoding=\"async\" src=\"https:\/\/ui.awin.com\/images\/upload\/merchant\/profile\/100453.png\" alt=\"Cozinha Modulada 6 Pe\u00e7as sem Tampo 3 A\u00e9reos 6 Portas e 3 Balc\u00f5es Ipanema CabeCasa MadeiraOriginals Branco\" \/> &#8211; nas lojas Casa Tema BR<\/a><\/p>\n<p><img decoding=\"async\" src=\"https:\/\/casatema.vteximg.com.br\/arquivos\/ids\/1452781_2\" alt=\"Cozinha Modulada 6 Pe\u00e7as sem Tampo 3 A\u00e9reos 6 Portas e 3 Balc\u00f5es Ipanema CabeCasa MadeiraOriginals Branco\" \/><br \/>\nCozinha Modulada 6 Pe\u00e7as sem Tampo 3 A\u00e9reos 6 Portas e 3 Balc\u00f5es Ipanema CabeCasa MadeiraOriginals Branco  .body-casatema-use-internal { font-family: Arial, sans-serif; line-height: 1.6; } .container-casatema-use-internal { width: 80%; margin: 0 auto; padding: 20px; } .hx-casatema-use-internal { color: #333; } .ul-casatema-use-internal { list-style-type: none; padding: 0; } .li-casatema-use-internal { background: #f4f4f4; margin: 5px 0; padding: 10px; border-radius: 5px; } .highlight-casatema-use-internal { font-weight: bold; } .image-container-casatema-use-internal, .img-casatema-use-internal { width: 100%; height: auto; } \/* CSS para os atributos *\/ .table-attr-casatema-use-internal { border-spacing: 0px; width: 100%; } .table-attr-casatema-use-internal tr:nth-child(even) { background: #ffffff; } .table-attr-casatema-use-internal tr:nth-child(odd) { background: #dfede9; } .td-left-attr-casatema-use-internal { padding: 10px; width: 30%; font-weight: bold; } .td-right-attr-casatema-use-internal { padding: 10px; width: 70%; } .div-left-attr-casatema-use-internal { width: 100%; } .div-right-attr-casatema-use-internal { width: 100%; } .div-group-attr-casatema-use-internal { padding-bottom: 10px; } @media (min-width: 1224px) { .div-left-attr-casatema-use-internal { width: 49%; float: left; } .div-right-attr-casatema-use-internal { width: 49%; float: right; } }     Cozinha Modulada 6 Pe\u00e7as sem Tampo 3 A\u00e9reos 6 Portas e 3 Balc\u00f5es Ipanema CabeCasa MadeiraOriginals Branco. A Cozinha Ipanema \u00e9 um m\u00f3vel com design moderno, feito com material de qualidade para garantir alta durabilidade e resist\u00eancia contra umidade. conferem versatilidade e praticidade no dia a dia, permitindo armazenar diferentes objetos. Uma op\u00e7\u00e3o de m\u00f3vel pr\u00e1tico e funcional para quem busca organiza\u00e7\u00e3o e estilo em sua casa.   Caracter\u00edsticasAcompanha Rodap\u00e9 DecorativoN\u00e3oAmbiente PrincipalCozinhaCorBrancoCor PredominanteBrancoCor do ProdutoBrancoFabrica\u00e7\u00e3o Pr\u00f3priaSimLinha ou Cole\u00e7\u00e3oIpanemaMarcaCabeCasa MadeiraMadeiraModularSimPossui P\u00e9sSimPossui Rod\u00edzioN\u00e3oTipo de Arm\u00e1rio de CozinhaCozinha CompletaMontagemNecessita MontagemSimGarantiaGarantia5 AnosItens InclusosAcompanha TampoN\u00e3oMateriais e AcabamentosMaterial PrincipalMDPMaterial da Corredi\u00e7aMet\u00e1licaMaterial da Dobradi\u00e7a\/Corredi\u00e7a da PortaMet\u00e1licaMaterial da PortaMDPMaterial do Puxador da GavetaAlum\u00ednioMaterial do Puxador da PortaAlum\u00ednioTipo de Corredi\u00e7a da GavetaMet\u00e1lica Telesc\u00f3picaTipo de Dobradi\u00e7a\/Corredi\u00e7a da PortaSoft CloseOutras caracter\u00edsticasAmbientenull<\/p>\n<hr \/>\n<h4>Aproveite e pesquise o pre\u00e7o deste produto em dezenas de lojas dos marketplaces abaixo:<\/h4>\n<p><a href=\"https:\/\/www.magazinevoce.com.br\/magazineezu\/busca\/Cozinha Modulada 6 Pe\u00e7as sem Tampo 3 A\u00e9reos 6 Portas e 3 Balc\u00f5es Ipanema CabeCasa MadeiraOriginals Branco\/\" target=\"_blank\" rel=\"noopener\"><img decoding=\"async\" src=\"https:\/\/bateroda.com.br\/marketplace\/logos\/magaezu.jpg\" alt=\"Pesquise no Magazine eZu\" \/> &#8211; Magazine eZu<\/a><\/p>\n<hr \/>\n<p><!-- START ADVERTISER: Webcontinental BR from awin.com --><\/p>\n<p><a href=\"https:\/\/www.awin1.com\/cread.php?awinmid=17743&#038;awinaffid=690303&#038;ued=https%3A%2F%2Fwww.webcontinental.com.br%2FCozinha Modulada 6 Pe\u00e7as sem Tampo 3 A\u00e9reos 6 Portas e 3 Balc\u00f5es Ipanema CabeCasa MadeiraOriginals Branco%3F_q%3DCozinha Modulada 6 Pe\u00e7as sem Tampo 3 A\u00e9reos 6 Portas e 3 Balc\u00f5es Ipanema CabeCasa MadeiraOriginals Branco%26map%3Dft\" rel=\"sponsored\"><img decoding=\"async\" src=\"https:\/\/lojawebcontinental.vtexassets.com\/arquivos\/logo-webcontinental-checkout.png\" border=\"0\" \/> &#8211; Loja Online.<\/a><\/p>\n<p><!-- END ADVERTISER: Webcontinental BR from awin.com --><\/p>\n","protected":false},"excerpt":{"rendered":"<p>R$ 3764.68 nas lojas <a href=\"https:\/\/www.awin1.com\/pclick.php?p=44999529185&#038;a=690303&#038;m=100453\" target=\"_blank\" rel=\"sponsored\">Casa Tema BR<\/a> <a class=\"more-link\" href=\"https:\/\/bonoro.com.br\/shop\/2026\/06\/cozinha-modulada-6-pecas-sem-tampo-3-aereos-6-portas-e-3-balcoes-ipanema-cabecasa-madeiraoriginals-branco-r-3764-68\/\">\u2192<\/a><\/p>\n","protected":false},"author":1,"featured_media":0,"comment_status":"closed","ping_status":"closed","sticky":false,"template":"","format":"standard","meta":{"footnotes":""},"categories":[198],"tags":[16444,205,44879],"class_list":["post-261708","post","type-post","status-publish","format-standard","hentry","category-produtos","tag-3764-68","tag-casa-tema-br","tag-cozinha-modulada-6-pecas-sem-tampo-3-aereos-6-portas-e-3-balcoes-ipanema-cabecasa-madeiraoriginals-branco"],"_links":{"self":[{"href":"https:\/\/bonoro.com.br\/shop\/wp-json\/wp\/v2\/posts\/261708","targetHints":{"allow":["GET"]}}],"collection":[{"href":"https:\/\/bonoro.com.br\/shop\/wp-json\/wp\/v2\/posts"}],"about":[{"href":"https:\/\/bonoro.com.br\/shop\/wp-json\/wp\/v2\/types\/post"}],"author":[{"embeddable":true,"href":"https:\/\/bonoro.com.br\/shop\/wp-json\/wp\/v2\/users\/1"}],"replies":[{"embeddable":true,"href":"https:\/\/bonoro.com.br\/shop\/wp-json\/wp\/v2\/comments?post=261708"}],"version-history":[{"count":0,"href":"https:\/\/bonoro.com.br\/shop\/wp-json\/wp\/v2\/posts\/261708\/revisions"}],"wp:attachment":[{"href":"https:\/\/bonoro.com.br\/shop\/wp-json\/wp\/v2\/media?parent=261708"}],"wp:term":[{"taxonomy":"category","embeddable":true,"href":"https:\/\/bonoro.com.br\/shop\/wp-json\/wp\/v2\/categories?post=261708"},{"taxonomy":"post_tag","embeddable":true,"href":"https:\/\/bonoro.com.br\/shop\/wp-json\/wp\/v2\/tags?post=261708"}],"curies":[{"name":"wp","href":"https:\/\/api.w.org\/{rel}","templated":true}]}}