{"id":261564,"date":"2026-06-29T19:18:37","date_gmt":"2026-06-29T19:18:37","guid":{"rendered":"https:\/\/bonoro.com.br\/shop\/2026\/06\/ponte-modular-3-portas-de-correr-jade-cabecasa-madeiraoriginals-avela-r-837-05\/"},"modified":"2026-06-29T19:18:37","modified_gmt":"2026-06-29T19:18:37","slug":"ponte-modular-3-portas-de-correr-jade-cabecasa-madeiraoriginals-avela-r-837-05","status":"publish","type":"post","link":"https:\/\/bonoro.com.br\/shop\/2026\/06\/ponte-modular-3-portas-de-correr-jade-cabecasa-madeiraoriginals-avela-r-837-05\/","title":{"rendered":"Ponte Modular 3 Portas de Correr Jade CabeCasa MadeiraOriginals Avel\u00e3 &#8211; R$ 837.05"},"content":{"rendered":"<h2><\/h2>\n<h3>Ponte Modular 3 Portas de Correr Jade CabeCasa MadeiraOriginals Avel\u00e3 teve o pre\u00e7o, no dia acima especificado, de <strong>R$ 837.05<\/strong>.<\/h3>\n<p>Confira o pre\u00e7o atual aqui: <a href=\"https:\/\/www.awin1.com\/cread.php?awinmid=100453&#038;awinaffid=690303&#038;ued=https:\/\/www.casatema.com.br\/ponte-modular-3-portas-de-correr-jade-cabecasa-madeiraoriginals-avela\/p?idsku=820099121\" rel=\"sponsored\" target=\"_blank\"><img decoding=\"async\" src=\"https:\/\/ui.awin.com\/images\/upload\/merchant\/profile\/100453.png\" alt=\"Ponte Modular 3 Portas de Correr Jade CabeCasa MadeiraOriginals Avel\u00e3\" \/> &#8211; nas lojas Casa Tema BR<\/a><\/p>\n<p><img decoding=\"async\" src=\"https:\/\/casatema.vteximg.com.br\/arquivos\/ids\/1451285_2\" alt=\"Ponte Modular 3 Portas de Correr Jade CabeCasa MadeiraOriginals Avel\u00e3\" \/><br \/>\nPonte Modular 3 Portas de Correr Jade CabeCasa MadeiraOriginals Avel\u00e3  .body-casatema-use-internal { font-family: Arial, sans-serif; line-height: 1.6; } .container-casatema-use-internal { width: 80%; margin: 0 auto; padding: 20px; } .hx-casatema-use-internal { color: #333; } .ul-casatema-use-internal { list-style-type: none; padding: 0; } .li-casatema-use-internal { background: #f4f4f4; margin: 5px 0; padding: 10px; border-radius: 5px; } .highlight-casatema-use-internal { font-weight: bold; } .image-container-casatema-use-internal, .img-casatema-use-internal { width: 100%; height: auto; } \/* CSS para os atributos *\/ .table-attr-casatema-use-internal { border-spacing: 0px; width: 100%; } .table-attr-casatema-use-internal tr:nth-child(even) { background: #ffffff; } .table-attr-casatema-use-internal tr:nth-child(odd) { background: #dfede9; } .td-left-attr-casatema-use-internal { padding: 10px; width: 30%; font-weight: bold; } .td-right-attr-casatema-use-internal { padding: 10px; width: 70%; } .div-left-attr-casatema-use-internal { width: 100%; } .div-right-attr-casatema-use-internal { width: 100%; } .div-group-attr-casatema-use-internal { padding-bottom: 10px; } @media (min-width: 1224px) { .div-left-attr-casatema-use-internal { width: 49%; float: left; } .div-right-attr-casatema-use-internal { width: 49%; float: right; } }     Ponte Modular 3 Portas de Correr Jade CabeCasa MadeiraOriginals Avel\u00e3. A Linha Jade Cabecasa agora conta com uma novidade: Portas de Correr! Trazendo versatilidade para o ambiente, as portas de correr trazem otimiza\u00e7\u00e3o do espa\u00e7o, pois n\u00e3o necessitam de \u00e1rea extra para abertura, ideal para quartos pequenos e layout restrito. Um toque a mais de sofistica\u00e7\u00e3o na Linha Jade que j\u00e1 \u00e9 um sucesso! Com design inteligente e funcionalidade, a cole\u00e7\u00e3o apresenta solu\u00e7\u00f5es de armazenamento personaliz\u00e1veis, combinando versatilidade e estilo. Gavetas e prateleiras espa\u00e7osas, cabideiro, corredi\u00e7as e dobradi\u00e7as met\u00e1licas resistentes, trilhos em alum\u00ednio, sistema de correr robusto, estrutura em MDP e puxadores em MDF, a Linha Jade tem tudo o que voc\u00ea precisa para compor um guarda-roupa resistente, funcional e adapt\u00e1vel.   Caracter\u00edsticasAmbiente PrincipalQuartoCorAvel\u00e3Cor InternaAvel\u00e3Cor PredominanteAmareloCor do ProdutoAvel\u00e3EstiloModernoFabrica\u00e7\u00e3o Pr\u00f3priaSimLinha ou Cole\u00e7\u00e3oJadeMarcaCabeCasa MadeiraMadeiraModularSimNicho com CabideiroN\u00e3oOrigem do ProdutoNacionalPossui CabideirosSimPossui GavetasN\u00e3oPossui NichosN\u00e3oPossui PortasSimPossui PrateleirasN\u00e3oPossui P\u00e9sN\u00e3oQuantidade de Portas3 PortasQuantidade de PrateleirasN\u00e3o PossuiSuporta At\u00e9 (kg)15.0Tipo de M\u00f3dulo do M\u00f3velPonteTipo de PortaCorrerTipo de Puxador da PortaN\u00e3o PossuiDocumentos AdicionaisManual de Montagem e Instala\u00e7\u00e3oClique aqui para acessarGarantiaGarantia24 MesesItens InclusosItens Inclusos1 Aereo , Manual de Montagem, Kit FerragemMateriais e AcabamentosAcabamento da PortaPinturaEscala de BrilhoFoscoEscala de Brilho da PortaFoscoMaterial PrincipalMDPMaterial da PortaMDPTipo de Dobradi\u00e7a\/Corredi\u00e7a da PortaAlum\u00ednioMontagemComplexidade da MontagemAlta: deve ser montado por um montador especializadoNecessita MontagemSimRecomenda\u00e7\u00f5es de Uso, Manuten\u00e7\u00e3o e LimpezaPara limpeza utilize pano macio, seco ou ligeiramente umedecido com \u00e1gua. N\u00e3o utilize sap\u00f3lios, polidores e ou produtos que contenham carga abrasiva, para evitar danos ao produto. Evitar que o m\u00f3vel fique exposto a luz solar direta, ou em ambientes de umidade e calor excessivo. N\u00e3o colocar carga excessiva de peso nas gavetas e prateleiras, para evitar acidentes ou danos ao produto. O m\u00f3vel dever\u00e1 ficar nivelado, desta forma, as gavetas e as portas ter\u00e3o o bom funcionamento, evite arrast\u00e1-los, isso pode danificar o m\u00f3vel.Sistema de MontagemCavilhas, parafusos e colaOutras caracter\u00edsticasLargura do Colch\u00e3o Indicado1,93 cmPossui Portas3Pesos e Dimens\u00f5esAltura (cm)38.0Espessura da Estrutura (mm)15.0Espessura das Portas (mm)15.0Espessura do Fundo (mm)6.0Largura (cm)200.0Peso (kg)39.0Profundidade (cm)54.0<\/p>\n<hr \/>\n<h4>Aproveite e pesquise o pre\u00e7o deste produto em dezenas de lojas dos marketplaces abaixo:<\/h4>\n<p><a href=\"https:\/\/www.magazinevoce.com.br\/magazineezu\/busca\/Ponte Modular 3 Portas de Correr Jade CabeCasa MadeiraOriginals Avel\u00e3\/\" target=\"_blank\" rel=\"noopener\"><img decoding=\"async\" src=\"https:\/\/bateroda.com.br\/marketplace\/logos\/magaezu.jpg\" alt=\"Pesquise no Magazine eZu\" \/> &#8211; Magazine eZu<\/a><\/p>\n<hr \/>\n<p><!-- START ADVERTISER: Webcontinental BR from awin.com --><\/p>\n<p><a href=\"https:\/\/www.awin1.com\/cread.php?awinmid=17743&#038;awinaffid=690303&#038;ued=https%3A%2F%2Fwww.webcontinental.com.br%2FPonte Modular 3 Portas de Correr Jade CabeCasa MadeiraOriginals Avel\u00e3%3F_q%3DPonte Modular 3 Portas de Correr Jade CabeCasa MadeiraOriginals Avel\u00e3%26map%3Dft\" rel=\"sponsored\"><img decoding=\"async\" src=\"https:\/\/lojawebcontinental.vtexassets.com\/arquivos\/logo-webcontinental-checkout.png\" border=\"0\" \/> &#8211; Loja Online.<\/a><\/p>\n<p><!-- END ADVERTISER: Webcontinental BR from awin.com --><\/p>\n","protected":false},"excerpt":{"rendered":"<p>R$ 837.05 nas lojas <a href=\"https:\/\/www.awin1.com\/pclick.php?p=44999529041&#038;a=690303&#038;m=100453\" target=\"_blank\" rel=\"sponsored\">Casa Tema BR<\/a> <a class=\"more-link\" href=\"https:\/\/bonoro.com.br\/shop\/2026\/06\/ponte-modular-3-portas-de-correr-jade-cabecasa-madeiraoriginals-avela-r-837-05\/\">\u2192<\/a><\/p>\n","protected":false},"author":1,"featured_media":0,"comment_status":"closed","ping_status":"closed","sticky":false,"template":"","format":"standard","meta":{"footnotes":""},"categories":[198],"tags":[44307,205,44664],"class_list":["post-261564","post","type-post","status-publish","format-standard","hentry","category-produtos","tag-837-05","tag-casa-tema-br","tag-ponte-modular-3-portas-de-correr-jade-cabecasa-madeiraoriginals-avela"],"_links":{"self":[{"href":"https:\/\/bonoro.com.br\/shop\/wp-json\/wp\/v2\/posts\/261564","targetHints":{"allow":["GET"]}}],"collection":[{"href":"https:\/\/bonoro.com.br\/shop\/wp-json\/wp\/v2\/posts"}],"about":[{"href":"https:\/\/bonoro.com.br\/shop\/wp-json\/wp\/v2\/types\/post"}],"author":[{"embeddable":true,"href":"https:\/\/bonoro.com.br\/shop\/wp-json\/wp\/v2\/users\/1"}],"replies":[{"embeddable":true,"href":"https:\/\/bonoro.com.br\/shop\/wp-json\/wp\/v2\/comments?post=261564"}],"version-history":[{"count":0,"href":"https:\/\/bonoro.com.br\/shop\/wp-json\/wp\/v2\/posts\/261564\/revisions"}],"wp:attachment":[{"href":"https:\/\/bonoro.com.br\/shop\/wp-json\/wp\/v2\/media?parent=261564"}],"wp:term":[{"taxonomy":"category","embeddable":true,"href":"https:\/\/bonoro.com.br\/shop\/wp-json\/wp\/v2\/categories?post=261564"},{"taxonomy":"post_tag","embeddable":true,"href":"https:\/\/bonoro.com.br\/shop\/wp-json\/wp\/v2\/tags?post=261564"}],"curies":[{"name":"wp","href":"https:\/\/api.w.org\/{rel}","templated":true}]}}