{"id":261528,"date":"2026-06-29T19:05:42","date_gmt":"2026-06-29T19:05:42","guid":{"rendered":"https:\/\/bonoro.com.br\/shop\/2026\/06\/sofa-retratil-190cm-mellow-cabecasa-madeiraoriginals-bege-creme-creme-r-3294-09\/"},"modified":"2026-06-29T19:05:42","modified_gmt":"2026-06-29T19:05:42","slug":"sofa-retratil-190cm-mellow-cabecasa-madeiraoriginals-bege-creme-creme-r-3294-09","status":"publish","type":"post","link":"https:\/\/bonoro.com.br\/shop\/2026\/06\/sofa-retratil-190cm-mellow-cabecasa-madeiraoriginals-bege-creme-creme-r-3294-09\/","title":{"rendered":"Sof\u00e1 Retr\u00e1til 190cm Mellow Cabecasa Madeiraoriginals Bege Creme Creme &#8211; R$ 3294.09"},"content":{"rendered":"<h2><\/h2>\n<h3>Sof\u00e1 Retr\u00e1til 190cm Mellow Cabecasa Madeiraoriginals Bege Creme Creme teve o pre\u00e7o, no dia acima especificado, de <strong>R$ 3294.09<\/strong>.<\/h3>\n<p>Confira o pre\u00e7o atual aqui: <a href=\"https:\/\/www.awin1.com\/cread.php?awinmid=100453&#038;awinaffid=690303&#038;ued=https:\/\/www.casatema.com.br\/sofa-retratil-190cm-mellow-cabecasa-madeiraoriginals-creme\/p?idsku=757419023\" rel=\"sponsored\" target=\"_blank\"><img decoding=\"async\" src=\"https:\/\/ui.awin.com\/images\/upload\/merchant\/profile\/100453.png\" alt=\"Sof\u00e1 Retr\u00e1til 190cm Mellow Cabecasa Madeiraoriginals Bege Creme Creme\" \/> &#8211; nas lojas Casa Tema BR<\/a><\/p>\n<p><img decoding=\"async\" src=\"https:\/\/casatema.vteximg.com.br\/arquivos\/ids\/1450918_2\" alt=\"Sof\u00e1 Retr\u00e1til 190cm Mellow Cabecasa Madeiraoriginals Bege Creme Creme\" \/><br \/>\nSof\u00e1 Retr\u00e1til 190cm Mellow Cabecasa Madeiraoriginals Bege Creme Creme  .body-casatema-use-internal { font-family: Arial, sans-serif; line-height: 1.6; } .container-casatema-use-internal { width: 80%; margin: 0 auto; padding: 20px; } .hx-casatema-use-internal { color: #333; } .ul-casatema-use-internal { list-style-type: none; padding: 0; } .li-casatema-use-internal { background: #f4f4f4; margin: 5px 0; padding: 10px; border-radius: 5px; } .highlight-casatema-use-internal { font-weight: bold; } .image-container-casatema-use-internal, .img-casatema-use-internal { width: 100%; height: auto; } \/* CSS para os atributos *\/ .table-attr-casatema-use-internal { border-spacing: 0px; width: 100%; } .table-attr-casatema-use-internal tr:nth-child(even) { background: #ffffff; } .table-attr-casatema-use-internal tr:nth-child(odd) { background: #dfede9; } .td-left-attr-casatema-use-internal { padding: 10px; width: 30%; font-weight: bold; } .td-right-attr-casatema-use-internal { padding: 10px; width: 70%; } .div-left-attr-casatema-use-internal { width: 100%; } .div-right-attr-casatema-use-internal { width: 100%; } .div-group-attr-casatema-use-internal { padding-bottom: 10px; } @media (min-width: 1224px) { .div-left-attr-casatema-use-internal { width: 49%; float: left; } .div-right-attr-casatema-use-internal { width: 49%; float: right; } }     Sof\u00e1 Retr\u00e1til 190cm Mellow Cabecasa Madeiraoriginals Bege Creme Creme. O Sof\u00e1 Retr\u00e1til Mellow \u00e9 o equil\u00edbrio perfeito entre a vida urbana e o descanso necess\u00e1rio. Desacelerar \u00e9 escolher o ritmo certo: essa \u00e9 a ess\u00eancia de seu design, que une linhas modernas e tra\u00e7os arredondados para criar uma atmosfera calma e acolhedora. Ideal para lares din\u00e2micos, ele atua como um ref\u00fagio inteligente: fechado, oferece eleg\u00e2ncia compacta e organiza\u00e7\u00e3o visual; aberto, transforma-se em uma ilha de conforto compar\u00e1vel a um cinema. Sua qualidade t\u00e9cnica \u00e9 superior: estrutura robusta em madeira de reflorestamento e p\u00e9s em madeira maci\u00e7a. O assento combina espuma D28 e molas Bonnel sobre percintas el\u00e1sticas, garantindo alta resist\u00eancia e durabilidade. O encosto solto em fibra 100% siliconada e os rod\u00edzios de silicone completam a experi\u00eancia de suavidade e praticidade.   Caracter\u00edsticasAmbiente PrincipalSala de EstarBipartidaN\u00e3oCorCremeCor PredominanteBegeCor do ProdutoCremeEstiloModernoEstilo de Bra\u00e7oBra\u00e7os RedondosFabrica\u00e7\u00e3o Pr\u00f3priaSimLinha ou Cole\u00e7\u00e3oMellowMarcaCabeCasa MadeiraMadeiraModelo do Sof\u00e1Somente Retr\u00e1tilN\u00edvel de ConfortoIntermedi\u00e1rioPet FriendlyN\u00e3oPossui MolaSimPossui Percintas El\u00e1sticasSimPossui P\u00e9sSimPossui Rod\u00edzioSimQuantidade de Lugares2Quantidade de Molas por Assento1Rod\u00edzio com TravaN\u00e3oSuporta At\u00e9 (kg)200.0Tecido PredominanteLinhoTipo de EncostoFixoTipo de MolaMolas BonnelTipo de Sof\u00e1Sof\u00e1s ComunsDocumentos Adicionaismanual de montagemClique aqui para acessarGarantiaGarantia12 MesesItens InclusosAcompanha Almofadas ExtrasN\u00e3oItens Inclusos01 Sof\u00e1, Manual de Montagem e Kit FerragensMateriais e AcabamentosMaterial da Corredi\u00e7a do Sof\u00e1A\u00e7o\/MetalMaterial da EstruturaMadeira EucaliptoMaterial dos P\u00e9sEucaliptoMontagemNecessita MontagemN\u00e3oRecomenda\u00e7\u00f5es de Uso, Manuten\u00e7\u00e3o e LimpezaEvitar exposi\u00e7\u00e3o direta \u00e0 luz solar, limpar com escova macia e aspirar o p\u00f3 semanalmente, n\u00e3o utilizar produtos qu\u00edmicos, removedores, alvejantes, etc. Evite exercer press\u00e3o excessiva sobre determinada partes do estofado, n\u00e3o utilizar para limpeza equipamentos a vapor de \u00e1gua.Outras caracter\u00edsticasProfundidade Quando EstendidocmPesos e Dimens\u00f5esAltura (cm)88.0Altura do Assento at\u00e9 o Ch\u00e3o44.0Altura do Encosto74.0Altura dos P\u00e9s3.0Largura (cm)190.0Largura do Bra\u00e7o16.0Peso (kg)64.0Profundidade (cm)100.0<\/p>\n<hr \/>\n<h4>Aproveite e pesquise o pre\u00e7o deste produto em dezenas de lojas dos marketplaces abaixo:<\/h4>\n<p><a href=\"https:\/\/www.magazinevoce.com.br\/magazineezu\/busca\/Sof\u00e1 Retr\u00e1til 190cm Mellow Cabecasa Madeiraoriginals Bege Creme Creme\/\" target=\"_blank\" rel=\"noopener\"><img decoding=\"async\" src=\"https:\/\/bateroda.com.br\/marketplace\/logos\/magaezu.jpg\" alt=\"Pesquise no Magazine eZu\" \/> &#8211; Magazine eZu<\/a><\/p>\n<hr \/>\n<p><!-- START ADVERTISER: Webcontinental BR from awin.com --><\/p>\n<p><a href=\"https:\/\/www.awin1.com\/cread.php?awinmid=17743&#038;awinaffid=690303&#038;ued=https%3A%2F%2Fwww.webcontinental.com.br%2FSof\u00e1 Retr\u00e1til 190cm Mellow Cabecasa Madeiraoriginals Bege Creme Creme%3F_q%3DSof\u00e1 Retr\u00e1til 190cm Mellow Cabecasa Madeiraoriginals Bege Creme Creme%26map%3Dft\" rel=\"sponsored\"><img decoding=\"async\" src=\"https:\/\/lojawebcontinental.vtexassets.com\/arquivos\/logo-webcontinental-checkout.png\" border=\"0\" \/> &#8211; Loja Online.<\/a><\/p>\n<p><!-- END ADVERTISER: Webcontinental BR from awin.com --><\/p>\n","protected":false},"excerpt":{"rendered":"<p>R$ 3294.09 nas lojas <a href=\"https:\/\/www.awin1.com\/pclick.php?p=44999528973&#038;a=690303&#038;m=100453\" target=\"_blank\" rel=\"sponsored\">Casa Tema BR<\/a> <a class=\"more-link\" href=\"https:\/\/bonoro.com.br\/shop\/2026\/06\/sofa-retratil-190cm-mellow-cabecasa-madeiraoriginals-bege-creme-creme-r-3294-09\/\">\u2192<\/a><\/p>\n","protected":false},"author":1,"featured_media":0,"comment_status":"closed","ping_status":"closed","sticky":false,"template":"","format":"standard","meta":{"footnotes":""},"categories":[198],"tags":[13022,205,44609],"class_list":["post-261528","post","type-post","status-publish","format-standard","hentry","category-produtos","tag-3294-09","tag-casa-tema-br","tag-sofa-retratil-190cm-mellow-cabecasa-madeiraoriginals-bege-creme-creme"],"_links":{"self":[{"href":"https:\/\/bonoro.com.br\/shop\/wp-json\/wp\/v2\/posts\/261528","targetHints":{"allow":["GET"]}}],"collection":[{"href":"https:\/\/bonoro.com.br\/shop\/wp-json\/wp\/v2\/posts"}],"about":[{"href":"https:\/\/bonoro.com.br\/shop\/wp-json\/wp\/v2\/types\/post"}],"author":[{"embeddable":true,"href":"https:\/\/bonoro.com.br\/shop\/wp-json\/wp\/v2\/users\/1"}],"replies":[{"embeddable":true,"href":"https:\/\/bonoro.com.br\/shop\/wp-json\/wp\/v2\/comments?post=261528"}],"version-history":[{"count":0,"href":"https:\/\/bonoro.com.br\/shop\/wp-json\/wp\/v2\/posts\/261528\/revisions"}],"wp:attachment":[{"href":"https:\/\/bonoro.com.br\/shop\/wp-json\/wp\/v2\/media?parent=261528"}],"wp:term":[{"taxonomy":"category","embeddable":true,"href":"https:\/\/bonoro.com.br\/shop\/wp-json\/wp\/v2\/categories?post=261528"},{"taxonomy":"post_tag","embeddable":true,"href":"https:\/\/bonoro.com.br\/shop\/wp-json\/wp\/v2\/tags?post=261528"}],"curies":[{"name":"wp","href":"https:\/\/api.w.org\/{rel}","templated":true}]}}