{"id":261423,"date":"2026-06-29T11:13:52","date_gmt":"2026-06-29T11:13:52","guid":{"rendered":"https:\/\/bonoro.com.br\/shop\/2026\/06\/guarda-roupa-modulado-100-mdf-1-porta-reflecta-orion-cabecasa-madeiraoriginals-mocha-reflecta-r-1989-05\/"},"modified":"2026-06-29T11:13:52","modified_gmt":"2026-06-29T11:13:52","slug":"guarda-roupa-modulado-100-mdf-1-porta-reflecta-orion-cabecasa-madeiraoriginals-mocha-reflecta-r-1989-05","status":"publish","type":"post","link":"https:\/\/bonoro.com.br\/shop\/2026\/06\/guarda-roupa-modulado-100-mdf-1-porta-reflecta-orion-cabecasa-madeiraoriginals-mocha-reflecta-r-1989-05\/","title":{"rendered":"Guarda-Roupa Modulado 100% MDF 1 Porta Reflecta Orion CabeCasa MadeiraOriginals Mocha\/ Reflecta &#8211; R$ 1989.05"},"content":{"rendered":"<h2><\/h2>\n<h3>Guarda-Roupa Modulado 100% MDF 1 Porta Reflecta Orion CabeCasa MadeiraOriginals Mocha\/ Reflecta teve o pre\u00e7o, no dia acima especificado, de <strong>R$ 1989.05<\/strong>.<\/h3>\n<p>Confira o pre\u00e7o atual aqui: <a href=\"https:\/\/www.awin1.com\/cread.php?awinmid=100453&#038;awinaffid=690303&#038;ued=https:\/\/www.casatema.com.br\/guarda-roupa-modulado-100--mdf-1-porta-reflecta-orion-cabecasa-madeiraoriginals-mocha--reflecta\/p?idsku=606563341\" rel=\"sponsored\" target=\"_blank\"><img decoding=\"async\" src=\"https:\/\/ui.awin.com\/images\/upload\/merchant\/profile\/100453.png\" alt=\"Guarda-Roupa Modulado 100% MDF 1 Porta Reflecta Orion CabeCasa MadeiraOriginals Mocha\/ Reflecta\" \/> &#8211; nas lojas Casa Tema BR<\/a><\/p>\n<p><img decoding=\"async\" src=\"https:\/\/casatema.vteximg.com.br\/arquivos\/ids\/1449845_2\" alt=\"Guarda-Roupa Modulado 100% MDF 1 Porta Reflecta Orion CabeCasa MadeiraOriginals Mocha\/ Reflecta\" \/><br \/>\nGuarda-Roupa Modulado 100% MDF 1 Porta Reflecta Orion CabeCasa MadeiraOriginals Mocha\/ Reflecta  .body-casatema-use-internal { font-family: Arial, sans-serif; line-height: 1.6; } .container-casatema-use-internal { width: 80%; margin: 0 auto; padding: 20px; } .hx-casatema-use-internal { color: #333; } .ul-casatema-use-internal { list-style-type: none; padding: 0; } .li-casatema-use-internal { background: #f4f4f4; margin: 5px 0; padding: 10px; border-radius: 5px; } .highlight-casatema-use-internal { font-weight: bold; } .image-container-casatema-use-internal, .img-casatema-use-internal { width: 100%; height: auto; } \/* CSS para os atributos *\/ .table-attr-casatema-use-internal { border-spacing: 0px; width: 100%; } .table-attr-casatema-use-internal tr:nth-child(even) { background: #ffffff; } .table-attr-casatema-use-internal tr:nth-child(odd) { background: #dfede9; } .td-left-attr-casatema-use-internal { padding: 10px; width: 30%; font-weight: bold; } .td-right-attr-casatema-use-internal { padding: 10px; width: 70%; } .div-left-attr-casatema-use-internal { width: 100%; } .div-right-attr-casatema-use-internal { width: 100%; } .div-group-attr-casatema-use-internal { padding-bottom: 10px; } @media (min-width: 1224px) { .div-left-attr-casatema-use-internal { width: 49%; float: left; } .div-right-attr-casatema-use-internal { width: 49%; float: right; } }     Guarda-Roupa Modulado 100% MDF 1 Porta Reflecta Orion CabeCasa MadeiraOriginals Mocha\/ Reflecta. Orion \u00e9 um guarda-roupa Modular que une tecnologia, sofistica\u00e7\u00e3o e design atemporal. Com portas em vidro reflecta e corpo 100% em MDF, sua composi\u00e7\u00e3o de cores e distribui\u00e7\u00e3o interna valorizam a usabilidade, trazendo aconchego e eleg\u00e2ncia ao ambiente. As portas met\u00e1licas em alum\u00ednio, com puxador slim, completam o visual minimalista. Na vers\u00e3o com ilumina\u00e7\u00e3o em LED dimeriz\u00e1vel e acionamento touch lateral, o interior se transforma em uma vitrine funcional \u2014 revelando com suavidade e intensidade ajust\u00e1vel tudo o que importa. As prateleiras m\u00f3veis e as ferragens premium \u2014 com dobradi\u00e7as soft close e corredi\u00e7as refor\u00e7adas de 45 mm \u2014 garantem durabilidade, conforto e sofistica\u00e7\u00e3o no uso di\u00e1rio.   Caracter\u00edsticasAmbiente PrincipalQuartoCorMochaCor PredominanteMarromCor da PortaMarromCor do PuxadorBronzeEstiloModernoFabrica\u00e7\u00e3o Pr\u00f3priaSimFormato da Janela da PortaRet\u00e2nguloLinha ou Cole\u00e7\u00e3oOrionMarcaCabeCasa MadeiraMadeiraModularSimOrigem do ProdutoNacionalPeso M\u00e1ximo por Prateleira5.0Possui CabideirosSimPossui CalceirosN\u00e3oPossui EspelhosN\u00e3oPossui GavetasN\u00e3oPossui Ilumina\u00e7\u00e3oSimPossui PortasSimPossui PrateleirasSimPossui P\u00e9sRodap\u00e9Quantidade de Cabideiros01 CabideiroQuantidade de GavetasN\u00e3o PossuiQuantidade de Portas1 PortaQuantidade de Prateleiras05 PrateleirasSapatas NiveladorasN\u00e3oSuporta At\u00e9 (kg)30.0Tipo de Guarda-roupaModuladoTipo de PortaBaterTipo de Puxador da PortaExternoDocumentos AdicionaisManual de Montagem e Instala\u00e7\u00e3oClique aqui para acessarGarantiaGarantia24 MesesItens InclusosItens Inclusos1 Guarda Roupas Orion 1 Porta, Kit Led, Manual de Montagem e Kit FerragensMateriais e AcabamentosAcabamentoPinturaAcabamento da PortaPinturaAcabamento da PrateleiraPinturaAcabamento dos P\u00e9sPinturaEscala de BrilhoSemi-BrilhoEscala de Brilho da PortaSemi-BrilhoEscala de Brilho da PrateleiraSemi-BrilhoMaterial PrincipalMDFMaterial da PortaMDFMaterial da PrateleiraMDFMaterial do Puxador da PortaAlum\u00ednioTipo de Corredi\u00e7a da GavetaMet\u00e1lica Telesc\u00f3picaTipo de Dobradi\u00e7a\/Corredi\u00e7a da PortaMet\u00e1licaMontagemComplexidade da MontagemAlta: deve ser montado por um montador especializadoMontagem FlexA porta pode ser montada com abertura para esquerda ou direita.Necessita MontagemSimRecomenda\u00e7\u00f5es de Uso, Manuten\u00e7\u00e3o e LimpezaUtilizar pano macio e levemente umedecido. N\u00e3o utilizar produtos qu\u00edmicos ou abrasivos. N\u00e3o deixar exposto ao sol ou umidade.Sistema de MontagemParafusos, Cavilha e Minifix.Pesos e Dimens\u00f5esAltura (cm)230.0Altura dos P\u00e9s10.0Espessura da Estrutura (mm)15.0Espessura das Portas (mm)15.0Espessura das Prateleiras (mm)15.0Espessura do Fundo (mm)3.0Espessura do Fundo das Gavetas (mm)3.0Largura (cm)41.0Peso (kg)57.0Profundidade (cm)56.0<\/p>\n<hr \/>\n<h4>Aproveite e pesquise o pre\u00e7o deste produto em dezenas de lojas dos marketplaces abaixo:<\/h4>\n<p><a href=\"https:\/\/www.magazinevoce.com.br\/magazineezu\/busca\/Guarda-Roupa Modulado 100% MDF 1 Porta Reflecta Orion CabeCasa MadeiraOriginals Mocha\/ Reflecta\/\" target=\"_blank\" rel=\"noopener\"><img decoding=\"async\" src=\"https:\/\/bateroda.com.br\/marketplace\/logos\/magaezu.jpg\" alt=\"Pesquise no Magazine eZu\" \/> &#8211; Magazine eZu<\/a><\/p>\n<hr \/>\n<p><!-- START ADVERTISER: Webcontinental BR from awin.com --><\/p>\n<p><a href=\"https:\/\/www.awin1.com\/cread.php?awinmid=17743&#038;awinaffid=690303&#038;ued=https%3A%2F%2Fwww.webcontinental.com.br%2FGuarda-Roupa Modulado 100% MDF 1 Porta Reflecta Orion CabeCasa MadeiraOriginals Mocha\/ Reflecta%3F_q%3DGuarda-Roupa Modulado 100% MDF 1 Porta Reflecta Orion CabeCasa MadeiraOriginals Mocha\/ Reflecta%26map%3Dft\" rel=\"sponsored\"><img decoding=\"async\" src=\"https:\/\/lojawebcontinental.vtexassets.com\/arquivos\/logo-webcontinental-checkout.png\" border=\"0\" \/> &#8211; Loja Online.<\/a><\/p>\n<p><!-- END ADVERTISER: Webcontinental BR from awin.com --><\/p>\n","protected":false},"excerpt":{"rendered":"<p>R$ 1989.05 nas lojas <a href=\"https:\/\/www.awin1.com\/pclick.php?p=44999528868&#038;a=690303&#038;m=100453\" target=\"_blank\" rel=\"sponsored\">Casa Tema BR<\/a> <a class=\"more-link\" href=\"https:\/\/bonoro.com.br\/shop\/2026\/06\/guarda-roupa-modulado-100-mdf-1-porta-reflecta-orion-cabecasa-madeiraoriginals-mocha-reflecta-r-1989-05\/\">\u2192<\/a><\/p>\n","protected":false},"author":1,"featured_media":0,"comment_status":"closed","ping_status":"closed","sticky":false,"template":"","format":"standard","meta":{"footnotes":""},"categories":[198],"tags":[44447,205,44446],"class_list":["post-261423","post","type-post","status-publish","format-standard","hentry","category-produtos","tag-1989-05","tag-casa-tema-br","tag-guarda-roupa-modulado-100-mdf-1-porta-reflecta-orion-cabecasa-madeiraoriginals-mocha-reflecta"],"_links":{"self":[{"href":"https:\/\/bonoro.com.br\/shop\/wp-json\/wp\/v2\/posts\/261423","targetHints":{"allow":["GET"]}}],"collection":[{"href":"https:\/\/bonoro.com.br\/shop\/wp-json\/wp\/v2\/posts"}],"about":[{"href":"https:\/\/bonoro.com.br\/shop\/wp-json\/wp\/v2\/types\/post"}],"author":[{"embeddable":true,"href":"https:\/\/bonoro.com.br\/shop\/wp-json\/wp\/v2\/users\/1"}],"replies":[{"embeddable":true,"href":"https:\/\/bonoro.com.br\/shop\/wp-json\/wp\/v2\/comments?post=261423"}],"version-history":[{"count":0,"href":"https:\/\/bonoro.com.br\/shop\/wp-json\/wp\/v2\/posts\/261423\/revisions"}],"wp:attachment":[{"href":"https:\/\/bonoro.com.br\/shop\/wp-json\/wp\/v2\/media?parent=261423"}],"wp:term":[{"taxonomy":"category","embeddable":true,"href":"https:\/\/bonoro.com.br\/shop\/wp-json\/wp\/v2\/categories?post=261423"},{"taxonomy":"post_tag","embeddable":true,"href":"https:\/\/bonoro.com.br\/shop\/wp-json\/wp\/v2\/tags?post=261423"}],"curies":[{"name":"wp","href":"https:\/\/api.w.org\/{rel}","templated":true}]}}