{"id":261310,"date":"2026-06-28T21:03:26","date_gmt":"2026-06-28T21:03:26","guid":{"rendered":"https:\/\/bonoro.com.br\/shop\/2026\/06\/cozinha-modulada-5-pecas-3-aereos-1-balcao-1-paneleiro-nara-cabecasa-madeiraoriginals-avena-cinza-claro-r-2895-28\/"},"modified":"2026-06-28T21:03:26","modified_gmt":"2026-06-28T21:03:26","slug":"cozinha-modulada-5-pecas-3-aereos-1-balcao-1-paneleiro-nara-cabecasa-madeiraoriginals-avena-cinza-claro-r-2895-28","status":"publish","type":"post","link":"https:\/\/bonoro.com.br\/shop\/2026\/06\/cozinha-modulada-5-pecas-3-aereos-1-balcao-1-paneleiro-nara-cabecasa-madeiraoriginals-avena-cinza-claro-r-2895-28\/","title":{"rendered":"Cozinha Modulada 5 Pe\u00e7as 3 A\u00e9reos 1 Balc\u00e3o 1 Paneleiro Nara CabeCasa MadeiraOriginals Avena\/Cinza Claro &#8211; R$ 2895.28"},"content":{"rendered":"<h2><\/h2>\n<h3>Cozinha Modulada 5 Pe\u00e7as 3 A\u00e9reos 1 Balc\u00e3o 1 Paneleiro Nara CabeCasa MadeiraOriginals Avena\/Cinza Claro teve o pre\u00e7o, no dia acima especificado, de <strong>R$ 2895.28<\/strong>.<\/h3>\n<p>Confira o pre\u00e7o atual aqui: <a href=\"https:\/\/www.awin1.com\/cread.php?awinmid=100453&#038;awinaffid=690303&#038;ued=https:\/\/www.casatema.com.br\/cozinha-modulada-5-pecas-3-aereos-1-balcao-1-paneleiro-nara-cabecasa-madeiraoriginals-avena-cinza-claro\/p?idsku=454438047\" rel=\"sponsored\" target=\"_blank\"><img decoding=\"async\" src=\"https:\/\/ui.awin.com\/images\/upload\/merchant\/profile\/100453.png\" alt=\"Cozinha Modulada 5 Pe\u00e7as 3 A\u00e9reos 1 Balc\u00e3o 1 Paneleiro Nara CabeCasa MadeiraOriginals Avena\/Cinza Claro\" \/> &#8211; nas lojas Casa Tema BR<\/a><\/p>\n<p><img decoding=\"async\" src=\"https:\/\/casatema.vteximg.com.br\/arquivos\/ids\/1448649_2\" alt=\"Cozinha Modulada 5 Pe\u00e7as 3 A\u00e9reos 1 Balc\u00e3o 1 Paneleiro Nara CabeCasa MadeiraOriginals Avena\/Cinza Claro\" \/><br \/>\nCozinha Modulada 5 Pe\u00e7as 3 A\u00e9reos 1 Balc\u00e3o 1 Paneleiro Nara CabeCasa MadeiraOriginals Avena\/Cinza Claro  .body-casatema-use-internal { font-family: Arial, sans-serif; line-height: 1.6; } .container-casatema-use-internal { width: 80%; margin: 0 auto; padding: 20px; } .hx-casatema-use-internal { color: #333; } .ul-casatema-use-internal { list-style-type: none; padding: 0; } .li-casatema-use-internal { background: #f4f4f4; margin: 5px 0; padding: 10px; border-radius: 5px; } .highlight-casatema-use-internal { font-weight: bold; } .image-container-casatema-use-internal, .img-casatema-use-internal { width: 100%; height: auto; } \/* CSS para os atributos *\/ .table-attr-casatema-use-internal { border-spacing: 0px; width: 100%; } .table-attr-casatema-use-internal tr:nth-child(even) { background: #ffffff; } .table-attr-casatema-use-internal tr:nth-child(odd) { background: #dfede9; } .td-left-attr-casatema-use-internal { padding: 10px; width: 30%; font-weight: bold; } .td-right-attr-casatema-use-internal { padding: 10px; width: 70%; } .div-left-attr-casatema-use-internal { width: 100%; } .div-right-attr-casatema-use-internal { width: 100%; } .div-group-attr-casatema-use-internal { padding-bottom: 10px; } @media (min-width: 1224px) { .div-left-attr-casatema-use-internal { width: 49%; float: left; } .div-right-attr-casatema-use-internal { width: 49%; float: right; } }     Cozinha Modulada 5 Pe\u00e7as 3 A\u00e9reos 1 Balc\u00e3o 1 Paneleiro Nara CabeCasa MadeiraOriginals Avena\/Cinza Claro. A Linha Nara captura a alma da cidade japonesa, traduzindo sua est\u00e9tica minimalista, a valoriza\u00e7\u00e3o do espa\u00e7o e a busca pela funcionalidade em um design contempor\u00e2neo e elegante. Cada elemento \u00e9 cuidadosamente concebido para criar um ambiente de cozinha que seja n\u00e3o apenas pr\u00e1tico, mas tamb\u00e9m um ref\u00fagio de organiza\u00e7\u00e3o e equil\u00edbrio. A linha foi pensada para permitir que o cliente a expanda na altura, combinando os m\u00f3dulos basculantes a\u00e9reos a cozinha pode chegar at\u00e9 a altura de 2,37 m conferindo um visual imponente para o ambiente. Al\u00e9m disso a linha Nara conta com m\u00f3dulos em reflecta que elevam o visual da cozinha e trazem um ponto de destaque para a decora\u00e7\u00e3o. A linha modular Nara possui um sistema modular pensado para funcionar com as principais dimens\u00f5es de pias e cubas do mercado permitindo versatilidade e encaixe otimizado para sua cozinha desde de o menores espa\u00e7os at\u00e9 cozinhas amplas.   Caracter\u00edsticasAmbiente PrincipalCozinhaCorAvena\/Cinza ClaroCor PredominanteMarromCor do ProdutoAvena\/Cinza ClaroEstiloModernoFabrica\u00e7\u00e3o Pr\u00f3priaSimLinha ou Cole\u00e7\u00e3oNaraMarcaCabeCasa MadeiraMadeiraModularSimOrigem do ProdutoNacionalPeso M\u00e1ximo por Gaveta1.5Possui GavetasSimPossui PortasSimPossui P\u00e9sN\u00e3oPossui Recorte para CooktopN\u00e3oPossui Rod\u00edzioN\u00e3oQuantidade de Gavetas03 GavetasQuantidade de PrateleirasN\u00e3o PossuiQuantidade do Produto1Tipo de Arm\u00e1rio de CozinhaCozinha CompletaTipo de PortaBaterTipo de Puxador da GavetaExternoTipo de Puxador da PortaExternoOutras caracter\u00edsticasAmbientenullGarantiaGarantia12 MesesItens InclusosAcompanha TampoSimMateriais e AcabamentosAcabamentoFinish FoilAcabamento da GavetaFinish FoilAcabamento da PortaFinish FoilEscala de BrilhoFoscoEscala de Brilho da GavetaFoscoEscala de Brilho da PortaFoscoMaterial PrincipalMDPMaterial da Corredi\u00e7aMet\u00e1licaMaterial da Dobradi\u00e7a\/Corredi\u00e7a da PortaMet\u00e1licaMaterial da GavetaMDFMaterial da PortaMDPMaterial do Puxador da GavetaPl\u00e1sticoMaterial do TampoMDPResistente \u00e0 ChuvaN\u00e3oTipo de Corredi\u00e7a da GavetaMet\u00e1lica Telesc\u00f3picaTipo de Dobradi\u00e7a\/Corredi\u00e7a da PortaSoft CloseMontagemComplexidade da MontagemM\u00e9dia: pode ser montado por mais de uma pessoa e\/ou necessite de maior conhecimento para montagemNecessita MontagemSimRecomenda\u00e7\u00f5es de Uso, Manuten\u00e7\u00e3o e LimpezaA limpeza deve ser feita com pano macio, levemente umedecido com \u00e1gua e sab\u00e3o neutro. Em seguida, passe um pano seco para evitar o ac\u00famulo de umidade. Nunca utilize produtos abrasivos, esponjas de a\u00e7o, alvejantes, \u00e1lcool em excesso ou solventes, pois esses produtos podem agredir o acabamento e comprometer sua apar\u00eancia.Sistema de MontagemParafusos e cavilhas.<\/p>\n<hr \/>\n<h4>Aproveite e pesquise o pre\u00e7o deste produto em dezenas de lojas dos marketplaces abaixo:<\/h4>\n<p><a href=\"https:\/\/www.magazinevoce.com.br\/magazineezu\/busca\/Cozinha Modulada 5 Pe\u00e7as 3 A\u00e9reos 1 Balc\u00e3o 1 Paneleiro Nara CabeCasa MadeiraOriginals Avena\/Cinza Claro\/\" target=\"_blank\" rel=\"noopener\"><img decoding=\"async\" src=\"https:\/\/bateroda.com.br\/marketplace\/logos\/magaezu.jpg\" alt=\"Pesquise no Magazine eZu\" \/> &#8211; Magazine eZu<\/a><\/p>\n<hr \/>\n<p><!-- START ADVERTISER: Webcontinental BR from awin.com --><\/p>\n<p><a href=\"https:\/\/www.awin1.com\/cread.php?awinmid=17743&#038;awinaffid=690303&#038;ued=https%3A%2F%2Fwww.webcontinental.com.br%2FCozinha Modulada 5 Pe\u00e7as 3 A\u00e9reos 1 Balc\u00e3o 1 Paneleiro Nara CabeCasa MadeiraOriginals Avena\/Cinza Claro%3F_q%3DCozinha Modulada 5 Pe\u00e7as 3 A\u00e9reos 1 Balc\u00e3o 1 Paneleiro Nara CabeCasa MadeiraOriginals Avena\/Cinza Claro%26map%3Dft\" rel=\"sponsored\"><img decoding=\"async\" src=\"https:\/\/lojawebcontinental.vtexassets.com\/arquivos\/logo-webcontinental-checkout.png\" border=\"0\" \/> &#8211; Loja Online.<\/a><\/p>\n<p><!-- END ADVERTISER: Webcontinental BR from awin.com --><\/p>\n","protected":false},"excerpt":{"rendered":"<p>R$ 2895.28 nas lojas <a href=\"https:\/\/www.awin1.com\/pclick.php?p=44999528755&#038;a=690303&#038;m=100453\" target=\"_blank\" rel=\"sponsored\">Casa Tema BR<\/a> <a class=\"more-link\" href=\"https:\/\/bonoro.com.br\/shop\/2026\/06\/cozinha-modulada-5-pecas-3-aereos-1-balcao-1-paneleiro-nara-cabecasa-madeiraoriginals-avena-cinza-claro-r-2895-28\/\">\u2192<\/a><\/p>\n","protected":false},"author":1,"featured_media":0,"comment_status":"closed","ping_status":"closed","sticky":false,"template":"","format":"standard","meta":{"footnotes":""},"categories":[198],"tags":[44265,205,44264],"class_list":["post-261310","post","type-post","status-publish","format-standard","hentry","category-produtos","tag-2895-28","tag-casa-tema-br","tag-cozinha-modulada-5-pecas-3-aereos-1-balcao-1-paneleiro-nara-cabecasa-madeiraoriginals-avena-cinza-claro"],"_links":{"self":[{"href":"https:\/\/bonoro.com.br\/shop\/wp-json\/wp\/v2\/posts\/261310","targetHints":{"allow":["GET"]}}],"collection":[{"href":"https:\/\/bonoro.com.br\/shop\/wp-json\/wp\/v2\/posts"}],"about":[{"href":"https:\/\/bonoro.com.br\/shop\/wp-json\/wp\/v2\/types\/post"}],"author":[{"embeddable":true,"href":"https:\/\/bonoro.com.br\/shop\/wp-json\/wp\/v2\/users\/1"}],"replies":[{"embeddable":true,"href":"https:\/\/bonoro.com.br\/shop\/wp-json\/wp\/v2\/comments?post=261310"}],"version-history":[{"count":0,"href":"https:\/\/bonoro.com.br\/shop\/wp-json\/wp\/v2\/posts\/261310\/revisions"}],"wp:attachment":[{"href":"https:\/\/bonoro.com.br\/shop\/wp-json\/wp\/v2\/media?parent=261310"}],"wp:term":[{"taxonomy":"category","embeddable":true,"href":"https:\/\/bonoro.com.br\/shop\/wp-json\/wp\/v2\/categories?post=261310"},{"taxonomy":"post_tag","embeddable":true,"href":"https:\/\/bonoro.com.br\/shop\/wp-json\/wp\/v2\/tags?post=261310"}],"curies":[{"name":"wp","href":"https:\/\/api.w.org\/{rel}","templated":true}]}}