{"id":261260,"date":"2026-06-27T19:42:00","date_gmt":"2026-06-27T19:42:00","guid":{"rendered":"https:\/\/bonoro.com.br\/shop\/2026\/06\/sofa-modular-2-lugares-easybox-cabecasa-madeiraoriginals-cotele-verde-escuro-cotele-verde-escuro-r-4810-09\/"},"modified":"2026-06-27T19:42:00","modified_gmt":"2026-06-27T19:42:00","slug":"sofa-modular-2-lugares-easybox-cabecasa-madeiraoriginals-cotele-verde-escuro-cotele-verde-escuro-r-4810-09","status":"publish","type":"post","link":"https:\/\/bonoro.com.br\/shop\/2026\/06\/sofa-modular-2-lugares-easybox-cabecasa-madeiraoriginals-cotele-verde-escuro-cotele-verde-escuro-r-4810-09\/","title":{"rendered":"Sof\u00e1 Modular 2 Lugares Easybox Cabecasa Madeiraoriginals Cotel\u00ea Verde Escuro Cotel\u00ea Verde Escuro &#8211; R$ 4810.09"},"content":{"rendered":"<h2><\/h2>\n<h3>Sof\u00e1 Modular 2 Lugares Easybox Cabecasa Madeiraoriginals Cotel\u00ea Verde Escuro Cotel\u00ea Verde Escuro teve o pre\u00e7o, no dia acima especificado, de <strong>R$ 4810.09<\/strong>.<\/h3>\n<p>Confira o pre\u00e7o atual aqui: <a href=\"https:\/\/www.awin1.com\/cread.php?awinmid=100453&#038;awinaffid=690303&#038;ued=https:\/\/www.casatema.com.br\/sofa-modular-2-lugares-easybox-cabecasa-madeiraoriginals-cotele-verde-escuro\/p?idsku=394580230\" rel=\"sponsored\" target=\"_blank\"><img decoding=\"async\" src=\"https:\/\/ui.awin.com\/images\/upload\/merchant\/profile\/100453.png\" alt=\"Sof\u00e1 Modular 2 Lugares Easybox Cabecasa Madeiraoriginals Cotel\u00ea Verde Escuro Cotel\u00ea Verde Escuro\" \/> &#8211; nas lojas Casa Tema BR<\/a><\/p>\n<p><img decoding=\"async\" src=\"https:\/\/casatema.vteximg.com.br\/arquivos\/ids\/1448063_2\" alt=\"Sof\u00e1 Modular 2 Lugares Easybox Cabecasa Madeiraoriginals Cotel\u00ea Verde Escuro Cotel\u00ea Verde Escuro\" \/><br \/>\nSof\u00e1 Modular 2 Lugares Easybox Cabecasa Madeiraoriginals Cotel\u00ea Verde Escuro Cotel\u00ea Verde Escuro  .body-casatema-use-internal { font-family: Arial, sans-serif; line-height: 1.6; } .container-casatema-use-internal { width: 80%; margin: 0 auto; padding: 20px; } .hx-casatema-use-internal { color: #333; } .ul-casatema-use-internal { list-style-type: none; padding: 0; } .li-casatema-use-internal { background: #f4f4f4; margin: 5px 0; padding: 10px; border-radius: 5px; } .highlight-casatema-use-internal { font-weight: bold; } .image-container-casatema-use-internal, .img-casatema-use-internal { width: 100%; height: auto; } \/* CSS para os atributos *\/ .table-attr-casatema-use-internal { border-spacing: 0px; width: 100%; } .table-attr-casatema-use-internal tr:nth-child(even) { background: #ffffff; } .table-attr-casatema-use-internal tr:nth-child(odd) { background: #dfede9; } .td-left-attr-casatema-use-internal { padding: 10px; width: 30%; font-weight: bold; } .td-right-attr-casatema-use-internal { padding: 10px; width: 70%; } .div-left-attr-casatema-use-internal { width: 100%; } .div-right-attr-casatema-use-internal { width: 100%; } .div-group-attr-casatema-use-internal { padding-bottom: 10px; } @media (min-width: 1224px) { .div-left-attr-casatema-use-internal { width: 49%; float: left; } .div-right-attr-casatema-use-internal { width: 49%; float: right; } }     Sof\u00e1 Modular 2 Lugares Easybox Cabecasa Madeiraoriginals Cotel\u00ea Verde Escuro Cotel\u00ea Verde Escuro. O sof\u00e1 EasyBox \u00e9 a escolha ideal para quem busca um sof\u00e1 modular, pr\u00e1tico e do seu jeito! Com entrega compacta que chega a v\u00e1cuo dentro de uma caixa, ele \u00e9 f\u00e1cil de transportar e se adapta a qualquer espa\u00e7o. Ele oferece a combina\u00e7\u00e3o perfeita de conforto, leveza e durabilidade. Sua modularidade permite montar e reorganizar como quiser: crie um cantinho aconchegante, uma disposi\u00e7\u00e3o em \u201cL\u201d ou at\u00e9 uma ilha de assentos dupla face para socializar. Quer algo diferente hoje? Fa\u00e7a a mudan\u00e7a em minutos e pronto! Perfeito para quem curte versatilidade sem complica\u00e7\u00e3o, a conex\u00e3o dos m\u00f3dulos \u00e9 feita de forma pr\u00e1tica, permitindo trocas r\u00e1pidas de layout sem esfor\u00e7o e sem riscar o piso. O acabamento em tecido Cotel\u00ea traz um toque moderno e aconchegante, enquanto os m\u00f3dulos de canto e central v\u00eam com almofadas decorativas que adicionam charme e conforto. EasyBox \u00e9 mais que um sof\u00e1; \u00e9 uma pe\u00e7a multifuncional que acompanha seu estilo e muda com voc\u00ea!   Caracter\u00edsticasAmbienteSala de EstarAmbiente PrincipalSala de EstarCorVerde EscuroCor PredominanteVerdeCor do ProdutoCotel\u00ea Verde EscuroDensidade do AssentoD-28Enchimento do EncostoEspumaEstiloModernoFabrica\u00e7\u00e3o Pr\u00f3priaSimLinha ou Cole\u00e7\u00e3oEasyboxMarcaCabeCasa MadeiraMadeiraPet FriendlyN\u00e3oPossui MolaN\u00e3oPossui P\u00e9sN\u00e3oQuantidade de Lugares2Suporta At\u00e9 (kg)150.0Tecido PredominanteVeludoTipo de EncostoFixoGarantiaGarantia24 MesesItens InclusosAcompanha Almofadas Extras2Itens Inclusos02 PoltronasMontagemNecessita MontagemN\u00e3oRecomenda\u00e7\u00f5es de Uso, Manuten\u00e7\u00e3o e LimpezaPara a limpeza di\u00e1ria do seu sof\u00e1, utilize o aspirador para manter o sof\u00e1 impec\u00e1vel, para manchas, \u00e1gua e sab\u00e3o neutro. Em caso de servi\u00e7o contratado para a limpeza, recomendamos profissional para limpeza mais intensa. Considere a impermeabiliza\u00e7\u00e3o para prote\u00e7\u00e3o extra. Pesos e Dimens\u00f5esAltura (cm)68.0Altura do Assento at\u00e9 o Ch\u00e3o35.0Altura do Encosto33.0Largura (cm)172.0Peso (kg)24.8Profundidade (cm)86.0<\/p>\n<hr \/>\n<h4>Aproveite e pesquise o pre\u00e7o deste produto em dezenas de lojas dos marketplaces abaixo:<\/h4>\n<p><a href=\"https:\/\/www.magazinevoce.com.br\/magazineezu\/busca\/Sof\u00e1 Modular 2 Lugares Easybox Cabecasa Madeiraoriginals Cotel\u00ea Verde Escuro Cotel\u00ea Verde Escuro\/\" target=\"_blank\" rel=\"noopener\"><img decoding=\"async\" src=\"https:\/\/bateroda.com.br\/marketplace\/logos\/magaezu.jpg\" alt=\"Pesquise no Magazine eZu\" \/> &#8211; Magazine eZu<\/a><\/p>\n<hr \/>\n<p><!-- START ADVERTISER: Webcontinental BR from awin.com --><\/p>\n<p><a href=\"https:\/\/www.awin1.com\/cread.php?awinmid=17743&#038;awinaffid=690303&#038;ued=https%3A%2F%2Fwww.webcontinental.com.br%2FSof\u00e1 Modular 2 Lugares Easybox Cabecasa Madeiraoriginals Cotel\u00ea Verde Escuro Cotel\u00ea Verde Escuro%3F_q%3DSof\u00e1 Modular 2 Lugares Easybox Cabecasa Madeiraoriginals Cotel\u00ea Verde Escuro Cotel\u00ea Verde Escuro%26map%3Dft\" rel=\"sponsored\"><img decoding=\"async\" src=\"https:\/\/lojawebcontinental.vtexassets.com\/arquivos\/logo-webcontinental-checkout.png\" border=\"0\" \/> &#8211; Loja Online.<\/a><\/p>\n<p><!-- END ADVERTISER: Webcontinental BR from awin.com --><\/p>\n","protected":false},"excerpt":{"rendered":"<p>R$ 4810.09 nas lojas <a href=\"https:\/\/www.awin1.com\/pclick.php?p=44999528705&#038;a=690303&#038;m=100453\" target=\"_blank\" rel=\"sponsored\">Casa Tema BR<\/a> <a class=\"more-link\" href=\"https:\/\/bonoro.com.br\/shop\/2026\/06\/sofa-modular-2-lugares-easybox-cabecasa-madeiraoriginals-cotele-verde-escuro-cotele-verde-escuro-r-4810-09\/\">\u2192<\/a><\/p>\n","protected":false},"author":1,"featured_media":0,"comment_status":"closed","ping_status":"closed","sticky":false,"template":"","format":"standard","meta":{"footnotes":""},"categories":[198],"tags":[44171,205,44170],"class_list":["post-261260","post","type-post","status-publish","format-standard","hentry","category-produtos","tag-4810-09","tag-casa-tema-br","tag-sofa-modular-2-lugares-easybox-cabecasa-madeiraoriginals-cotele-verde-escuro-cotele-verde-escuro"],"_links":{"self":[{"href":"https:\/\/bonoro.com.br\/shop\/wp-json\/wp\/v2\/posts\/261260","targetHints":{"allow":["GET"]}}],"collection":[{"href":"https:\/\/bonoro.com.br\/shop\/wp-json\/wp\/v2\/posts"}],"about":[{"href":"https:\/\/bonoro.com.br\/shop\/wp-json\/wp\/v2\/types\/post"}],"author":[{"embeddable":true,"href":"https:\/\/bonoro.com.br\/shop\/wp-json\/wp\/v2\/users\/1"}],"replies":[{"embeddable":true,"href":"https:\/\/bonoro.com.br\/shop\/wp-json\/wp\/v2\/comments?post=261260"}],"version-history":[{"count":0,"href":"https:\/\/bonoro.com.br\/shop\/wp-json\/wp\/v2\/posts\/261260\/revisions"}],"wp:attachment":[{"href":"https:\/\/bonoro.com.br\/shop\/wp-json\/wp\/v2\/media?parent=261260"}],"wp:term":[{"taxonomy":"category","embeddable":true,"href":"https:\/\/bonoro.com.br\/shop\/wp-json\/wp\/v2\/categories?post=261260"},{"taxonomy":"post_tag","embeddable":true,"href":"https:\/\/bonoro.com.br\/shop\/wp-json\/wp\/v2\/tags?post=261260"}],"curies":[{"name":"wp","href":"https:\/\/api.w.org\/{rel}","templated":true}]}}