{"id":261231,"date":"2026-06-29T08:08:03","date_gmt":"2026-06-29T08:08:03","guid":{"rendered":"https:\/\/bonoro.com.br\/shop\/2026\/06\/conjunto-2-pecas-armarios-multiuso-pes-e-tampo-em-madeira-macica-ananda-cabecasa-madeiraoriginals-off-white-mel-off-white-mel-r-2286-10\/"},"modified":"2026-06-29T08:08:03","modified_gmt":"2026-06-29T08:08:03","slug":"conjunto-2-pecas-armarios-multiuso-pes-e-tampo-em-madeira-macica-ananda-cabecasa-madeiraoriginals-off-white-mel-off-white-mel-r-2286-10","status":"publish","type":"post","link":"https:\/\/bonoro.com.br\/shop\/2026\/06\/conjunto-2-pecas-armarios-multiuso-pes-e-tampo-em-madeira-macica-ananda-cabecasa-madeiraoriginals-off-white-mel-off-white-mel-r-2286-10\/","title":{"rendered":"Conjunto 2 Pe\u00e7as Arm\u00e1rios Multiuso P\u00e9s e Tampo em Madeira Maci\u00e7a Ananda CabeCasa MadeiraOriginals Off White Mel Off White\/Mel &#8211; R$ 2286.10"},"content":{"rendered":"<h2><\/h2>\n<h3>Conjunto 2 Pe\u00e7as Arm\u00e1rios Multiuso P\u00e9s e Tampo em Madeira Maci\u00e7a Ananda CabeCasa MadeiraOriginals Off White Mel Off White\/Mel teve o pre\u00e7o, no dia acima especificado, de <strong>R$ 2286.10<\/strong>.<\/h3>\n<p>Confira o pre\u00e7o atual aqui: <a href=\"https:\/\/www.awin1.com\/cread.php?awinmid=100453&#038;awinaffid=690303&#038;ued=https:\/\/www.casatema.com.br\/conjunto-2-pecas-armarios-multiuso-pes-e-tampo-em-madeira-macica-ananda-cabecasa-madeiraoriginals-off-white-mel-off-white-mel\/p?idsku=371241565\" rel=\"sponsored\" target=\"_blank\"><img decoding=\"async\" src=\"https:\/\/ui.awin.com\/images\/upload\/merchant\/profile\/100453.png\" alt=\"Conjunto 2 Pe\u00e7as Arm\u00e1rios Multiuso P\u00e9s e Tampo em Madeira Maci\u00e7a Ananda CabeCasa MadeiraOriginals Off White Mel Off White\/Mel\" \/> &#8211; nas lojas Casa Tema BR<\/a><\/p>\n<p><img decoding=\"async\" src=\"https:\/\/casatema.vteximg.com.br\/arquivos\/ids\/1447727_2\" alt=\"Conjunto 2 Pe\u00e7as Arm\u00e1rios Multiuso P\u00e9s e Tampo em Madeira Maci\u00e7a Ananda CabeCasa MadeiraOriginals Off White Mel Off White\/Mel\" \/><br \/>\nConjunto 2 Pe\u00e7as Arm\u00e1rios Multiuso P\u00e9s e Tampo em Madeira Maci\u00e7a Ananda CabeCasa MadeiraOriginals Off White Mel Off White\/Mel  .body-casatema-use-internal { font-family: Arial, sans-serif; line-height: 1.6; } .container-casatema-use-internal { width: 80%; margin: 0 auto; padding: 20px; } .hx-casatema-use-internal { color: #333; } .ul-casatema-use-internal { list-style-type: none; padding: 0; } .li-casatema-use-internal { background: #f4f4f4; margin: 5px 0; padding: 10px; border-radius: 5px; } .highlight-casatema-use-internal { font-weight: bold; } .image-container-casatema-use-internal, .img-casatema-use-internal { width: 100%; height: auto; } \/* CSS para os atributos *\/ .table-attr-casatema-use-internal { border-spacing: 0px; width: 100%; } .table-attr-casatema-use-internal tr:nth-child(even) { background: #ffffff; } .table-attr-casatema-use-internal tr:nth-child(odd) { background: #dfede9; } .td-left-attr-casatema-use-internal { padding: 10px; width: 30%; font-weight: bold; } .td-right-attr-casatema-use-internal { padding: 10px; width: 70%; } .div-left-attr-casatema-use-internal { width: 100%; } .div-right-attr-casatema-use-internal { width: 100%; } .div-group-attr-casatema-use-internal { padding-bottom: 10px; } @media (min-width: 1224px) { .div-left-attr-casatema-use-internal { width: 49%; float: left; } .div-right-attr-casatema-use-internal { width: 49%; float: right; } }     Conjunto 2 Pe\u00e7as Arm\u00e1rios Multiuso P\u00e9s e Tampo em Madeira Maci\u00e7a Ananda CabeCasa MadeiraOriginals Off White Mel Off White\/Mel. O Conjunto Ananda foi desenvolvido para transformar o ambiente em um espa\u00e7o de bem-estar e organiza\u00e7\u00e3o, unindo um design atemporal com a praticidade necess\u00e1ria para a rotina di\u00e1ria. Inspirado no conceito de felicidade plena, este kit oferece uma atmosfera acolhedora e sofisticada para escrit\u00f3rios ou salas de estar. \u2022 Durabilidade e Est\u00e9tica: A estrutura combina a resist\u00eancia do MDF com o charme da madeira maci\u00e7a nos p\u00e9s e no tampo, proporcionando um acabamento refinado e alta durabilidade ao mobili\u00e1rio. \u2022 Organiza\u00e7\u00e3o Ampla: Com quatro portas de bater e diversas prateleiras internas, o conjunto facilita a guarda de documentos, livros e objetos pessoais, mantendo tudo protegido e em ordem. \u2022 Medidas e Propor\u00e7\u00f5es: O conjunto montado ocupa uma largura total de 178 cm, contando com altura de 178,2 cm e profundidade de 50 cm, equilibrando perfeitamente a generosa capacidade interna com a ocupa\u00e7\u00e3o inteligente do espa\u00e7o. \u2022 Detalhes Sofisticados: Os puxadores met\u00e1licos e os p\u00e9s em madeira com acabamento em verniz agregam valor visual e garantem estabilidade, enquanto a pintura semi-brilho facilita a manuten\u00e7\u00e3o e limpeza di\u00e1ria. Acompanha 2 arm\u00e1rios multiuso, manual de montagem e kit de ferragens. Para uma compra certeira: Os itens decorativos das imagens n\u00e3o fazem parte do produto. Confirme se as medidas cabem no seu ambiente, considerando uma pequena folga de at\u00e9 2 cm para manuseio.   Caracter\u00edsticasAmbiente PrincipalEscrit\u00f3rioArm\u00e1rio SuspensoN\u00e3oConjunto Cont\u00e9m (Pe\u00e7as)2.0CorOff White\/MelCor InternaOff WhiteCor PredominanteBrancoCor do ProdutoOff White\/MelEstiloCl\u00e1ssicoFabrica\u00e7\u00e3o Pr\u00f3priaSimFormato do Arm\u00e1rioRetangularLinha ou Cole\u00e7\u00e3oAnandaMarcaCabeCasa MadeiraMadeiraN\u00famero de Prateleiras5Orienta\u00e7\u00e3o do Arm\u00e1rioVerticalOrigem do ProdutoNacionalPeso M\u00e1ximo por Prateleira6.0Porta com chaveN\u00e3oPorta em VidroN\u00e3oPossui Arm\u00e1rios1Possui Balc\u00e3o1Possui CadeiraN\u00e3oPossui EscrivaninhasN\u00e3oPossui EspelhosN\u00e3oPossui EstanteN\u00e3oPossui GavetasN\u00e3oPossui GaveteiroN\u00e3oPossui Mesa Retr\u00e1tilN\u00e3oPossui Mesa de Reuni\u00e3oN\u00e3oPossui NichosN\u00e3oPossui PortasSimPossui Rod\u00edzioN\u00e3oQuantidade de Arm\u00e1rios2Quantidade de Portas4 PortasSapatas NiveladorasN\u00e3oTamanho do Arm\u00e1rioAlto (Acima de 150cm)Tipo de Conjunto de Escrit\u00f3rioArm\u00e1rio e Balc\u00e3oTipo de PortaBaterTipo de Puxador da PortaExternoGarantiaGarantia24 MesesItens InclusosItens Inclusos2 Arm\u00e1rios, Manual de Montagem e Kit FerragensMateriais e AcabamentosAcabamentoPintura UVAcabamento da PortaPintura UVAcabamento da PrateleiraPinturaAcabamento dos P\u00e9sVernizEscala de BrilhoSemi-BrilhoEscala de Brilho da PortaSemi-BrilhoEscala de Brilho da PrateleiraSemi-BrilhoMaterial PrincipalMDF\/MDPMaterial da PortaMDFMaterial da PrateleiraMDF\/MDPMaterial do Puxador da PortaMetalMaterial dos P\u00e9sMadeira Maci\u00e7aTipo de Dobradi\u00e7a\/Corredi\u00e7a da PortaMet\u00e1licaTipo de Madeira Maci\u00e7a dos P\u00e9sPinusMontagemNecessita MontagemSimRecomenda\u00e7\u00f5es de Uso, Manuten\u00e7\u00e3o e LimpezaUse um pano macio levemente umedecido. N\u00e3o utilizar produtos abrasivos.Sistema de MontagemParafusos, Cavilhas e Dobradi\u00e7aOutras caracter\u00edsticasAmbientenullPossui Portas2Possui Prateleiras5Pesos e Dimens\u00f5esAltura (cm)178.2Altura do Conjunto178.2Altura dos P\u00e9s5.0Largura (cm)100.0Largura do Conjunto178.0Profundidade (cm)50.0<\/p>\n<hr \/>\n<h4>Aproveite e pesquise o pre\u00e7o deste produto em dezenas de lojas dos marketplaces abaixo:<\/h4>\n<p><a href=\"https:\/\/www.magazinevoce.com.br\/magazineezu\/busca\/Conjunto 2 Pe\u00e7as Arm\u00e1rios Multiuso P\u00e9s e Tampo em Madeira Maci\u00e7a Ananda CabeCasa MadeiraOriginals Off White Mel Off White\/Mel\/\" target=\"_blank\" rel=\"noopener\"><img decoding=\"async\" src=\"https:\/\/bateroda.com.br\/marketplace\/logos\/magaezu.jpg\" alt=\"Pesquise no Magazine eZu\" \/> &#8211; Magazine eZu<\/a><\/p>\n<hr \/>\n<p><!-- START ADVERTISER: Webcontinental BR from awin.com --><\/p>\n<p><a href=\"https:\/\/www.awin1.com\/cread.php?awinmid=17743&#038;awinaffid=690303&#038;ued=https%3A%2F%2Fwww.webcontinental.com.br%2FConjunto 2 Pe\u00e7as Arm\u00e1rios Multiuso P\u00e9s e Tampo em Madeira Maci\u00e7a Ananda CabeCasa MadeiraOriginals Off White Mel Off White\/Mel%3F_q%3DConjunto 2 Pe\u00e7as Arm\u00e1rios Multiuso P\u00e9s e Tampo em Madeira Maci\u00e7a Ananda CabeCasa MadeiraOriginals Off White Mel Off White\/Mel%26map%3Dft\" rel=\"sponsored\"><img decoding=\"async\" src=\"https:\/\/lojawebcontinental.vtexassets.com\/arquivos\/logo-webcontinental-checkout.png\" border=\"0\" \/> &#8211; Loja Online.<\/a><\/p>\n<p><!-- END ADVERTISER: Webcontinental BR from awin.com --><\/p>\n","protected":false},"excerpt":{"rendered":"<p>R$ 2286.10 nas lojas <a href=\"https:\/\/www.awin1.com\/pclick.php?p=44999528676&#038;a=690303&#038;m=100453\" target=\"_blank\" rel=\"sponsored\">Casa Tema BR<\/a> <a class=\"more-link\" href=\"https:\/\/bonoro.com.br\/shop\/2026\/06\/conjunto-2-pecas-armarios-multiuso-pes-e-tampo-em-madeira-macica-ananda-cabecasa-madeiraoriginals-off-white-mel-off-white-mel-r-2286-10\/\">\u2192<\/a><\/p>\n","protected":false},"author":1,"featured_media":0,"comment_status":"closed","ping_status":"closed","sticky":false,"template":"","format":"standard","meta":{"footnotes":""},"categories":[198],"tags":[44118,205,44117],"class_list":["post-261231","post","type-post","status-publish","format-standard","hentry","category-produtos","tag-2286-10","tag-casa-tema-br","tag-conjunto-2-pecas-armarios-multiuso-pes-e-tampo-em-madeira-macica-ananda-cabecasa-madeiraoriginals-off-white-mel-off-white-mel"],"_links":{"self":[{"href":"https:\/\/bonoro.com.br\/shop\/wp-json\/wp\/v2\/posts\/261231","targetHints":{"allow":["GET"]}}],"collection":[{"href":"https:\/\/bonoro.com.br\/shop\/wp-json\/wp\/v2\/posts"}],"about":[{"href":"https:\/\/bonoro.com.br\/shop\/wp-json\/wp\/v2\/types\/post"}],"author":[{"embeddable":true,"href":"https:\/\/bonoro.com.br\/shop\/wp-json\/wp\/v2\/users\/1"}],"replies":[{"embeddable":true,"href":"https:\/\/bonoro.com.br\/shop\/wp-json\/wp\/v2\/comments?post=261231"}],"version-history":[{"count":0,"href":"https:\/\/bonoro.com.br\/shop\/wp-json\/wp\/v2\/posts\/261231\/revisions"}],"wp:attachment":[{"href":"https:\/\/bonoro.com.br\/shop\/wp-json\/wp\/v2\/media?parent=261231"}],"wp:term":[{"taxonomy":"category","embeddable":true,"href":"https:\/\/bonoro.com.br\/shop\/wp-json\/wp\/v2\/categories?post=261231"},{"taxonomy":"post_tag","embeddable":true,"href":"https:\/\/bonoro.com.br\/shop\/wp-json\/wp\/v2\/tags?post=261231"}],"curies":[{"name":"wp","href":"https:\/\/api.w.org\/{rel}","templated":true}]}}