{"id":261014,"date":"2026-06-29T13:48:44","date_gmt":"2026-06-29T13:48:44","guid":{"rendered":"https:\/\/bonoro.com.br\/shop\/2026\/06\/sofa-modular-chaise-braco-lateral-com-pe-madeira-soma-cabecasa-madeiraoriginals-verde-verde-r-4446-51\/"},"modified":"2026-06-29T13:48:44","modified_gmt":"2026-06-29T13:48:44","slug":"sofa-modular-chaise-braco-lateral-com-pe-madeira-soma-cabecasa-madeiraoriginals-verde-verde-r-4446-51","status":"publish","type":"post","link":"https:\/\/bonoro.com.br\/shop\/2026\/06\/sofa-modular-chaise-braco-lateral-com-pe-madeira-soma-cabecasa-madeiraoriginals-verde-verde-r-4446-51\/","title":{"rendered":"Sof\u00e1 Modular Chaise Bra\u00e7o Lateral com P\u00e9 Madeira S\u00f4ma CabeCasa MadeiraOriginals Verde Verde &#8211; R$ 4446.51"},"content":{"rendered":"<h2><\/h2>\n<h3>Sof\u00e1 Modular Chaise Bra\u00e7o Lateral com P\u00e9 Madeira S\u00f4ma CabeCasa MadeiraOriginals Verde Verde teve o pre\u00e7o, no dia acima especificado, de <strong>R$ 4446.51<\/strong>.<\/h3>\n<p>Confira o pre\u00e7o atual aqui: <a href=\"https:\/\/www.awin1.com\/cread.php?awinmid=100453&#038;awinaffid=690303&#038;ued=https:\/\/www.casatema.com.br\/sofa-modular-chaise-braco-lateral-com-pe-madeira-soma-cabecasa-madeiraoriginals-verde\/p?idsku=135533189\" rel=\"sponsored\" target=\"_blank\"><img decoding=\"async\" src=\"https:\/\/ui.awin.com\/images\/upload\/merchant\/profile\/100453.png\" alt=\"Sof\u00e1 Modular Chaise Bra\u00e7o Lateral com P\u00e9 Madeira S\u00f4ma CabeCasa MadeiraOriginals Verde Verde\" \/> &#8211; nas lojas Casa Tema BR<\/a><\/p>\n<p><img decoding=\"async\" src=\"https:\/\/casatema.vteximg.com.br\/arquivos\/ids\/1445432_2\" alt=\"Sof\u00e1 Modular Chaise Bra\u00e7o Lateral com P\u00e9 Madeira S\u00f4ma CabeCasa MadeiraOriginals Verde Verde\" \/><br \/>\nSof\u00e1 Modular Chaise Bra\u00e7o Lateral com P\u00e9 Madeira S\u00f4ma CabeCasa MadeiraOriginals Verde Verde  .body-casatema-use-internal { font-family: Arial, sans-serif; line-height: 1.6; } .container-casatema-use-internal { width: 80%; margin: 0 auto; padding: 20px; } .hx-casatema-use-internal { color: #333; } .ul-casatema-use-internal { list-style-type: none; padding: 0; } .li-casatema-use-internal { background: #f4f4f4; margin: 5px 0; padding: 10px; border-radius: 5px; } .highlight-casatema-use-internal { font-weight: bold; } .image-container-casatema-use-internal, .img-casatema-use-internal { width: 100%; height: auto; } \/* CSS para os atributos *\/ .table-attr-casatema-use-internal { border-spacing: 0px; width: 100%; } .table-attr-casatema-use-internal tr:nth-child(even) { background: #ffffff; } .table-attr-casatema-use-internal tr:nth-child(odd) { background: #dfede9; } .td-left-attr-casatema-use-internal { padding: 10px; width: 30%; font-weight: bold; } .td-right-attr-casatema-use-internal { padding: 10px; width: 70%; } .div-left-attr-casatema-use-internal { width: 100%; } .div-right-attr-casatema-use-internal { width: 100%; } .div-group-attr-casatema-use-internal { padding-bottom: 10px; } @media (min-width: 1224px) { .div-left-attr-casatema-use-internal { width: 49%; float: left; } .div-right-attr-casatema-use-internal { width: 49%; float: right; } }     Sof\u00e1 Modular Chaise Bra\u00e7o Lateral com P\u00e9 Madeira S\u00f4ma CabeCasa MadeiraOriginals Verde Verde. O Sof\u00e1 Modular S\u00d4MA redefine o bem-estar: viver bem \u00e9 adaptar, n\u00e3o acumular. Criamos um estofado que acompanha as mudan\u00e7as da sua vida, de espa\u00e7os a fases, feito para durar e evoluir. Com S\u00d4MA, o descarte \u00e9 coisa do passado. Troque a capa, ajuste os tr\u00eas estilos de p\u00e9s ou reconfigure os m\u00f3dulos facilmente. Se enjoou, renova. Se mudou, reorganize os m\u00f3dulos. Pensado para a vida real: capas remov\u00edveis e lav\u00e1veis, fixadas por velcro. A estrutura interna \u00e9 robusta: madeira maci\u00e7a de eucalipto, percintas el\u00e1sticas, mola bonnel e espuma D-26 no assento. Amplie a hist\u00f3ria do seu sof\u00e1 com kits de capas avulsas. Uma forma carinhosa e sustent\u00e1vel de renovar, manter seu estilo sempre em dia e fortalecer a conex\u00e3o com seu lar, prolongando a vida do que voc\u00ea ama.   Caracter\u00edsticasAmbiente PrincipalSala de EstarCorLinho VerdeCor PredominanteVerdeCor do ProdutoVerdeEnchimento do AssentoEspumaEnchimento do EncostoFibra SiliconadaEstiloModernoEstilo do P\u00e9MadeiraFabrica\u00e7\u00e3o Pr\u00f3priaSimMarcaCabeCasa MadeiraMadeiraModelo do Sof\u00e1Sof\u00e1 FixoPet FriendlyN\u00e3oQuantidade de Lugares2Tipo de MolaMolas BonnelDocumentos AdicionaisManual de Montagem e Instala\u00e7\u00e3oClique aqui para acessarGarantiaGarantia24 MesesMateriais e AcabamentosMaterial da EstruturaMadeira EucaliptoMaterial dos P\u00e9sMadeira Maci\u00e7aMontagemComplexidade da MontagemBaixa: pode ser montado por uma pessoa sozinhaNecessita MontagemSimRecomenda\u00e7\u00f5es de Uso, Manuten\u00e7\u00e3o e LimpezaPara a limpeza di\u00e1ria do seu sof\u00e1, utilize o aspirador para manter o sof\u00e1 impec\u00e1vel, para manchas, \u00e1gua e sab\u00e3o neutro. Em caso de servi\u00e7o contratado para a limpeza, recomendamos profissional para limpeza mais intensa.Sistema de MontagemParafusosPesos e Dimens\u00f5esAltura (cm)67.0Largura (cm)170.0Peso (kg)38.9Profundidade (cm)90.0<\/p>\n<hr \/>\n<h4>Aproveite e pesquise o pre\u00e7o deste produto em dezenas de lojas dos marketplaces abaixo:<\/h4>\n<p><a href=\"https:\/\/www.magazinevoce.com.br\/magazineezu\/busca\/Sof\u00e1 Modular Chaise Bra\u00e7o Lateral com P\u00e9 Madeira S\u00f4ma CabeCasa MadeiraOriginals Verde Verde\/\" target=\"_blank\" rel=\"noopener\"><img decoding=\"async\" src=\"https:\/\/bateroda.com.br\/marketplace\/logos\/magaezu.jpg\" alt=\"Pesquise no Magazine eZu\" \/> &#8211; Magazine eZu<\/a><\/p>\n<hr \/>\n<p><!-- START ADVERTISER: Webcontinental BR from awin.com --><\/p>\n<p><a href=\"https:\/\/www.awin1.com\/cread.php?awinmid=17743&#038;awinaffid=690303&#038;ued=https%3A%2F%2Fwww.webcontinental.com.br%2FSof\u00e1 Modular Chaise Bra\u00e7o Lateral com P\u00e9 Madeira S\u00f4ma CabeCasa MadeiraOriginals Verde Verde%3F_q%3DSof\u00e1 Modular Chaise Bra\u00e7o Lateral com P\u00e9 Madeira S\u00f4ma CabeCasa MadeiraOriginals Verde Verde%26map%3Dft\" rel=\"sponsored\"><img decoding=\"async\" src=\"https:\/\/lojawebcontinental.vtexassets.com\/arquivos\/logo-webcontinental-checkout.png\" border=\"0\" \/> &#8211; Loja Online.<\/a><\/p>\n<p><!-- END ADVERTISER: Webcontinental BR from awin.com --><\/p>\n","protected":false},"excerpt":{"rendered":"<p>R$ 4446.51 nas lojas <a href=\"https:\/\/www.awin1.com\/pclick.php?p=44999528429&#038;a=690303&#038;m=100453\" target=\"_blank\" rel=\"sponsored\">Casa Tema BR<\/a> <a class=\"more-link\" href=\"https:\/\/bonoro.com.br\/shop\/2026\/06\/sofa-modular-chaise-braco-lateral-com-pe-madeira-soma-cabecasa-madeiraoriginals-verde-verde-r-4446-51\/\">\u2192<\/a><\/p>\n","protected":false},"author":1,"featured_media":0,"comment_status":"closed","ping_status":"closed","sticky":false,"template":"","format":"standard","meta":{"footnotes":""},"categories":[198],"tags":[43726,205,43725],"class_list":["post-261014","post","type-post","status-publish","format-standard","hentry","category-produtos","tag-4446-51","tag-casa-tema-br","tag-sofa-modular-chaise-braco-lateral-com-pe-madeira-soma-cabecasa-madeiraoriginals-verde-verde"],"_links":{"self":[{"href":"https:\/\/bonoro.com.br\/shop\/wp-json\/wp\/v2\/posts\/261014","targetHints":{"allow":["GET"]}}],"collection":[{"href":"https:\/\/bonoro.com.br\/shop\/wp-json\/wp\/v2\/posts"}],"about":[{"href":"https:\/\/bonoro.com.br\/shop\/wp-json\/wp\/v2\/types\/post"}],"author":[{"embeddable":true,"href":"https:\/\/bonoro.com.br\/shop\/wp-json\/wp\/v2\/users\/1"}],"replies":[{"embeddable":true,"href":"https:\/\/bonoro.com.br\/shop\/wp-json\/wp\/v2\/comments?post=261014"}],"version-history":[{"count":0,"href":"https:\/\/bonoro.com.br\/shop\/wp-json\/wp\/v2\/posts\/261014\/revisions"}],"wp:attachment":[{"href":"https:\/\/bonoro.com.br\/shop\/wp-json\/wp\/v2\/media?parent=261014"}],"wp:term":[{"taxonomy":"category","embeddable":true,"href":"https:\/\/bonoro.com.br\/shop\/wp-json\/wp\/v2\/categories?post=261014"},{"taxonomy":"post_tag","embeddable":true,"href":"https:\/\/bonoro.com.br\/shop\/wp-json\/wp\/v2\/tags?post=261014"}],"curies":[{"name":"wp","href":"https:\/\/api.w.org\/{rel}","templated":true}]}}