{"id":261011,"date":"2026-06-10T23:33:40","date_gmt":"2026-06-10T23:33:40","guid":{"rendered":"https:\/\/bonoro.com.br\/shop\/2026\/06\/balcao-suspenso-1-porta-30cm-sem-tampo-ipanema-cabecasa-madeiraoriginals-verde-folha-branco-r-647-04\/"},"modified":"2026-06-10T23:33:40","modified_gmt":"2026-06-10T23:33:40","slug":"balcao-suspenso-1-porta-30cm-sem-tampo-ipanema-cabecasa-madeiraoriginals-verde-folha-branco-r-647-04","status":"publish","type":"post","link":"https:\/\/bonoro.com.br\/shop\/2026\/06\/balcao-suspenso-1-porta-30cm-sem-tampo-ipanema-cabecasa-madeiraoriginals-verde-folha-branco-r-647-04\/","title":{"rendered":"Balc\u00e3o Suspenso 1 Porta 30cm sem Tampo Ipanema CabeCasa MadeiraOriginals Verde Folha\/Branco &#8211; R$ 647.04"},"content":{"rendered":"<h2><\/h2>\n<h3>Balc\u00e3o Suspenso 1 Porta 30cm sem Tampo Ipanema CabeCasa MadeiraOriginals Verde Folha\/Branco teve o pre\u00e7o, no dia acima especificado, de <strong>R$ 647.04<\/strong>.<\/h3>\n<p>Confira o pre\u00e7o atual aqui: <a href=\"https:\/\/www.awin1.com\/cread.php?awinmid=100453&#038;awinaffid=690303&#038;ued=https:\/\/www.casatema.com.br\/balcao-suspenso-1-porta-30cm-sem-tampo-ipanema-cabecasa-madeiraoriginals-verde-folha-branco\/p?idsku=131150121\" rel=\"sponsored\" target=\"_blank\"><img decoding=\"async\" src=\"https:\/\/ui.awin.com\/images\/upload\/merchant\/profile\/100453.png\" alt=\"Balc\u00e3o Suspenso 1 Porta 30cm sem Tampo Ipanema CabeCasa MadeiraOriginals Verde Folha\/Branco\" \/> &#8211; nas lojas Casa Tema BR<\/a><\/p>\n<p><img decoding=\"async\" src=\"https:\/\/casatema.vteximg.com.br\/arquivos\/ids\/1445411_2\" alt=\"Balc\u00e3o Suspenso 1 Porta 30cm sem Tampo Ipanema CabeCasa MadeiraOriginals Verde Folha\/Branco\" \/><br \/>\nBalc\u00e3o Suspenso 1 Porta 30cm sem Tampo Ipanema CabeCasa MadeiraOriginals Verde Folha\/Branco  .body-casatema-use-internal { font-family: Arial, sans-serif; line-height: 1.6; } .container-casatema-use-internal { width: 80%; margin: 0 auto; padding: 20px; } .hx-casatema-use-internal { color: #333; } .ul-casatema-use-internal { list-style-type: none; padding: 0; } .li-casatema-use-internal { background: #f4f4f4; margin: 5px 0; padding: 10px; border-radius: 5px; } .highlight-casatema-use-internal { font-weight: bold; } .image-container-casatema-use-internal, .img-casatema-use-internal { width: 100%; height: auto; } \/* CSS para os atributos *\/ .table-attr-casatema-use-internal { border-spacing: 0px; width: 100%; } .table-attr-casatema-use-internal tr:nth-child(even) { background: #ffffff; } .table-attr-casatema-use-internal tr:nth-child(odd) { background: #dfede9; } .td-left-attr-casatema-use-internal { padding: 10px; width: 30%; font-weight: bold; } .td-right-attr-casatema-use-internal { padding: 10px; width: 70%; } .div-left-attr-casatema-use-internal { width: 100%; } .div-right-attr-casatema-use-internal { width: 100%; } .div-group-attr-casatema-use-internal { padding-bottom: 10px; } @media (min-width: 1224px) { .div-left-attr-casatema-use-internal { width: 49%; float: left; } .div-right-attr-casatema-use-internal { width: 49%; float: right; } }     Balc\u00e3o Suspenso 1 Porta 30cm sem Tampo Ipanema CabeCasa MadeiraOriginals Verde Folha\/Branco. O Balc\u00e3o Ipanema \u00e9 a perfeita express\u00e3o de eleg\u00e2ncia, versatilidade e durabilidade para a sua cozinha. Com uma paleta de cores alinhada \u00e0s tend\u00eancias, oferece liberdade para criar um ambiente que reflita seu estilo e se adapte ao seu espa\u00e7o. Projetada em MDP com acabamento em BP, resiste com beleza ao uso di\u00e1rio, as dobradi\u00e7as com amortecimento (soft close) elevam o conforto e a sofistica\u00e7\u00e3o. A garantia de 5 anos refor\u00e7a a qualidade robusta dessa escolha. Mais do que m\u00f3veis modulares, Ipanema \u00e9 a oportunidade de organizar sua cozinha com charme, praticidade e tranquilidade.   Caracter\u00edsticasAcompanha Rodap\u00e9 DecorativoN\u00e3oAmbiente PrincipalCozinhaBalc\u00e3o Suporta PiaN\u00e3oCesto para FrutasN\u00e3oCorVerde Folha\/BrancoCor InternaBrancoCor PredominanteBrancoCor do ProdutoVerde Folha\/BrancoEstiloModernoFabrica\u00e7\u00e3o Pr\u00f3priaSimLinha ou Cole\u00e7\u00e3oIpanemaMarcaCabeCasa MadeiraMadeiraModularSimOrigem do ProdutoNacionalPeso M\u00e1ximo por Prateleira5.5Possui GavetasN\u00e3oPossui PortasSimPossui PrateleirasSimPossui P\u00e9sSuspensoPossui Recorte para CooktopN\u00e3oPossui Rod\u00edzioN\u00e3oProduto MontadoN\u00e3oP\u00e9s Regul\u00e1veisSimQuantidade de GavetasN\u00e3o PossuiQuantidade de Portas1 PortaQuantidade de Prateleiras01 PrateleiraSapatas NiveladorasN\u00e3oSuporta At\u00e9 (kg)18.0Suporta GranitoSimTamanho Indicado do Tampo (L x P)30cmx52cmTipo de Base (p\u00e9s)SuspensoTipo de PortaAbrirTipo de Puxador da PortaExternoDocumentos AdicionaisManual de Montagem e Instala\u00e7\u00e3oClique aqui para acessarGarantiaGarantia5 AnosItens InclusosAcompanha TampoN\u00e3oBalc\u00e3o Acompanha PiaN\u00e3oItens Inclusos1 Balc\u00e3o, Manual de Montagem e Kit FerragensMateriais e AcabamentosAcabamentoBP Melam\u00ednicoAcabamento da PortaBP Melam\u00ednicoAcabamento da PrateleiraBP Melam\u00ednicoAcabamento dos P\u00e9sLisoEscala de BrilhoFoscoEscala de Brilho da PortaFoscoEscala de Brilho da PrateleiraFoscoMaterial PrincipalMDPMaterial da Corredi\u00e7aMet\u00e1licaMaterial da Dobradi\u00e7a\/Corredi\u00e7a da PortaMet\u00e1licaMaterial da PortaMDPMaterial da PrateleiraMDPMaterial do Puxador da PortaAlum\u00ednioMaterial dos P\u00e9sPl\u00e1sticoTipo de Dobradi\u00e7a\/Corredi\u00e7a da PortaSoft CloseMontagemComplexidade da MontagemBaixa: pode ser montado por uma pessoa sozinhaRecomenda\u00e7\u00f5es de Uso, Manuten\u00e7\u00e3o e LimpezaUse um pano levemente umedecido com \u00e1gua, seguido de pano seco. N\u00e3o utilize produtos qu\u00edmicos ou abrasivos.Sistema de MontagemCavilhas, Parafusos, Minifix e PregosOutras caracter\u00edsticasAltura dos P\u00e9scmTipo de Base (p\u00e9s)SuspensoPesos e Dimens\u00f5esAltura (cm)69.5Largura (cm)30.0Peso (kg)13.8Profundidade (cm)51.5<\/p>\n<hr \/>\n<h4>Aproveite e pesquise o pre\u00e7o deste produto em dezenas de lojas dos marketplaces abaixo:<\/h4>\n<p><a href=\"https:\/\/www.magazinevoce.com.br\/magazineezu\/busca\/Balc\u00e3o Suspenso 1 Porta 30cm sem Tampo Ipanema CabeCasa MadeiraOriginals Verde Folha\/Branco\/\" target=\"_blank\" rel=\"noopener\"><img decoding=\"async\" src=\"https:\/\/bateroda.com.br\/marketplace\/logos\/magaezu.jpg\" alt=\"Pesquise no Magazine eZu\" \/> &#8211; Magazine eZu<\/a><\/p>\n<hr \/>\n<p><!-- START ADVERTISER: Webcontinental BR from awin.com --><\/p>\n<p><a href=\"https:\/\/www.awin1.com\/cread.php?awinmid=17743&#038;awinaffid=690303&#038;ued=https%3A%2F%2Fwww.webcontinental.com.br%2FBalc\u00e3o Suspenso 1 Porta 30cm sem Tampo Ipanema CabeCasa MadeiraOriginals Verde Folha\/Branco%3F_q%3DBalc\u00e3o Suspenso 1 Porta 30cm sem Tampo Ipanema CabeCasa MadeiraOriginals Verde Folha\/Branco%26map%3Dft\" rel=\"sponsored\"><img decoding=\"async\" src=\"https:\/\/lojawebcontinental.vtexassets.com\/arquivos\/logo-webcontinental-checkout.png\" border=\"0\" \/> &#8211; Loja Online.<\/a><\/p>\n<p><!-- END ADVERTISER: Webcontinental BR from awin.com --><\/p>\n","protected":false},"excerpt":{"rendered":"<p>R$ 647.04 nas lojas <a href=\"https:\/\/www.awin1.com\/pclick.php?p=44999528426&#038;a=690303&#038;m=100453\" target=\"_blank\" rel=\"sponsored\">Casa Tema BR<\/a> <a class=\"more-link\" href=\"https:\/\/bonoro.com.br\/shop\/2026\/06\/balcao-suspenso-1-porta-30cm-sem-tampo-ipanema-cabecasa-madeiraoriginals-verde-folha-branco-r-647-04\/\">\u2192<\/a><\/p>\n","protected":false},"author":1,"featured_media":0,"comment_status":"closed","ping_status":"closed","sticky":false,"template":"","format":"standard","meta":{"footnotes":""},"categories":[198],"tags":[17012,43721,205],"class_list":["post-261011","post","type-post","status-publish","format-standard","hentry","category-produtos","tag-647-04","tag-balcao-suspenso-1-porta-30cm-sem-tampo-ipanema-cabecasa-madeiraoriginals-verde-folha-branco","tag-casa-tema-br"],"_links":{"self":[{"href":"https:\/\/bonoro.com.br\/shop\/wp-json\/wp\/v2\/posts\/261011","targetHints":{"allow":["GET"]}}],"collection":[{"href":"https:\/\/bonoro.com.br\/shop\/wp-json\/wp\/v2\/posts"}],"about":[{"href":"https:\/\/bonoro.com.br\/shop\/wp-json\/wp\/v2\/types\/post"}],"author":[{"embeddable":true,"href":"https:\/\/bonoro.com.br\/shop\/wp-json\/wp\/v2\/users\/1"}],"replies":[{"embeddable":true,"href":"https:\/\/bonoro.com.br\/shop\/wp-json\/wp\/v2\/comments?post=261011"}],"version-history":[{"count":0,"href":"https:\/\/bonoro.com.br\/shop\/wp-json\/wp\/v2\/posts\/261011\/revisions"}],"wp:attachment":[{"href":"https:\/\/bonoro.com.br\/shop\/wp-json\/wp\/v2\/media?parent=261011"}],"wp:term":[{"taxonomy":"category","embeddable":true,"href":"https:\/\/bonoro.com.br\/shop\/wp-json\/wp\/v2\/categories?post=261011"},{"taxonomy":"post_tag","embeddable":true,"href":"https:\/\/bonoro.com.br\/shop\/wp-json\/wp\/v2\/tags?post=261011"}],"curies":[{"name":"wp","href":"https:\/\/api.w.org\/{rel}","templated":true}]}}