{"id":260998,"date":"2026-06-28T09:36:08","date_gmt":"2026-06-28T09:36:08","guid":{"rendered":"https:\/\/bonoro.com.br\/shop\/2026\/06\/rack-com-painel-para-tv-ate-86-polegadas-320cmx250cm-liso-arua-cabecasa-madeiraoriginals-marrom-jatoba-jatoba-r-3235-17\/"},"modified":"2026-06-28T09:36:08","modified_gmt":"2026-06-28T09:36:08","slug":"rack-com-painel-para-tv-ate-86-polegadas-320cmx250cm-liso-arua-cabecasa-madeiraoriginals-marrom-jatoba-jatoba-r-3235-17","status":"publish","type":"post","link":"https:\/\/bonoro.com.br\/shop\/2026\/06\/rack-com-painel-para-tv-ate-86-polegadas-320cmx250cm-liso-arua-cabecasa-madeiraoriginals-marrom-jatoba-jatoba-r-3235-17\/","title":{"rendered":"Rack com Painel para TV at\u00e9 86 Polegadas 320cmx250cm Liso Aru\u00e1 CabeCasa MadeiraOriginals Marrom Jatob\u00e1 Jatoba &#8211; R$ 3235.17"},"content":{"rendered":"<h2><\/h2>\n<h3>Rack com Painel para TV at\u00e9 86 Polegadas 320cmx250cm Liso Aru\u00e1 CabeCasa MadeiraOriginals Marrom Jatob\u00e1 Jatoba teve o pre\u00e7o, no dia acima especificado, de <strong>R$ 3235.17<\/strong>.<\/h3>\n<p>Confira o pre\u00e7o atual aqui: <a href=\"https:\/\/www.awin1.com\/cread.php?awinmid=100453&#038;awinaffid=690303&#038;ued=https:\/\/www.casatema.com.br\/rack-com-painel-para-tv-ate-86-polegadas-320cmx250cm-liso-arua-cabecasa-madeiraoriginals-jatoba\/p?idsku=113996760\" rel=\"sponsored\" target=\"_blank\"><img decoding=\"async\" src=\"https:\/\/ui.awin.com\/images\/upload\/merchant\/profile\/100453.png\" alt=\"Rack com Painel para TV at\u00e9 86 Polegadas 320cmx250cm Liso Aru\u00e1 CabeCasa MadeiraOriginals Marrom Jatob\u00e1 Jatoba\" \/> &#8211; nas lojas Casa Tema BR<\/a><\/p>\n<p><img decoding=\"async\" src=\"https:\/\/casatema.vteximg.com.br\/arquivos\/ids\/1445284_2\" alt=\"Rack com Painel para TV at\u00e9 86 Polegadas 320cmx250cm Liso Aru\u00e1 CabeCasa MadeiraOriginals Marrom Jatob\u00e1 Jatoba\" \/><br \/>\nRack com Painel para TV at\u00e9 86 Polegadas 320cmx250cm Liso Aru\u00e1 CabeCasa MadeiraOriginals Marrom Jatob\u00e1 Jatoba  .body-casatema-use-internal { font-family: Arial, sans-serif; line-height: 1.6; } .container-casatema-use-internal { width: 80%; margin: 0 auto; padding: 20px; } .hx-casatema-use-internal { color: #333; } .ul-casatema-use-internal { list-style-type: none; padding: 0; } .li-casatema-use-internal { background: #f4f4f4; margin: 5px 0; padding: 10px; border-radius: 5px; } .highlight-casatema-use-internal { font-weight: bold; } .image-container-casatema-use-internal, .img-casatema-use-internal { width: 100%; height: auto; } \/* CSS para os atributos *\/ .table-attr-casatema-use-internal { border-spacing: 0px; width: 100%; } .table-attr-casatema-use-internal tr:nth-child(even) { background: #ffffff; } .table-attr-casatema-use-internal tr:nth-child(odd) { background: #dfede9; } .td-left-attr-casatema-use-internal { padding: 10px; width: 30%; font-weight: bold; } .td-right-attr-casatema-use-internal { padding: 10px; width: 70%; } .div-left-attr-casatema-use-internal { width: 100%; } .div-right-attr-casatema-use-internal { width: 100%; } .div-group-attr-casatema-use-internal { padding-bottom: 10px; } @media (min-width: 1224px) { .div-left-attr-casatema-use-internal { width: 49%; float: left; } .div-right-attr-casatema-use-internal { width: 49%; float: right; } }     Rack com Painel para TV at\u00e9 86 Polegadas 320cmx250cm Liso Aru\u00e1 CabeCasa MadeiraOriginals Marrom Jatob\u00e1 Jatoba. O Conjunto de Rack e Painel Aru\u00e1 \u00e9 a escolha ideal para quem busca transformar a sala de estar em um ref\u00fagio de tranquilidade e eleg\u00e2ncia, combinando a funcionalidade moderna com a est\u00e9tica minimalista do design japandi. Sua estrutura valoriza o equil\u00edbrio e a sofistica\u00e7\u00e3o, tornando o ambiente mais acolhedor. \u2022 Design Minimalista: Apresenta linhas baixas e superf\u00edcies lisas que promovem uma sensa\u00e7\u00e3o de amplitude e organiza\u00e7\u00e3o visual no c\u00f4modo. \u2022 Espa\u00e7o e Funcionalidade: Possui quatro portas que oferecem um excelente compartimento interno para acomodar aparelhos eletr\u00f4nicos e objetos pessoais de forma discreta. \u2022 Dimens\u00f5es Amplas: A estrutura completa conta com 320 cm de largura, 250 cm de altura e 37,5 cm de profundidade no rack, sendo ideal para preencher grandes paredes com harmonia. \u2022 Versatilidade Modular: Os pain\u00e9is podem ser configurados para atuar como revestimento decorativo ou suporte para televisores, adaptando-se perfeitamente \u00e0s necessidades do seu espa\u00e7o. \u2022 Acabamento de Qualidade: O revestimento em finish foil garante uma superf\u00edcie resistente e com toque suave, mantendo a beleza do m\u00f3vel por muito mais tempo. Acompanha 1 painel, 1 rack e kit de ferragens. Para uma compra certeira: Os itens decorativos das imagens n\u00e3o fazem parte do produto. Confirme se as medidas cabem no seu ambiente, considerando uma pequena folga de at\u00e9 2 cm para manuseio. O painel n\u00e3o possui fura\u00e7\u00e3o, pois pode ser utilizado tamb\u00e9m como revestimento de parede.   Caracter\u00edsticasAcabamento RipadoN\u00e3o possuiAmbiente PrincipalSala de EstarCorJatobaCor PredominanteMarromCor do ProdutoJatob\u00e1Fabrica\u00e7\u00e3o Pr\u00f3priaSimFixa\u00e7\u00e3o na ParedeSimLinha ou Cole\u00e7\u00e3oAru\u00e1MarcaCabeCasa MadeiraMadeiraOrigem do ProdutoNacionalPossui EspelhosN\u00e3oPossui GavetasN\u00e3oPossui Ilumina\u00e7\u00e3oN\u00e3oPossui Passa CabosN\u00e3oPossui PortasSimPossui PrateleirasN\u00e3oPossui P\u00e9sSimPossui Rod\u00edzioN\u00e3oPossui TomadasN\u00e3oPossui VidroN\u00e3oQuantidade de Portas4 PortasSapatas NiveladorasN\u00e3oSuporta At\u00e9 (kg)32.0Suporte de TV Universal InclusoN\u00e3oTipo de Puxador da PortaEmbutidoDocumentos AdicionaisManual de Montagem e Instala\u00e7\u00e3oClique aqui para acessarGarantiaGarantia24 MesesItens InclusosItens Inclusos1 Painel, 1 Rack, Manual de Montagem e Kit FerragensMateriais e AcabamentosAcabamentoFinish FoilAcabamento da PortaFinish FoilAcabamento dos P\u00e9sFinish FoilEscala de BrilhoSemi-FoscoEscala de Brilho da PortaSemi-FoscoMaterial PrincipalMDPMaterial da PortaMDPMaterial do Puxador da PortaPl\u00e1sticoMaterial dos P\u00e9sMDPTipo de Dobradi\u00e7a\/Corredi\u00e7a da PortaMet\u00e1licaMontagemComplexidade da MontagemM\u00e9dia: pode ser montado por mais de uma pessoa e\/ou necessite de maior conhecimento para montagemNecessita MontagemSimRecomenda\u00e7\u00f5es de Uso, Manuten\u00e7\u00e3o e LimpezaA limpeza deve ser feita com pano macio, levemente umedecido com \u00e1gua e sab\u00e3o neutro. Em seguida, passe um pano seco para evitar o ac\u00famulo de umidade. Nunca utilize produtos abrasivos, esponjas de a\u00e7o, alvejantes, \u00e1lcool em excesso ou solventes, pois esses produtos podem agredir o acabamento e comprometer sua apar\u00eancia.Sistema de MontagemParafusos e cavilhasOutras caracter\u00edsticasIdeal para TVs at\u00e9 (Polegadas)86Possui Portas4Pesos e Dimens\u00f5esAltura (cm)250.0Altura do Conjunto250.0Altura do Painel250.0Altura do Rack31.5Altura dos P\u00e9s5.5Espessura do Painel3.0Espessura do Tampo (mm)15.0Largura (cm)210.0Largura do Conjunto320.0Largura do Painel3.2Largura do Rack320.0Peso do Painel58.3Peso do Rack31.4Profundidade (cm)37.5Profundidade do Conjunto40.5Profundidade do Rack37.5<\/p>\n<hr \/>\n<h4>Aproveite e pesquise o pre\u00e7o deste produto em dezenas de lojas dos marketplaces abaixo:<\/h4>\n<p><a href=\"https:\/\/www.magazinevoce.com.br\/magazineezu\/busca\/Rack com Painel para TV at\u00e9 86 Polegadas 320cmx250cm Liso Aru\u00e1 CabeCasa MadeiraOriginals Marrom Jatob\u00e1 Jatoba\/\" target=\"_blank\" rel=\"noopener\"><img decoding=\"async\" src=\"https:\/\/bateroda.com.br\/marketplace\/logos\/magaezu.jpg\" alt=\"Pesquise no Magazine eZu\" \/> &#8211; Magazine eZu<\/a><\/p>\n<hr \/>\n<p><!-- START ADVERTISER: Webcontinental BR from awin.com --><\/p>\n<p><a href=\"https:\/\/www.awin1.com\/cread.php?awinmid=17743&#038;awinaffid=690303&#038;ued=https%3A%2F%2Fwww.webcontinental.com.br%2FRack com Painel para TV at\u00e9 86 Polegadas 320cmx250cm Liso Aru\u00e1 CabeCasa MadeiraOriginals Marrom Jatob\u00e1 Jatoba%3F_q%3DRack com Painel para TV at\u00e9 86 Polegadas 320cmx250cm Liso Aru\u00e1 CabeCasa MadeiraOriginals Marrom Jatob\u00e1 Jatoba%26map%3Dft\" rel=\"sponsored\"><img decoding=\"async\" src=\"https:\/\/lojawebcontinental.vtexassets.com\/arquivos\/logo-webcontinental-checkout.png\" border=\"0\" \/> &#8211; Loja Online.<\/a><\/p>\n<p><!-- END ADVERTISER: Webcontinental BR from awin.com --><\/p>\n","protected":false},"excerpt":{"rendered":"<p>R$ 3235.17 nas lojas <a href=\"https:\/\/www.awin1.com\/pclick.php?p=44999528413&#038;a=690303&#038;m=100453\" target=\"_blank\" rel=\"sponsored\">Casa Tema BR<\/a> <a class=\"more-link\" href=\"https:\/\/bonoro.com.br\/shop\/2026\/06\/rack-com-painel-para-tv-ate-86-polegadas-320cmx250cm-liso-arua-cabecasa-madeiraoriginals-marrom-jatoba-jatoba-r-3235-17\/\">\u2192<\/a><\/p>\n","protected":false},"author":1,"featured_media":0,"comment_status":"closed","ping_status":"closed","sticky":false,"template":"","format":"standard","meta":{"footnotes":""},"categories":[198],"tags":[43697,205,43696],"class_list":["post-260998","post","type-post","status-publish","format-standard","hentry","category-produtos","tag-3235-17","tag-casa-tema-br","tag-rack-com-painel-para-tv-ate-86-polegadas-320cmx250cm-liso-arua-cabecasa-madeiraoriginals-marrom-jatoba-jatoba"],"_links":{"self":[{"href":"https:\/\/bonoro.com.br\/shop\/wp-json\/wp\/v2\/posts\/260998","targetHints":{"allow":["GET"]}}],"collection":[{"href":"https:\/\/bonoro.com.br\/shop\/wp-json\/wp\/v2\/posts"}],"about":[{"href":"https:\/\/bonoro.com.br\/shop\/wp-json\/wp\/v2\/types\/post"}],"author":[{"embeddable":true,"href":"https:\/\/bonoro.com.br\/shop\/wp-json\/wp\/v2\/users\/1"}],"replies":[{"embeddable":true,"href":"https:\/\/bonoro.com.br\/shop\/wp-json\/wp\/v2\/comments?post=260998"}],"version-history":[{"count":0,"href":"https:\/\/bonoro.com.br\/shop\/wp-json\/wp\/v2\/posts\/260998\/revisions"}],"wp:attachment":[{"href":"https:\/\/bonoro.com.br\/shop\/wp-json\/wp\/v2\/media?parent=260998"}],"wp:term":[{"taxonomy":"category","embeddable":true,"href":"https:\/\/bonoro.com.br\/shop\/wp-json\/wp\/v2\/categories?post=260998"},{"taxonomy":"post_tag","embeddable":true,"href":"https:\/\/bonoro.com.br\/shop\/wp-json\/wp\/v2\/tags?post=260998"}],"curies":[{"name":"wp","href":"https:\/\/api.w.org\/{rel}","templated":true}]}}