{"id":260888,"date":"2026-06-01T00:44:32","date_gmt":"2026-06-01T00:44:32","guid":{"rendered":"https:\/\/bonoro.com.br\/shop\/2026\/06\/porta-reflecta-para-guarda-roupa-modular-40cm-sem-portas-jade-cabecasa-madeiraoriginals-avela-r-891-62\/"},"modified":"2026-06-01T00:44:32","modified_gmt":"2026-06-01T00:44:32","slug":"porta-reflecta-para-guarda-roupa-modular-40cm-sem-portas-jade-cabecasa-madeiraoriginals-avela-r-891-62","status":"publish","type":"post","link":"https:\/\/bonoro.com.br\/shop\/2026\/06\/porta-reflecta-para-guarda-roupa-modular-40cm-sem-portas-jade-cabecasa-madeiraoriginals-avela-r-891-62\/","title":{"rendered":"Porta Reflecta para Guarda-roupa Modular 40cm sem Portas Jade CabeCasa MadeiraOriginals Avel\u00e3 &#8211; R$ 891.62"},"content":{"rendered":"<h2><\/h2>\n<h3>Porta Reflecta para Guarda-roupa Modular 40cm sem Portas Jade CabeCasa MadeiraOriginals Avel\u00e3 teve o pre\u00e7o, no dia acima especificado, de <strong>R$ 891.62<\/strong>.<\/h3>\n<p>Confira o pre\u00e7o atual aqui: <a href=\"https:\/\/www.awin1.com\/cread.php?awinmid=100453&#038;awinaffid=690303&#038;ued=https:\/\/www.casatema.com.br\/porta-reflecta-para-guarda-roupa-modular-40cm-sem-portas-jade-cabecasa-madeiraoriginals-avela\/p?idsku=980842\" rel=\"sponsored\" target=\"_blank\"><img decoding=\"async\" src=\"https:\/\/ui.awin.com\/images\/upload\/merchant\/profile\/100453.png\" alt=\"Porta Reflecta para Guarda-roupa Modular 40cm sem Portas Jade CabeCasa MadeiraOriginals Avel\u00e3\" \/> &#8211; nas lojas Casa Tema BR<\/a><\/p>\n<p><img decoding=\"async\" src=\"https:\/\/casatema.vteximg.com.br\/arquivos\/ids\/1444117_2\" alt=\"Porta Reflecta para Guarda-roupa Modular 40cm sem Portas Jade CabeCasa MadeiraOriginals Avel\u00e3\" \/><br \/>\nPorta Reflecta para Guarda-roupa Modular 40cm sem Portas Jade CabeCasa MadeiraOriginals Avel\u00e3  .body-casatema-use-internal { font-family: Arial, sans-serif; line-height: 1.6; } .container-casatema-use-internal { width: 80%; margin: 0 auto; padding: 20px; } .hx-casatema-use-internal { color: #333; } .ul-casatema-use-internal { list-style-type: none; padding: 0; } .li-casatema-use-internal { background: #f4f4f4; margin: 5px 0; padding: 10px; border-radius: 5px; } .highlight-casatema-use-internal { font-weight: bold; } .image-container-casatema-use-internal, .img-casatema-use-internal { width: 100%; height: auto; } \/* CSS para os atributos *\/ .table-attr-casatema-use-internal { border-spacing: 0px; width: 100%; } .table-attr-casatema-use-internal tr:nth-child(even) { background: #ffffff; } .table-attr-casatema-use-internal tr:nth-child(odd) { background: #dfede9; } .td-left-attr-casatema-use-internal { padding: 10px; width: 30%; font-weight: bold; } .td-right-attr-casatema-use-internal { padding: 10px; width: 70%; } .div-left-attr-casatema-use-internal { width: 100%; } .div-right-attr-casatema-use-internal { width: 100%; } .div-group-attr-casatema-use-internal { padding-bottom: 10px; } @media (min-width: 1224px) { .div-left-attr-casatema-use-internal { width: 49%; float: left; } .div-right-attr-casatema-use-internal { width: 49%; float: right; } }     Porta Reflecta para Guarda-roupa Modular 40cm sem Portas Jade CabeCasa MadeiraOriginals Avel\u00e3. A Porta Reflecta para Guarda-roupa Modular 40cm sem Portas Jade Cabecasa Madeiramadeira foi desenvolvida para trazer a experi\u00eancia de ter seu guarda roupas planejado de uma forma descomplicada, flex\u00edvel e adapt\u00e1vel ao seu espa\u00e7o, estilo e investimento. A porta possui dobradi\u00e7as com amortecimento garantindo seu fechamento suave, o puxador met\u00e1lico adiciona um toque de classe trazendo eleg\u00e2ncia ao ambiente. Tenha durabilidade, flexibilidade e estilo em um \u00fanico m\u00f3vel.   Caracter\u00edsticasAmbiente PrincipalQuartoCor PredominanteTransparenteCor do ProdutoAvel\u00e3Fabrica\u00e7\u00e3o Pr\u00f3priaSimLinha ou Cole\u00e7\u00e3oJadeMarcaCabeCasa MadeiraMadeiraModularSimOrigem do ProdutoNacionalMontagemComplexidade da MontagemM\u00e9dia: pode ser montado por mais de uma pessoa e\/ou necessite de maior conhecimento para montagemNecessita MontagemSimRecomenda\u00e7\u00f5es de Uso, Manuten\u00e7\u00e3o e LimpezaPara limpeza utilize pano macio, seco ou ligeiramente umedecido com \u00e1gua. N\u00e3o utilize sap\u00f3lios, polidores e ou produtos que contenham carga abrasiva, para evitar danos ao produto. Evitar que o m\u00f3vel fique exposto a luz solar direta, ou em ambientes de umidade e calor excessivo. N\u00e3o colocar carga excessiva de peso nas gavetas e prateleiras, para evitar acidentes ou danos ao produto. O m\u00f3vel dever\u00e1 ficar nivelado, desta forma, as gavetas e as portas ter\u00e3o o bom funcionamento, evite arrast\u00e1-los, isso pode danificar o m\u00f3vel.Sistema de MontagemCavilhas, parafusos e colaDocumentos AdicionaisManual de Montagem e Instala\u00e7\u00e3oClique aqui para acessarGarantiaGarantia24 MesesItens InclusosItens Inclusos1 Porta, Kit FerragemMateriais e AcabamentosAcabamentoFinish FoilEscala de BrilhoFoscoMaterial PrincipalVidroPesos e Dimens\u00f5esAltura (cm)193.2Largura (cm)39.3Peso (kg)11.4Profundidade (cm)2.0<\/p>\n<hr \/>\n<h4>Aproveite e pesquise o pre\u00e7o deste produto em dezenas de lojas dos marketplaces abaixo:<\/h4>\n<p><a href=\"https:\/\/www.magazinevoce.com.br\/magazineezu\/busca\/Porta Reflecta para Guarda-roupa Modular 40cm sem Portas Jade CabeCasa MadeiraOriginals Avel\u00e3\/\" target=\"_blank\" rel=\"noopener\"><img decoding=\"async\" src=\"https:\/\/bateroda.com.br\/marketplace\/logos\/magaezu.jpg\" alt=\"Pesquise no Magazine eZu\" \/> &#8211; Magazine eZu<\/a><\/p>\n<hr \/>\n<p><!-- START ADVERTISER: Webcontinental BR from awin.com --><\/p>\n<p><a href=\"https:\/\/www.awin1.com\/cread.php?awinmid=17743&#038;awinaffid=690303&#038;ued=https%3A%2F%2Fwww.webcontinental.com.br%2FPorta Reflecta para Guarda-roupa Modular 40cm sem Portas Jade CabeCasa MadeiraOriginals Avel\u00e3%3F_q%3DPorta Reflecta para Guarda-roupa Modular 40cm sem Portas Jade CabeCasa MadeiraOriginals Avel\u00e3%26map%3Dft\" rel=\"sponsored\"><img decoding=\"async\" src=\"https:\/\/lojawebcontinental.vtexassets.com\/arquivos\/logo-webcontinental-checkout.png\" border=\"0\" \/> &#8211; Loja Online.<\/a><\/p>\n<p><!-- END ADVERTISER: Webcontinental BR from awin.com --><\/p>\n","protected":false},"excerpt":{"rendered":"<p>R$ 891.62 nas lojas <a href=\"https:\/\/www.awin1.com\/pclick.php?p=44999528303&#038;a=690303&#038;m=100453\" target=\"_blank\" rel=\"sponsored\">Casa Tema BR<\/a> <a class=\"more-link\" href=\"https:\/\/bonoro.com.br\/shop\/2026\/06\/porta-reflecta-para-guarda-roupa-modular-40cm-sem-portas-jade-cabecasa-madeiraoriginals-avela-r-891-62\/\">\u2192<\/a><\/p>\n","protected":false},"author":1,"featured_media":0,"comment_status":"closed","ping_status":"closed","sticky":false,"template":"","format":"standard","meta":{"footnotes":""},"categories":[198],"tags":[43512,205,43511],"class_list":["post-260888","post","type-post","status-publish","format-standard","hentry","category-produtos","tag-891-62","tag-casa-tema-br","tag-porta-reflecta-para-guarda-roupa-modular-40cm-sem-portas-jade-cabecasa-madeiraoriginals-avela"],"_links":{"self":[{"href":"https:\/\/bonoro.com.br\/shop\/wp-json\/wp\/v2\/posts\/260888","targetHints":{"allow":["GET"]}}],"collection":[{"href":"https:\/\/bonoro.com.br\/shop\/wp-json\/wp\/v2\/posts"}],"about":[{"href":"https:\/\/bonoro.com.br\/shop\/wp-json\/wp\/v2\/types\/post"}],"author":[{"embeddable":true,"href":"https:\/\/bonoro.com.br\/shop\/wp-json\/wp\/v2\/users\/1"}],"replies":[{"embeddable":true,"href":"https:\/\/bonoro.com.br\/shop\/wp-json\/wp\/v2\/comments?post=260888"}],"version-history":[{"count":0,"href":"https:\/\/bonoro.com.br\/shop\/wp-json\/wp\/v2\/posts\/260888\/revisions"}],"wp:attachment":[{"href":"https:\/\/bonoro.com.br\/shop\/wp-json\/wp\/v2\/media?parent=260888"}],"wp:term":[{"taxonomy":"category","embeddable":true,"href":"https:\/\/bonoro.com.br\/shop\/wp-json\/wp\/v2\/categories?post=260888"},{"taxonomy":"post_tag","embeddable":true,"href":"https:\/\/bonoro.com.br\/shop\/wp-json\/wp\/v2\/tags?post=260888"}],"curies":[{"name":"wp","href":"https:\/\/api.w.org\/{rel}","templated":true}]}}