{"id":260814,"date":"2026-06-29T22:36:09","date_gmt":"2026-06-29T22:36:09","guid":{"rendered":"https:\/\/bonoro.com.br\/shop\/2026\/06\/paneleiro-torre-quente-para-forno-70cm-soho-cabecasa-madeiraoriginals-freijo-branco-r-899-98\/"},"modified":"2026-06-29T22:36:09","modified_gmt":"2026-06-29T22:36:09","slug":"paneleiro-torre-quente-para-forno-70cm-soho-cabecasa-madeiraoriginals-freijo-branco-r-899-98","status":"publish","type":"post","link":"https:\/\/bonoro.com.br\/shop\/2026\/06\/paneleiro-torre-quente-para-forno-70cm-soho-cabecasa-madeiraoriginals-freijo-branco-r-899-98\/","title":{"rendered":"Paneleiro Torre Quente para Forno 70cm Soho CabeCasa MadeiraOriginals Freij\u00f3\/Branco &#8211; R$ 899.98"},"content":{"rendered":"<h2><\/h2>\n<h3>Paneleiro Torre Quente para Forno 70cm Soho CabeCasa MadeiraOriginals Freij\u00f3\/Branco teve o pre\u00e7o, no dia acima especificado, de <strong>R$ 899.98<\/strong>.<\/h3>\n<p>Confira o pre\u00e7o atual aqui: <a href=\"https:\/\/www.awin1.com\/cread.php?awinmid=100453&#038;awinaffid=690303&#038;ued=https:\/\/www.casatema.com.br\/paneleiro-torre-quente-para-forno-70cm-soho-cabecasa-madeiraoriginals-freijo-branco\/p?idsku=975749\" rel=\"sponsored\" target=\"_blank\"><img decoding=\"async\" src=\"https:\/\/ui.awin.com\/images\/upload\/merchant\/profile\/100453.png\" alt=\"Paneleiro Torre Quente para Forno 70cm Soho CabeCasa MadeiraOriginals Freij\u00f3\/Branco\" \/> &#8211; nas lojas Casa Tema BR<\/a><\/p>\n<p><img decoding=\"async\" src=\"https:\/\/casatema.vteximg.com.br\/arquivos\/ids\/1443440_2\" alt=\"Paneleiro Torre Quente para Forno 70cm Soho CabeCasa MadeiraOriginals Freij\u00f3\/Branco\" \/><br \/>\nPaneleiro Torre Quente para Forno 70cm Soho CabeCasa MadeiraOriginals Freij\u00f3\/Branco  .body-casatema-use-internal { font-family: Arial, sans-serif; line-height: 1.6; } .container-casatema-use-internal { width: 80%; margin: 0 auto; padding: 20px; } .hx-casatema-use-internal { color: #333; } .ul-casatema-use-internal { list-style-type: none; padding: 0; } .li-casatema-use-internal { background: #f4f4f4; margin: 5px 0; padding: 10px; border-radius: 5px; } .highlight-casatema-use-internal { font-weight: bold; } .image-container-casatema-use-internal, .img-casatema-use-internal { width: 100%; height: auto; } \/* CSS para os atributos *\/ .table-attr-casatema-use-internal { border-spacing: 0px; width: 100%; } .table-attr-casatema-use-internal tr:nth-child(even) { background: #ffffff; } .table-attr-casatema-use-internal tr:nth-child(odd) { background: #dfede9; } .td-left-attr-casatema-use-internal { padding: 10px; width: 30%; font-weight: bold; } .td-right-attr-casatema-use-internal { padding: 10px; width: 70%; } .div-left-attr-casatema-use-internal { width: 100%; } .div-right-attr-casatema-use-internal { width: 100%; } .div-group-attr-casatema-use-internal { padding-bottom: 10px; } @media (min-width: 1224px) { .div-left-attr-casatema-use-internal { width: 49%; float: left; } .div-right-attr-casatema-use-internal { width: 49%; float: right; } }     Paneleiro Torre Quente para Forno 70cm Soho CabeCasa MadeiraOriginals Freij\u00f3\/Branco. A linha de cozinha SoHo \u00e9 uma homenagem ao charme e \u00e0 simplicidade do bairro SoHo em Nova York, um local que evoluiu de um tradicional bairro industrial para um vibrante centro cosmopolita. Originalmente conhecido por seus lofts industriais e pela arquitetura funcional, o SoHo \u00e9 hoje um s\u00edmbolo de design descomplicado e estilo urbano, inspirando a linha SoHo a oferecer um design que combina harmoniosamente o tradicional e o moderno. Com portas de estilo americano e puxadores contempor\u00e2neos, a linha SoHo \u00e9 perfeita para quem deseja uma cozinha pr\u00e1tica, que se adapta facilmente a qualquer estilo de decora\u00e7\u00e3o. Projetada para criar um ambiente acolhedor e funcional, a SoHo se destaca pelo seu design descomplicado, facilitando o dia a dia e adicionando um toque de sofistica\u00e7\u00e3o sem esfor\u00e7o. Detalhes pr\u00e1ticos, como corredi\u00e7as telesc\u00f3picas que garantem suavidade na abertura e fechamento das gavetas, e p\u00e9s com regulagem de altura para adaptar a cozinha a pisos irregulares, destacam a versatilidade da linha. Pensando em atender \u00e0s necessidades e dimens\u00f5es mais comuns das cozinhas brasileiras, a linha SoHo est\u00e1 dispon\u00edvel em kits funcionais, cuidadosamente elaborados pela nossa equipe criativa. Esses kits foram projetados para simplificar a escolha e a instala\u00e7\u00e3o, oferecendo solu\u00e7\u00f5es que se encaixam perfeitamente em diversos espa\u00e7os, trazendo o estilo e a praticidade do ic\u00f4nico bairro de Nova York para o cora\u00e7\u00e3o da sua casa. Com amplo espa\u00e7o interno e gavetas de deslizamento suave gra\u00e7as \u00e0s corredi\u00e7as telesc\u00f3picas, ele \u00e9 ideal para organizar sua cozinha de forma eficiente. As portas robustas possuem dobradi\u00e7as refor\u00e7adas de 35mm e o arm\u00e1rio a\u00e9reo com pist\u00e3o a g\u00e1s \u00e9 perfeito para instala\u00e7\u00e3o sobre geladeiras ou fog\u00f5es. Os puxadores em alum\u00ednio com pintura ep\u00f3xi oferecem um toque de design contempor\u00e2neo e resist\u00eancia ao uso di\u00e1rio. Os p\u00e9s em PVC de 14,5 cm s\u00e3o ajust\u00e1veis para maior estabilidade, e os rodap\u00e9s remov\u00edveis facilitam a limpeza do dia a dia. Al\u00e9m disso, nossa cadeia de abastecimento respeita as normas de conformidade e compliance. Todos os nossos processos buscam resguardar as pr\u00e1ticas sustent\u00e1veis e \u00e9ticas de toda a cadeia, garantindo que cada etapa de produ\u00e7\u00e3o da Cozinha Soho est\u00e1 alinhada com padr\u00f5es ambientais e sociais respons\u00e1veis.   Caracter\u00edsticasAcompanha Rodap\u00e9 DecorativoSimAmbiente PrincipalCozinhaCorFreij\u00f3\/BrancoCor Flexn\u00e3oCor InternaFreij\u00f3Cor PredominanteBrancoCor do ProdutoFreij\u00f3\/BrancoCor dos P\u00e9sCinzaEstiloModernoFabrica\u00e7\u00e3o Pr\u00f3priaSimInforma\u00e7\u00f5es Complementares (Novo)Portas de bater almofadadas\/molduradas em MDF, porta superior basculante com pist\u00e3o a g\u00e1s, dobradi\u00e7as de 35mm, prateleira interna, puxadores em alum\u00ednio, p\u00e9s PVC regul\u00e1veis 14,5cm, rodap\u00e9 remov\u00edvel.Linha ou Cole\u00e7\u00e3oSohoMarcaCabeCasa MadeiraMadeiraModularSimOrigem do ProdutoNacionalPeso M\u00e1ximo por Prateleira3.0Possui EspelhosN\u00e3oPossui GavetasN\u00e3oPossui P\u00e9sSimPossui Rod\u00edzioN\u00e3oP\u00e9s Regul\u00e1veisSimSapatas NiveladorasSimSuporta At\u00e9 (kg)44.0Tipo de Arm\u00e1rio de CozinhaPaneleiroTipo de PaneleiroPaneleiro FornoTipo de PortaMisto (Bater e Basculante)Tipo de Puxador da PortaExternoPesos e Dimens\u00f5esAltura (cm)213.0Altura dos P\u00e9s14.5Largura (cm)70.0Peso (kg)44.6Profundidade (cm)50.0Documentos AdicionaisManual de Montagem e Instala\u00e7\u00e3oClique aqui para acessarGarantiaGarantia12 MesesItens InclusosItens Inclusos1 Paneleiro, Kit Ferragens e Manual de MontagemMateriais e AcabamentosAcabamentoPintura UVAcabamento da PortaFinish FoilAcabamento da PrateleiraPintura UVEscala de BrilhoSemi-FoscoEscala de Brilho da PortaSemi-FoscoEscala de Brilho da PrateleiraSemi-FoscoMaterial PrincipalMDPMaterial da Dobradi\u00e7a\/Corredi\u00e7a da PortaMet\u00e1licaMaterial da GavetaMDPMaterial da PortaMDFMaterial da PrateleiraMDPMaterial do Puxador da PortaAlum\u00ednioMaterial dos P\u00e9sPVCTipo de Dobradi\u00e7a\/Corredi\u00e7a da Porta35 mmMontagemComplexidade da MontagemAlta: deve ser montado por um montador especializadoMontagem Flexn\u00e3oNecessita MontagemSimRecomenda\u00e7\u00f5es de Uso, Manuten\u00e7\u00e3o e LimpezaPara limpeza utilize pano macio levemente umedecido e na sequ\u00eancia pano seco. N\u00e3o usar produtos qu\u00edmicos ou abrasivos.Sistema de MontagemParafusos, pregos, cavilhas.Outras caracter\u00edsticasPossui Portas3Possui Prateleiras2<\/p>\n<hr \/>\n<h4>Aproveite e pesquise o pre\u00e7o deste produto em dezenas de lojas dos marketplaces abaixo:<\/h4>\n<p><a href=\"https:\/\/www.magazinevoce.com.br\/magazineezu\/busca\/Paneleiro Torre Quente para Forno 70cm Soho CabeCasa MadeiraOriginals Freij\u00f3\/Branco\/\" target=\"_blank\" rel=\"noopener\"><img decoding=\"async\" src=\"https:\/\/bateroda.com.br\/marketplace\/logos\/magaezu.jpg\" alt=\"Pesquise no Magazine eZu\" \/> &#8211; Magazine eZu<\/a><\/p>\n<hr \/>\n<p><!-- START ADVERTISER: Webcontinental BR from awin.com --><\/p>\n<p><a href=\"https:\/\/www.awin1.com\/cread.php?awinmid=17743&#038;awinaffid=690303&#038;ued=https%3A%2F%2Fwww.webcontinental.com.br%2FPaneleiro Torre Quente para Forno 70cm Soho CabeCasa MadeiraOriginals Freij\u00f3\/Branco%3F_q%3DPaneleiro Torre Quente para Forno 70cm Soho CabeCasa MadeiraOriginals Freij\u00f3\/Branco%26map%3Dft\" rel=\"sponsored\"><img decoding=\"async\" src=\"https:\/\/lojawebcontinental.vtexassets.com\/arquivos\/logo-webcontinental-checkout.png\" border=\"0\" \/> &#8211; Loja Online.<\/a><\/p>\n<p><!-- END ADVERTISER: Webcontinental BR from awin.com --><\/p>\n","protected":false},"excerpt":{"rendered":"<p>R$ 899.98 nas lojas <a href=\"https:\/\/www.awin1.com\/pclick.php?p=44999528229&#038;a=690303&#038;m=100453\" target=\"_blank\" rel=\"sponsored\">Casa Tema BR<\/a> <a class=\"more-link\" href=\"https:\/\/bonoro.com.br\/shop\/2026\/06\/paneleiro-torre-quente-para-forno-70cm-soho-cabecasa-madeiraoriginals-freijo-branco-r-899-98\/\">\u2192<\/a><\/p>\n","protected":false},"author":1,"featured_media":0,"comment_status":"closed","ping_status":"closed","sticky":false,"template":"","format":"standard","meta":{"footnotes":""},"categories":[198],"tags":[10087,205,43391],"class_list":["post-260814","post","type-post","status-publish","format-standard","hentry","category-produtos","tag-899-98","tag-casa-tema-br","tag-paneleiro-torre-quente-para-forno-70cm-soho-cabecasa-madeiraoriginals-freijo-branco"],"_links":{"self":[{"href":"https:\/\/bonoro.com.br\/shop\/wp-json\/wp\/v2\/posts\/260814","targetHints":{"allow":["GET"]}}],"collection":[{"href":"https:\/\/bonoro.com.br\/shop\/wp-json\/wp\/v2\/posts"}],"about":[{"href":"https:\/\/bonoro.com.br\/shop\/wp-json\/wp\/v2\/types\/post"}],"author":[{"embeddable":true,"href":"https:\/\/bonoro.com.br\/shop\/wp-json\/wp\/v2\/users\/1"}],"replies":[{"embeddable":true,"href":"https:\/\/bonoro.com.br\/shop\/wp-json\/wp\/v2\/comments?post=260814"}],"version-history":[{"count":0,"href":"https:\/\/bonoro.com.br\/shop\/wp-json\/wp\/v2\/posts\/260814\/revisions"}],"wp:attachment":[{"href":"https:\/\/bonoro.com.br\/shop\/wp-json\/wp\/v2\/media?parent=260814"}],"wp:term":[{"taxonomy":"category","embeddable":true,"href":"https:\/\/bonoro.com.br\/shop\/wp-json\/wp\/v2\/categories?post=260814"},{"taxonomy":"post_tag","embeddable":true,"href":"https:\/\/bonoro.com.br\/shop\/wp-json\/wp\/v2\/tags?post=260814"}],"curies":[{"name":"wp","href":"https:\/\/api.w.org\/{rel}","templated":true}]}}