{"id":260732,"date":"2026-06-28T07:10:14","date_gmt":"2026-06-28T07:10:14","guid":{"rendered":"https:\/\/bonoro.com.br\/shop\/2026\/06\/armario-alto-aereo-2-portas-135cm-arizona-cabecasa-madeiraoriginals-branco-cobre-r-917-45\/"},"modified":"2026-06-28T07:10:14","modified_gmt":"2026-06-28T07:10:14","slug":"armario-alto-aereo-2-portas-135cm-arizona-cabecasa-madeiraoriginals-branco-cobre-r-917-45","status":"publish","type":"post","link":"https:\/\/bonoro.com.br\/shop\/2026\/06\/armario-alto-aereo-2-portas-135cm-arizona-cabecasa-madeiraoriginals-branco-cobre-r-917-45\/","title":{"rendered":"Arm\u00e1rio Alto A\u00e9reo 2 Portas 135cm Arizona CabeCasa MadeiraOriginals Branco\/Cobre &#8211; R$ 917.45"},"content":{"rendered":"<h2><\/h2>\n<h3>Arm\u00e1rio Alto A\u00e9reo 2 Portas 135cm Arizona CabeCasa MadeiraOriginals Branco\/Cobre teve o pre\u00e7o, no dia acima especificado, de <strong>R$ 917.45<\/strong>.<\/h3>\n<p>Confira o pre\u00e7o atual aqui: <a href=\"https:\/\/www.awin1.com\/cread.php?awinmid=100453&#038;awinaffid=690303&#038;ued=https:\/\/www.casatema.com.br\/armario-alto-aereo-2-portas-135cm-arizona-cabecasa-madeiraoriginals-branco-cobre\/p?idsku=972006\" rel=\"sponsored\" target=\"_blank\"><img decoding=\"async\" src=\"https:\/\/ui.awin.com\/images\/upload\/merchant\/profile\/100453.png\" alt=\"Arm\u00e1rio Alto A\u00e9reo 2 Portas 135cm Arizona CabeCasa MadeiraOriginals Branco\/Cobre\" \/> &#8211; nas lojas Casa Tema BR<\/a><\/p>\n<p><img decoding=\"async\" src=\"https:\/\/casatema.vteximg.com.br\/arquivos\/ids\/1442689_2\" alt=\"Arm\u00e1rio Alto A\u00e9reo 2 Portas 135cm Arizona CabeCasa MadeiraOriginals Branco\/Cobre\" \/><br \/>\nArm\u00e1rio Alto A\u00e9reo 2 Portas 135cm Arizona CabeCasa MadeiraOriginals Branco\/Cobre  .body-casatema-use-internal { font-family: Arial, sans-serif; line-height: 1.6; } .container-casatema-use-internal { width: 80%; margin: 0 auto; padding: 20px; } .hx-casatema-use-internal { color: #333; } .ul-casatema-use-internal { list-style-type: none; padding: 0; } .li-casatema-use-internal { background: #f4f4f4; margin: 5px 0; padding: 10px; border-radius: 5px; } .highlight-casatema-use-internal { font-weight: bold; } .image-container-casatema-use-internal, .img-casatema-use-internal { width: 100%; height: auto; } \/* CSS para os atributos *\/ .table-attr-casatema-use-internal { border-spacing: 0px; width: 100%; } .table-attr-casatema-use-internal tr:nth-child(even) { background: #ffffff; } .table-attr-casatema-use-internal tr:nth-child(odd) { background: #dfede9; } .td-left-attr-casatema-use-internal { padding: 10px; width: 30%; font-weight: bold; } .td-right-attr-casatema-use-internal { padding: 10px; width: 70%; } .div-left-attr-casatema-use-internal { width: 100%; } .div-right-attr-casatema-use-internal { width: 100%; } .div-group-attr-casatema-use-internal { padding-bottom: 10px; } @media (min-width: 1224px) { .div-left-attr-casatema-use-internal { width: 49%; float: left; } .div-right-attr-casatema-use-internal { width: 49%; float: right; } }     Arm\u00e1rio Alto A\u00e9reo 2 Portas 135cm Arizona CabeCasa MadeiraOriginals Branco\/Cobre. O Arm\u00e1rio A\u00e9reo 2 Portas 135cm com Porta de Madeira Arizona possui design contempor\u00e2neo inspirado no estilo americano. Possui fita de borda em PVC, conferindo alta durabilidade e prote\u00e7\u00e3o contra umidade ao m\u00f3vel. As portas s\u00e3o feitas em MDF com acabamento em Finish Foil e dobradi\u00e7as com amortecimento possibilitando o fechamento \u201csoft closing\u201d. O produto possui 4 prateleiras conferindo versatilidade e praticidade no dia a dia.   Caracter\u00edsticasAmbiente PrincipalCozinhaCor InternaBrancoCor PredominanteBrancoCor do ProdutoBranco\/CobreEstiloCl\u00e1ssicoFabrica\u00e7\u00e3o Pr\u00f3priaSimInforma\u00e7\u00f5es Complementares (Novo)Produto possui dobradi\u00e7as com amortecimentoLinha ou Cole\u00e7\u00e3oArizonaMarcaCabeCasa MadeiraMadeiraModularSimOrigem do ProdutoNacionalPeso M\u00e1ximo por Prateleira11.9Possui EspelhosN\u00e3oPossui GavetasN\u00e3oPossui PortasSimPossui PrateleirasSimPossui P\u00e9sN\u00e3oPossui VidroN\u00e3oP\u00e9s Regul\u00e1veisN\u00e3oQuantidade de GavetasN\u00e3o PossuiQuantidade de Portas2 PortasQuantidade de Prateleiras03 PrateleirasQuantidade do Produto1Sapatas NiveladorasN\u00e3oSuporta At\u00e9 (kg)47.6Tipo de Arm\u00e1rio de CozinhaArm\u00e1rio A\u00e9reoTipo de PortaBaterTipo de Puxador da PortaExternoDocumentos AdicionaisManual de Montagem e Instala\u00e7\u00e3oClique aqui para acessarGarantiaGarantia24 MesesItens InclusosBalc\u00e3o Acompanha PiaN\u00e3oItens Inclusos1 Arm\u00e1rio A\u00e9reo, Kit Ferragem, Manual de MontagemMateriais e AcabamentosAcabamentoPintura UVAcabamento da PortaFinish FoilAcabamento da PrateleiraPintura UVEscala de BrilhoFoscoEscala de Brilho da PortaFoscoEscala de Brilho da PrateleiraSemi-FoscoMaterial PrincipalMDPMaterial da Dobradi\u00e7a\/Corredi\u00e7a da PortaMet\u00e1licaMaterial da PortaMDFMaterial da PrateleiraMDPMaterial do Puxador da PortaABSTipo de Dobradi\u00e7a\/Corredi\u00e7a da Porta35 mmMontagemComplexidade da MontagemM\u00e9dia: pode ser montado por mais de uma pessoa e\/ou necessite de maior conhecimento para montagemNecessita MontagemSimRecomenda\u00e7\u00f5es de Uso, Manuten\u00e7\u00e3o e LimpezaRetire o p\u00f3 com flanela secaSistema de MontagemParafusos, Cavilhas, MinifixPesos e Dimens\u00f5esAltura (cm)135.0Espessura da Estrutura (mm)15.0Largura (cm)80.0Peso (kg)35.2Profundidade (cm)37.0<\/p>\n<hr \/>\n<h4>Aproveite e pesquise o pre\u00e7o deste produto em dezenas de lojas dos marketplaces abaixo:<\/h4>\n<p><a href=\"https:\/\/www.magazinevoce.com.br\/magazineezu\/busca\/Arm\u00e1rio Alto A\u00e9reo 2 Portas 135cm Arizona CabeCasa MadeiraOriginals Branco\/Cobre\/\" target=\"_blank\" rel=\"noopener\"><img decoding=\"async\" src=\"https:\/\/bateroda.com.br\/marketplace\/logos\/magaezu.jpg\" alt=\"Pesquise no Magazine eZu\" \/> &#8211; Magazine eZu<\/a><\/p>\n<hr \/>\n<p><!-- START ADVERTISER: Webcontinental BR from awin.com --><\/p>\n<p><a href=\"https:\/\/www.awin1.com\/cread.php?awinmid=17743&#038;awinaffid=690303&#038;ued=https%3A%2F%2Fwww.webcontinental.com.br%2FArm\u00e1rio Alto A\u00e9reo 2 Portas 135cm Arizona CabeCasa MadeiraOriginals Branco\/Cobre%3F_q%3DArm\u00e1rio Alto A\u00e9reo 2 Portas 135cm Arizona CabeCasa MadeiraOriginals Branco\/Cobre%26map%3Dft\" rel=\"sponsored\"><img decoding=\"async\" src=\"https:\/\/lojawebcontinental.vtexassets.com\/arquivos\/logo-webcontinental-checkout.png\" border=\"0\" \/> &#8211; Loja Online.<\/a><\/p>\n<p><!-- END ADVERTISER: Webcontinental BR from awin.com --><\/p>\n","protected":false},"excerpt":{"rendered":"<p>R$ 917.45 nas lojas <a href=\"https:\/\/www.awin1.com\/pclick.php?p=44999528147&#038;a=690303&#038;m=100453\" target=\"_blank\" rel=\"sponsored\">Casa Tema BR<\/a> <a class=\"more-link\" href=\"https:\/\/bonoro.com.br\/shop\/2026\/06\/armario-alto-aereo-2-portas-135cm-arizona-cabecasa-madeiraoriginals-branco-cobre-r-917-45\/\">\u2192<\/a><\/p>\n","protected":false},"author":1,"featured_media":0,"comment_status":"closed","ping_status":"closed","sticky":false,"template":"","format":"standard","meta":{"footnotes":""},"categories":[198],"tags":[43240,43239,205],"class_list":["post-260732","post","type-post","status-publish","format-standard","hentry","category-produtos","tag-917-45","tag-armario-alto-aereo-2-portas-135cm-arizona-cabecasa-madeiraoriginals-branco-cobre","tag-casa-tema-br"],"_links":{"self":[{"href":"https:\/\/bonoro.com.br\/shop\/wp-json\/wp\/v2\/posts\/260732","targetHints":{"allow":["GET"]}}],"collection":[{"href":"https:\/\/bonoro.com.br\/shop\/wp-json\/wp\/v2\/posts"}],"about":[{"href":"https:\/\/bonoro.com.br\/shop\/wp-json\/wp\/v2\/types\/post"}],"author":[{"embeddable":true,"href":"https:\/\/bonoro.com.br\/shop\/wp-json\/wp\/v2\/users\/1"}],"replies":[{"embeddable":true,"href":"https:\/\/bonoro.com.br\/shop\/wp-json\/wp\/v2\/comments?post=260732"}],"version-history":[{"count":0,"href":"https:\/\/bonoro.com.br\/shop\/wp-json\/wp\/v2\/posts\/260732\/revisions"}],"wp:attachment":[{"href":"https:\/\/bonoro.com.br\/shop\/wp-json\/wp\/v2\/media?parent=260732"}],"wp:term":[{"taxonomy":"category","embeddable":true,"href":"https:\/\/bonoro.com.br\/shop\/wp-json\/wp\/v2\/categories?post=260732"},{"taxonomy":"post_tag","embeddable":true,"href":"https:\/\/bonoro.com.br\/shop\/wp-json\/wp\/v2\/tags?post=260732"}],"curies":[{"name":"wp","href":"https:\/\/api.w.org\/{rel}","templated":true}]}}