{"id":260365,"date":"2026-06-27T20:10:31","date_gmt":"2026-06-27T20:10:31","guid":{"rendered":"https:\/\/bonoro.com.br\/shop\/2026\/06\/cadeira-jandaia-cabecasa-madeiraoriginals-caramelo-amendoa-r-1129-40\/"},"modified":"2026-06-27T20:10:31","modified_gmt":"2026-06-27T20:10:31","slug":"cadeira-jandaia-cabecasa-madeiraoriginals-caramelo-amendoa-r-1129-40","status":"publish","type":"post","link":"https:\/\/bonoro.com.br\/shop\/2026\/06\/cadeira-jandaia-cabecasa-madeiraoriginals-caramelo-amendoa-r-1129-40\/","title":{"rendered":"Cadeira Jandaia CabeCasa MadeiraOriginals Caramelo\/Am\u00eandoa &#8211; R$ 1129.40"},"content":{"rendered":"<h2><\/h2>\n<h3>Cadeira Jandaia CabeCasa MadeiraOriginals Caramelo\/Am\u00eandoa teve o pre\u00e7o, no dia acima especificado, de <strong>R$ 1129.40<\/strong>.<\/h3>\n<p>Confira o pre\u00e7o atual aqui: <a href=\"https:\/\/www.awin1.com\/cread.php?awinmid=100453&#038;awinaffid=690303&#038;ued=https:\/\/www.casatema.com.br\/cadeira-jandaia-cabecasa-madeiraoriginals-caramelo-amendoa\/p?idsku=916755\" rel=\"sponsored\" target=\"_blank\"><img decoding=\"async\" src=\"https:\/\/ui.awin.com\/images\/upload\/merchant\/profile\/100453.png\" alt=\"Cadeira Jandaia CabeCasa MadeiraOriginals Caramelo\/Am\u00eandoa\" \/> &#8211; nas lojas Casa Tema BR<\/a><\/p>\n<p><img decoding=\"async\" src=\"https:\/\/casatema.vteximg.com.br\/arquivos\/ids\/1438392_2\" alt=\"Cadeira Jandaia CabeCasa MadeiraOriginals Caramelo\/Am\u00eandoa\" \/><br \/>\nCadeira Jandaia CabeCasa MadeiraOriginals Caramelo\/Am\u00eandoa  .body-casatema-use-internal { font-family: Arial, sans-serif; line-height: 1.6; } .container-casatema-use-internal { width: 80%; margin: 0 auto; padding: 20px; } .hx-casatema-use-internal { color: #333; } .ul-casatema-use-internal { list-style-type: none; padding: 0; } .li-casatema-use-internal { background: #f4f4f4; margin: 5px 0; padding: 10px; border-radius: 5px; } .highlight-casatema-use-internal { font-weight: bold; } .image-container-casatema-use-internal, .img-casatema-use-internal { width: 100%; height: auto; } \/* CSS para os atributos *\/ .table-attr-casatema-use-internal { border-spacing: 0px; width: 100%; } .table-attr-casatema-use-internal tr:nth-child(even) { background: #ffffff; } .table-attr-casatema-use-internal tr:nth-child(odd) { background: #dfede9; } .td-left-attr-casatema-use-internal { padding: 10px; width: 30%; font-weight: bold; } .td-right-attr-casatema-use-internal { padding: 10px; width: 70%; } .div-left-attr-casatema-use-internal { width: 100%; } .div-right-attr-casatema-use-internal { width: 100%; } .div-group-attr-casatema-use-internal { padding-bottom: 10px; } @media (min-width: 1224px) { .div-left-attr-casatema-use-internal { width: 49%; float: left; } .div-right-attr-casatema-use-internal { width: 49%; float: right; } }     Cadeira Jandaia CabeCasa MadeiraOriginals Caramelo\/Am\u00eandoa. A Cadeira Jandaia CabeCasa MadeiraMadeira \u00e9 feita com madeira maci\u00e7a de alta qualidade, robusta para suportar at\u00e9 200kg, garantindo sua durabilidade e seguran\u00e7a. O design ergon\u00f4mico do assento da Cadeira Jandaia \u00e9 projetado para atender pessoas de diferentes tamanhos, proporcionando um suporte excepcional para uma variedade de usu\u00e1rios. Seu assento aparenta flutuar, criando uma sensa\u00e7\u00e3o de leveza e eleg\u00e2ncia. Al\u00e9m disso, a estrutura curva do encosto oferece um apoio perfeito para as costas, proporcionando o m\u00e1ximo de conforto durante longos per\u00edodos de uso. Seu design sofisticado eleva instantaneamente qualquer ambiente, tornando-a n\u00e3o apenas uma pe\u00e7a funcional, mas tamb\u00e9m um destaque estil\u00edstico. Seja para a sua sala de jantar, escrit\u00f3rio ou qualquer outro espa\u00e7o, a Cadeira Jandaia da MadeiraMadeira \u00e9 a escolha definitiva para quem busca o equil\u00edbrio perfeito entre conforto, durabilidade e estilo.   Caracter\u00edsticasAmbiente PrincipalSala de JantarCorCaramelo\/Am\u00eandoaCor PredominanteMarromCor do ProdutoCaramelo\/Am\u00eandoaFabrica\u00e7\u00e3o Pr\u00f3priaSimLinha ou Cole\u00e7\u00e3oJandaiaMarcaCabeCasa MadeiraMadeiraPossui Assento\/Encosto EstofadosPossui Somente o Assento EstofadoPossui EspaldarSimPossui Rod\u00edzioN\u00e3oQuantidade de Itens1Quantidade do Produto1Suporta At\u00e9 (kg)200.0Pesos e Dimens\u00f5esLargura (cm)48.6Peso (kg)7.8Profundidade (cm)62.2Documentos AdicionaisManual de Montagem e Instala\u00e7\u00e3oClique aqui para acessarGarantiaGarantia24 MesesItens InclusosItens Inclusos1 Cadeira, feltro para p\u00e9s e 1 manual de montagem.Materiais e AcabamentosMaterial PrincipalMadeira Maci\u00e7aRevestimento do AssentoCorinoMontagemNecessita MontagemSimOutras caracter\u00edsticasEstrutura do AssentoCompensado Anat\u00f4mico, Espuma 4 cm altura, Densidade 26Estrutura do EncostoCompensado Anat\u00f4mico<\/p>\n<hr \/>\n<h4>Aproveite e pesquise o pre\u00e7o deste produto em dezenas de lojas dos marketplaces abaixo:<\/h4>\n<p><a href=\"https:\/\/www.magazinevoce.com.br\/magazineezu\/busca\/Cadeira Jandaia CabeCasa MadeiraOriginals Caramelo\/Am\u00eandoa\/\" target=\"_blank\" rel=\"noopener\"><img decoding=\"async\" src=\"https:\/\/bateroda.com.br\/marketplace\/logos\/magaezu.jpg\" alt=\"Pesquise no Magazine eZu\" \/> &#8211; Magazine eZu<\/a><\/p>\n<hr \/>\n<p><!-- START ADVERTISER: Webcontinental BR from awin.com --><\/p>\n<p><a href=\"https:\/\/www.awin1.com\/cread.php?awinmid=17743&#038;awinaffid=690303&#038;ued=https%3A%2F%2Fwww.webcontinental.com.br%2FCadeira Jandaia CabeCasa MadeiraOriginals Caramelo\/Am\u00eandoa%3F_q%3DCadeira Jandaia CabeCasa MadeiraOriginals Caramelo\/Am\u00eandoa%26map%3Dft\" rel=\"sponsored\"><img decoding=\"async\" src=\"https:\/\/lojawebcontinental.vtexassets.com\/arquivos\/logo-webcontinental-checkout.png\" border=\"0\" \/> &#8211; Loja Online.<\/a><\/p>\n<p><!-- END ADVERTISER: Webcontinental BR from awin.com --><\/p>\n","protected":false},"excerpt":{"rendered":"<p>R$ 1129.40 nas lojas <a href=\"https:\/\/www.awin1.com\/pclick.php?p=44999527696&#038;a=690303&#038;m=100453\" target=\"_blank\" rel=\"sponsored\">Casa Tema BR<\/a> <a class=\"more-link\" href=\"https:\/\/bonoro.com.br\/shop\/2026\/06\/cadeira-jandaia-cabecasa-madeiraoriginals-caramelo-amendoa-r-1129-40\/\">\u2192<\/a><\/p>\n","protected":false},"author":1,"featured_media":0,"comment_status":"closed","ping_status":"closed","sticky":false,"template":"","format":"standard","meta":{"footnotes":""},"categories":[198],"tags":[42617,42616,205],"class_list":["post-260365","post","type-post","status-publish","format-standard","hentry","category-produtos","tag-1129-40","tag-cadeira-jandaia-cabecasa-madeiraoriginals-caramelo-amendoa","tag-casa-tema-br"],"_links":{"self":[{"href":"https:\/\/bonoro.com.br\/shop\/wp-json\/wp\/v2\/posts\/260365","targetHints":{"allow":["GET"]}}],"collection":[{"href":"https:\/\/bonoro.com.br\/shop\/wp-json\/wp\/v2\/posts"}],"about":[{"href":"https:\/\/bonoro.com.br\/shop\/wp-json\/wp\/v2\/types\/post"}],"author":[{"embeddable":true,"href":"https:\/\/bonoro.com.br\/shop\/wp-json\/wp\/v2\/users\/1"}],"replies":[{"embeddable":true,"href":"https:\/\/bonoro.com.br\/shop\/wp-json\/wp\/v2\/comments?post=260365"}],"version-history":[{"count":0,"href":"https:\/\/bonoro.com.br\/shop\/wp-json\/wp\/v2\/posts\/260365\/revisions"}],"wp:attachment":[{"href":"https:\/\/bonoro.com.br\/shop\/wp-json\/wp\/v2\/media?parent=260365"}],"wp:term":[{"taxonomy":"category","embeddable":true,"href":"https:\/\/bonoro.com.br\/shop\/wp-json\/wp\/v2\/categories?post=260365"},{"taxonomy":"post_tag","embeddable":true,"href":"https:\/\/bonoro.com.br\/shop\/wp-json\/wp\/v2\/tags?post=260365"}],"curies":[{"name":"wp","href":"https:\/\/api.w.org\/{rel}","templated":true}]}}