{"id":260306,"date":"2026-06-29T04:07:43","date_gmt":"2026-06-29T04:07:43","guid":{"rendered":"https:\/\/bonoro.com.br\/shop\/2026\/06\/ponte-para-mesa-de-cabeceira-com-prateleira-jade-cabecasa-madeiraoriginals-cinza-urbano-r-537-95\/"},"modified":"2026-06-29T04:07:43","modified_gmt":"2026-06-29T04:07:43","slug":"ponte-para-mesa-de-cabeceira-com-prateleira-jade-cabecasa-madeiraoriginals-cinza-urbano-r-537-95","status":"publish","type":"post","link":"https:\/\/bonoro.com.br\/shop\/2026\/06\/ponte-para-mesa-de-cabeceira-com-prateleira-jade-cabecasa-madeiraoriginals-cinza-urbano-r-537-95\/","title":{"rendered":"Ponte para Mesa de Cabeceira com Prateleira Jade CabeCasa MadeiraOriginals Cinza Urbano &#8211; R$ 537.95"},"content":{"rendered":"<h2><\/h2>\n<h3>Ponte para Mesa de Cabeceira com Prateleira Jade CabeCasa MadeiraOriginals Cinza Urbano teve o pre\u00e7o, no dia acima especificado, de <strong>R$ 537.95<\/strong>.<\/h3>\n<p>Confira o pre\u00e7o atual aqui: <a href=\"https:\/\/www.awin1.com\/cread.php?awinmid=100453&#038;awinaffid=690303&#038;ued=https:\/\/www.casatema.com.br\/ponte-para-mesa-de-cabeceira-com-prateleira-jade-cabecasa-madeiraoriginals-cinza-urbano\/p?idsku=913383\" rel=\"sponsored\" target=\"_blank\"><img decoding=\"async\" src=\"https:\/\/ui.awin.com\/images\/upload\/merchant\/profile\/100453.png\" alt=\"Ponte para Mesa de Cabeceira com Prateleira Jade CabeCasa MadeiraOriginals Cinza Urbano\" \/> &#8211; nas lojas Casa Tema BR<\/a><\/p>\n<p><img decoding=\"async\" src=\"https:\/\/casatema.vteximg.com.br\/arquivos\/ids\/1437797_2\" alt=\"Ponte para Mesa de Cabeceira com Prateleira Jade CabeCasa MadeiraOriginals Cinza Urbano\" \/><br \/>\nPonte para Mesa de Cabeceira com Prateleira Jade CabeCasa MadeiraOriginals Cinza Urbano  .body-casatema-use-internal { font-family: Arial, sans-serif; line-height: 1.6; } .container-casatema-use-internal { width: 80%; margin: 0 auto; padding: 20px; } .hx-casatema-use-internal { color: #333; } .ul-casatema-use-internal { list-style-type: none; padding: 0; } .li-casatema-use-internal { background: #f4f4f4; margin: 5px 0; padding: 10px; border-radius: 5px; } .highlight-casatema-use-internal { font-weight: bold; } .image-container-casatema-use-internal, .img-casatema-use-internal { width: 100%; height: auto; } \/* CSS para os atributos *\/ .table-attr-casatema-use-internal { border-spacing: 0px; width: 100%; } .table-attr-casatema-use-internal tr:nth-child(even) { background: #ffffff; } .table-attr-casatema-use-internal tr:nth-child(odd) { background: #dfede9; } .td-left-attr-casatema-use-internal { padding: 10px; width: 30%; font-weight: bold; } .td-right-attr-casatema-use-internal { padding: 10px; width: 70%; } .div-left-attr-casatema-use-internal { width: 100%; } .div-right-attr-casatema-use-internal { width: 100%; } .div-group-attr-casatema-use-internal { padding-bottom: 10px; } @media (min-width: 1224px) { .div-left-attr-casatema-use-internal { width: 49%; float: left; } .div-right-attr-casatema-use-internal { width: 49%; float: right; } }     Ponte para Mesa de Cabeceira com Prateleira Jade CabeCasa MadeiraOriginals Cinza Urbano. Apresentamos nossa nova linha de m\u00f3veis modulados para quarto, a linha Jade Cabecasa MadeiraMadeira, combinando versatilidade e estilo para se adaptar perfeitamente a qualquer espa\u00e7o. Com design inteligente e funcionalidade em mente, nossa cole\u00e7\u00e3o oferece solu\u00e7\u00f5es de armazenamento personaliz\u00e1veis para criar um ambiente acolhedor e organizado, independentemente do tamanho do espa\u00e7o dispon\u00edvel. Maximize as solu\u00e7\u00f5es para o seu projeto modulado com nosso inovador M\u00f3dulo Ponte Cabeceira Jade, produzido em MDP 15mm que proporciona mais durabilidade e resist\u00eancia para o seu m\u00f3vel. Projetado para se adaptar perfeitamente \u00e0 montagem conjugada com a Mesa de Cabeceira Jade, oferece praticidade pela sua prateleira remov\u00edvel que permite armazenamento de itens maiores e menores e ainda assim sem sacrificar o estilo, mantendo funcionalidade e o design minimalista atrav\u00e9s do uso do fecho click que garante tamb\u00e9m facilidade de acesso e seguran\u00e7a para seus pertences.   Caracter\u00edsticasAmbiente PrincipalQuartoCorCinza UrbanoCor InternaCinzaCor PredominanteCinzaCor do ProdutoCinza UrbanoEstiloModernoFabrica\u00e7\u00e3o Pr\u00f3priaSimLinha ou Cole\u00e7\u00e3oJadeMarcaCabeCasa MadeiraMadeiraModularSimOrigem do ProdutoNacionalPossui GavetasN\u00e3oPossui PrateleirasN\u00e3oPossui P\u00e9sSuspensoTipo de Puxador da PortaN\u00e3o PossuiOutras caracter\u00edsticasLargura do Colch\u00e3o Indicado40 cmPossui Portas1Documentos AdicionaisManual de Montagem e Instala\u00e7\u00e3oClique aqui para acessarGarantiaGarantia24 MesesItens InclusosItens Inclusos1 Ponte A\u00e9reo , Manual de Montagem, Kit FerragemMateriais e AcabamentosAcabamentoFinish FoilAcabamento da PortaFinish FoilEscala de BrilhoFoscoMaterial PrincipalMDPMaterial da PortaMDPTipo de Dobradi\u00e7a\/Corredi\u00e7a da PortaA\u00e7oMontagemComplexidade da MontagemM\u00e9dia: pode ser montado por mais de uma pessoa e\/ou necessite de maior conhecimento para montagemNecessita MontagemSimRecomenda\u00e7\u00f5es de Uso, Manuten\u00e7\u00e3o e LimpezaPara limpeza utilize pano macio, seco ou ligeiramente umedecido com \u00e1gua. N\u00e3o utilize sap\u00f3lios, polidores e ou produtos que contenham carga abrasiva, para evitar danos ao produto. Evitar que o m\u00f3vel fique exposto a luz solar direta, ou em ambientes de umidade e calor excessivo. N\u00e3o colocar carga excessiva de peso nas gavetas e prateleiras, para evitar acidentes ou danos ao produto. O m\u00f3vel dever\u00e1 ficar nivelado, desta forma, as gavetas e as portas ter\u00e3o o bom funcionamento, evite arrast\u00e1-los, isso pode danificar o m\u00f3vel.Sistema de MontagemCavilhas, parafusos e colaPesos e Dimens\u00f5esAltura (cm)80.0Espessura da Estrutura (mm)15.0Largura (cm)40.0Peso (kg)18.7Profundidade (cm)54.0<\/p>\n<hr \/>\n<h4>Aproveite e pesquise o pre\u00e7o deste produto em dezenas de lojas dos marketplaces abaixo:<\/h4>\n<p><a href=\"https:\/\/www.magazinevoce.com.br\/magazineezu\/busca\/Ponte para Mesa de Cabeceira com Prateleira Jade CabeCasa MadeiraOriginals Cinza Urbano\/\" target=\"_blank\" rel=\"noopener\"><img decoding=\"async\" src=\"https:\/\/bateroda.com.br\/marketplace\/logos\/magaezu.jpg\" alt=\"Pesquise no Magazine eZu\" \/> &#8211; Magazine eZu<\/a><\/p>\n<hr \/>\n<p><!-- START ADVERTISER: Webcontinental BR from awin.com --><\/p>\n<p><a href=\"https:\/\/www.awin1.com\/cread.php?awinmid=17743&#038;awinaffid=690303&#038;ued=https%3A%2F%2Fwww.webcontinental.com.br%2FPonte para Mesa de Cabeceira com Prateleira Jade CabeCasa MadeiraOriginals Cinza Urbano%3F_q%3DPonte para Mesa de Cabeceira com Prateleira Jade CabeCasa MadeiraOriginals Cinza Urbano%26map%3Dft\" rel=\"sponsored\"><img decoding=\"async\" src=\"https:\/\/lojawebcontinental.vtexassets.com\/arquivos\/logo-webcontinental-checkout.png\" border=\"0\" \/> &#8211; Loja Online.<\/a><\/p>\n<p><!-- END ADVERTISER: Webcontinental BR from awin.com --><\/p>\n","protected":false},"excerpt":{"rendered":"<p>R$ 537.95 nas lojas <a href=\"https:\/\/www.awin1.com\/pclick.php?p=44999527637&#038;a=690303&#038;m=100453\" target=\"_blank\" rel=\"sponsored\">Casa Tema BR<\/a> <a class=\"more-link\" href=\"https:\/\/bonoro.com.br\/shop\/2026\/06\/ponte-para-mesa-de-cabeceira-com-prateleira-jade-cabecasa-madeiraoriginals-cinza-urbano-r-537-95\/\">\u2192<\/a><\/p>\n","protected":false},"author":1,"featured_media":0,"comment_status":"closed","ping_status":"closed","sticky":false,"template":"","format":"standard","meta":{"footnotes":""},"categories":[198],"tags":[42520,205,42519],"class_list":["post-260306","post","type-post","status-publish","format-standard","hentry","category-produtos","tag-537-95","tag-casa-tema-br","tag-ponte-para-mesa-de-cabeceira-com-prateleira-jade-cabecasa-madeiraoriginals-cinza-urbano"],"_links":{"self":[{"href":"https:\/\/bonoro.com.br\/shop\/wp-json\/wp\/v2\/posts\/260306","targetHints":{"allow":["GET"]}}],"collection":[{"href":"https:\/\/bonoro.com.br\/shop\/wp-json\/wp\/v2\/posts"}],"about":[{"href":"https:\/\/bonoro.com.br\/shop\/wp-json\/wp\/v2\/types\/post"}],"author":[{"embeddable":true,"href":"https:\/\/bonoro.com.br\/shop\/wp-json\/wp\/v2\/users\/1"}],"replies":[{"embeddable":true,"href":"https:\/\/bonoro.com.br\/shop\/wp-json\/wp\/v2\/comments?post=260306"}],"version-history":[{"count":0,"href":"https:\/\/bonoro.com.br\/shop\/wp-json\/wp\/v2\/posts\/260306\/revisions"}],"wp:attachment":[{"href":"https:\/\/bonoro.com.br\/shop\/wp-json\/wp\/v2\/media?parent=260306"}],"wp:term":[{"taxonomy":"category","embeddable":true,"href":"https:\/\/bonoro.com.br\/shop\/wp-json\/wp\/v2\/categories?post=260306"},{"taxonomy":"post_tag","embeddable":true,"href":"https:\/\/bonoro.com.br\/shop\/wp-json\/wp\/v2\/tags?post=260306"}],"curies":[{"name":"wp","href":"https:\/\/api.w.org\/{rel}","templated":true}]}}