{"id":260043,"date":"2026-06-28T12:44:46","date_gmt":"2026-06-28T12:44:46","guid":{"rendered":"https:\/\/bonoro.com.br\/shop\/2026\/06\/estante-nicho-vertical-modulado-240cmx30cm-hera-cabecasa-madeiraoriginals-algodao-r-943-59\/"},"modified":"2026-06-28T12:44:46","modified_gmt":"2026-06-28T12:44:46","slug":"estante-nicho-vertical-modulado-240cmx30cm-hera-cabecasa-madeiraoriginals-algodao-r-943-59","status":"publish","type":"post","link":"https:\/\/bonoro.com.br\/shop\/2026\/06\/estante-nicho-vertical-modulado-240cmx30cm-hera-cabecasa-madeiraoriginals-algodao-r-943-59\/","title":{"rendered":"Estante Nicho Vertical Modulado 240cmx30cm Hera CabeCasa MadeiraOriginals Algod\u00e3o &#8211; R$ 943.59"},"content":{"rendered":"<h2><\/h2>\n<h3>Estante Nicho Vertical Modulado 240cmx30cm Hera CabeCasa MadeiraOriginals Algod\u00e3o teve o pre\u00e7o, no dia acima especificado, de <strong>R$ 943.59<\/strong>.<\/h3>\n<p>Confira o pre\u00e7o atual aqui: <a href=\"https:\/\/www.awin1.com\/cread.php?awinmid=100453&#038;awinaffid=690303&#038;ued=https:\/\/www.casatema.com.br\/estante-nicho-vertical-modulado-240cmx30cm-hera-cabecasa-madeiraoriginals-algodao\/p?idsku=896582\" rel=\"sponsored\" target=\"_blank\"><img decoding=\"async\" src=\"https:\/\/ui.awin.com\/images\/upload\/merchant\/profile\/100453.png\" alt=\"Estante Nicho Vertical Modulado 240cmx30cm Hera CabeCasa MadeiraOriginals Algod\u00e3o\" \/> &#8211; nas lojas Casa Tema BR<\/a><\/p>\n<p><img decoding=\"async\" src=\"https:\/\/casatema.vteximg.com.br\/arquivos\/ids\/1434813_2\" alt=\"Estante Nicho Vertical Modulado 240cmx30cm Hera CabeCasa MadeiraOriginals Algod\u00e3o\" \/><br \/>\nEstante Nicho Vertical Modulado 240cmx30cm Hera CabeCasa MadeiraOriginals Algod\u00e3o  .body-casatema-use-internal { font-family: Arial, sans-serif; line-height: 1.6; } .container-casatema-use-internal { width: 80%; margin: 0 auto; padding: 20px; } .hx-casatema-use-internal { color: #333; } .ul-casatema-use-internal { list-style-type: none; padding: 0; } .li-casatema-use-internal { background: #f4f4f4; margin: 5px 0; padding: 10px; border-radius: 5px; } .highlight-casatema-use-internal { font-weight: bold; } .image-container-casatema-use-internal, .img-casatema-use-internal { width: 100%; height: auto; } \/* CSS para os atributos *\/ .table-attr-casatema-use-internal { border-spacing: 0px; width: 100%; } .table-attr-casatema-use-internal tr:nth-child(even) { background: #ffffff; } .table-attr-casatema-use-internal tr:nth-child(odd) { background: #dfede9; } .td-left-attr-casatema-use-internal { padding: 10px; width: 30%; font-weight: bold; } .td-right-attr-casatema-use-internal { padding: 10px; width: 70%; } .div-left-attr-casatema-use-internal { width: 100%; } .div-right-attr-casatema-use-internal { width: 100%; } .div-group-attr-casatema-use-internal { padding-bottom: 10px; } @media (min-width: 1224px) { .div-left-attr-casatema-use-internal { width: 49%; float: left; } .div-right-attr-casatema-use-internal { width: 49%; float: right; } }     Estante Nicho Vertical Modulado 240cmx30cm Hera CabeCasa MadeiraOriginals Algod\u00e3o. O Nicho Vertical Modular Hera CabeCasa foi desenvolvida para trazer a experi\u00eancia de ter seu m\u00f3vel customizado de acordo com a necessidade do seu espa\u00e7o. O cliente pode escolher entre os m\u00f3dulos dispon\u00edveis, em diferentes varia\u00e7\u00f5es de acabamentos, os que mais se adaptam ao seu gosto e ao seu dia a dia. As medidas da ponte facilitam a instala\u00e7\u00e3o acima de uma cama casal ou queen. Al\u00e9m disso, conta com design moderno que ir\u00e1 trazer muito mais sofistica\u00e7\u00e3o e aconchego para a decora\u00e7\u00e3o.   Caracter\u00edsticasAmbiente PrincipalQuartoCorAlgod\u00e3oCor InternaBrancoCor PredominanteBrancoCor do ProdutoAlgod\u00e3oFabrica\u00e7\u00e3o Pr\u00f3priaSimInforma\u00e7\u00f5es Complementares (Novo)O produto suporta at\u00e9 100kg distribu\u00eddos em 10kg por prateleira, 25kg por maleiro e 25kg na base.Linha ou Cole\u00e7\u00e3oHeraMarcaCabeCasa MadeiraMadeiraModularSimOrigem do ProdutoNacionalPeso M\u00e1ximo por Prateleira10.0Possui GavetasN\u00e3oPossui Ilumina\u00e7\u00e3oN\u00e3oPossui PortasN\u00e3oPossui P\u00e9sN\u00e3oPossui VidroN\u00e3oQuantidade de EspelhosN\u00e3oQuantidade de GavetasN\u00e3o PossuiQuantidade de PrateleirasN\u00e3o PossuiSuporta At\u00e9 (kg)100.0Documentos AdicionaisManual de Montagem e Instala\u00e7\u00e3oClique aqui para acessarmanual de montagemClique aqui para acessarGarantiaGarantia24 MesesItens InclusosItens Inclusos1 nicho vertical, manual de montagem e kit ferragensMateriais e AcabamentosAcabamentoPinturaAcabamento da PrateleiraPinturaEscala de BrilhoSemi-FoscoMaterial PrincipalMDPMaterial da PrateleiraMDPMontagemComplexidade da MontagemM\u00e9dia: pode ser montado por mais de uma pessoa e\/ou necessite de maior conhecimento para montagemNecessita MontagemSimRecomenda\u00e7\u00f5es de Uso, Manuten\u00e7\u00e3o e LimpezaDeve ser realizada com pano limpo e seco.Sistema de MontagemCavilha, minifix e parafusosOutras caracter\u00edsticasPossui Prateleiras6Pesos e Dimens\u00f5esAltura (cm)240.0Largura (cm)30.0Peso (kg)45.3Profundidade (cm)54.0<\/p>\n<hr \/>\n<h4>Aproveite e pesquise o pre\u00e7o deste produto em dezenas de lojas dos marketplaces abaixo:<\/h4>\n<p><a href=\"https:\/\/www.magazinevoce.com.br\/magazineezu\/busca\/Estante Nicho Vertical Modulado 240cmx30cm Hera CabeCasa MadeiraOriginals Algod\u00e3o\/\" target=\"_blank\" rel=\"noopener\"><img decoding=\"async\" src=\"https:\/\/bateroda.com.br\/marketplace\/logos\/magaezu.jpg\" alt=\"Pesquise no Magazine eZu\" \/> &#8211; Magazine eZu<\/a><\/p>\n<hr \/>\n<p><!-- START ADVERTISER: Webcontinental BR from awin.com --><\/p>\n<p><a href=\"https:\/\/www.awin1.com\/cread.php?awinmid=17743&#038;awinaffid=690303&#038;ued=https%3A%2F%2Fwww.webcontinental.com.br%2FEstante Nicho Vertical Modulado 240cmx30cm Hera CabeCasa MadeiraOriginals Algod\u00e3o%3F_q%3DEstante Nicho Vertical Modulado 240cmx30cm Hera CabeCasa MadeiraOriginals Algod\u00e3o%26map%3Dft\" rel=\"sponsored\"><img decoding=\"async\" src=\"https:\/\/lojawebcontinental.vtexassets.com\/arquivos\/logo-webcontinental-checkout.png\" border=\"0\" \/> &#8211; Loja Online.<\/a><\/p>\n<p><!-- END ADVERTISER: Webcontinental BR from awin.com --><\/p>\n","protected":false},"excerpt":{"rendered":"<p>R$ 943.59 nas lojas <a href=\"https:\/\/www.awin1.com\/pclick.php?p=44999527287&#038;a=690303&#038;m=100453\" target=\"_blank\" rel=\"sponsored\">Casa Tema BR<\/a> <a class=\"more-link\" href=\"https:\/\/bonoro.com.br\/shop\/2026\/06\/estante-nicho-vertical-modulado-240cmx30cm-hera-cabecasa-madeiraoriginals-algodao-r-943-59\/\">\u2192<\/a><\/p>\n","protected":false},"author":1,"featured_media":0,"comment_status":"closed","ping_status":"closed","sticky":false,"template":"","format":"standard","meta":{"footnotes":""},"categories":[198],"tags":[42080,205,42079],"class_list":["post-260043","post","type-post","status-publish","format-standard","hentry","category-produtos","tag-943-59","tag-casa-tema-br","tag-estante-nicho-vertical-modulado-240cmx30cm-hera-cabecasa-madeiraoriginals-algodao"],"_links":{"self":[{"href":"https:\/\/bonoro.com.br\/shop\/wp-json\/wp\/v2\/posts\/260043","targetHints":{"allow":["GET"]}}],"collection":[{"href":"https:\/\/bonoro.com.br\/shop\/wp-json\/wp\/v2\/posts"}],"about":[{"href":"https:\/\/bonoro.com.br\/shop\/wp-json\/wp\/v2\/types\/post"}],"author":[{"embeddable":true,"href":"https:\/\/bonoro.com.br\/shop\/wp-json\/wp\/v2\/users\/1"}],"replies":[{"embeddable":true,"href":"https:\/\/bonoro.com.br\/shop\/wp-json\/wp\/v2\/comments?post=260043"}],"version-history":[{"count":0,"href":"https:\/\/bonoro.com.br\/shop\/wp-json\/wp\/v2\/posts\/260043\/revisions"}],"wp:attachment":[{"href":"https:\/\/bonoro.com.br\/shop\/wp-json\/wp\/v2\/media?parent=260043"}],"wp:term":[{"taxonomy":"category","embeddable":true,"href":"https:\/\/bonoro.com.br\/shop\/wp-json\/wp\/v2\/categories?post=260043"},{"taxonomy":"post_tag","embeddable":true,"href":"https:\/\/bonoro.com.br\/shop\/wp-json\/wp\/v2\/tags?post=260043"}],"curies":[{"name":"wp","href":"https:\/\/api.w.org\/{rel}","templated":true}]}}