{"id":259774,"date":"2026-06-23T09:07:32","date_gmt":"2026-06-23T09:07:32","guid":{"rendered":"https:\/\/bonoro.com.br\/shop\/2026\/06\/cozinha-modulada-6-pecas-sem-tampo-com-balcao-para-forno-de-embutir-cabecasa-madeiraoriginals-menta-branco-r-6576-90\/"},"modified":"2026-06-23T09:07:32","modified_gmt":"2026-06-23T09:07:32","slug":"cozinha-modulada-6-pecas-sem-tampo-com-balcao-para-forno-de-embutir-cabecasa-madeiraoriginals-menta-branco-r-6576-90","status":"publish","type":"post","link":"https:\/\/bonoro.com.br\/shop\/2026\/06\/cozinha-modulada-6-pecas-sem-tampo-com-balcao-para-forno-de-embutir-cabecasa-madeiraoriginals-menta-branco-r-6576-90\/","title":{"rendered":"Cozinha Modulada 6 Pe\u00e7as sem Tampo com Balc\u00e3o para Forno de Embutir CabeCasa MadeiraOriginals Menta\/Branco &#8211; R$ 6576.90"},"content":{"rendered":"<h2><\/h2>\n<h3>Cozinha Modulada 6 Pe\u00e7as sem Tampo com Balc\u00e3o para Forno de Embutir CabeCasa MadeiraOriginals Menta\/Branco teve o pre\u00e7o, no dia acima especificado, de <strong>R$ 6576.90<\/strong>.<\/h3>\n<p>Confira o pre\u00e7o atual aqui: <a href=\"https:\/\/www.awin1.com\/cread.php?awinmid=100453&#038;awinaffid=690303&#038;ued=https:\/\/www.casatema.com.br\/cozinha-modulada-6-pecas-sem-tampo-com-balcao-para-forno-de-embutir-cabecasa-madeiraoriginals-menta-branco\/p?idsku=877390\" rel=\"sponsored\" target=\"_blank\"><img decoding=\"async\" src=\"https:\/\/ui.awin.com\/images\/upload\/merchant\/profile\/100453.png\" alt=\"Cozinha Modulada 6 Pe\u00e7as sem Tampo com Balc\u00e3o para Forno de Embutir CabeCasa MadeiraOriginals Menta\/Branco\" \/> &#8211; nas lojas Casa Tema BR<\/a><\/p>\n<p><img decoding=\"async\" src=\"https:\/\/casatema.vteximg.com.br\/arquivos\/ids\/1431664_2\" alt=\"Cozinha Modulada 6 Pe\u00e7as sem Tampo com Balc\u00e3o para Forno de Embutir CabeCasa MadeiraOriginals Menta\/Branco\" \/><br \/>\nCozinha Modulada 6 Pe\u00e7as sem Tampo com Balc\u00e3o para Forno de Embutir CabeCasa MadeiraOriginals Menta\/Branco  .body-casatema-use-internal { font-family: Arial, sans-serif; line-height: 1.6; } .container-casatema-use-internal { width: 80%; margin: 0 auto; padding: 20px; } .hx-casatema-use-internal { color: #333; } .ul-casatema-use-internal { list-style-type: none; padding: 0; } .li-casatema-use-internal { background: #f4f4f4; margin: 5px 0; padding: 10px; border-radius: 5px; } .highlight-casatema-use-internal { font-weight: bold; } .image-container-casatema-use-internal, .img-casatema-use-internal { width: 100%; height: auto; } \/* CSS para os atributos *\/ .table-attr-casatema-use-internal { border-spacing: 0px; width: 100%; } .table-attr-casatema-use-internal tr:nth-child(even) { background: #ffffff; } .table-attr-casatema-use-internal tr:nth-child(odd) { background: #dfede9; } .td-left-attr-casatema-use-internal { padding: 10px; width: 30%; font-weight: bold; } .td-right-attr-casatema-use-internal { padding: 10px; width: 70%; } .div-left-attr-casatema-use-internal { width: 100%; } .div-right-attr-casatema-use-internal { width: 100%; } .div-group-attr-casatema-use-internal { padding-bottom: 10px; } @media (min-width: 1224px) { .div-left-attr-casatema-use-internal { width: 49%; float: left; } .div-right-attr-casatema-use-internal { width: 49%; float: right; } }     Cozinha Modulada 6 Pe\u00e7as sem Tampo com Balc\u00e3o para Forno de Embutir CabeCasa MadeiraOriginals Menta\/Branco. A Cozinha Modulada Arizona \u00e9 indicada para quem tem pouco espa\u00e7o e est\u00e1 buscando um m\u00f3vel compacto, bonito e funcional. Possui portas com molduras, dobradi\u00e7as com amortecimento e gavetas com corredi\u00e7as telesc\u00f3picas. Para seguran\u00e7a, produto utiliza kit anti tombamento, sendo necess\u00e1rio parafusar \u00e0 parede.   Caracter\u00edsticasAmbiente PrincipalCozinhaCorBranco\/MentaCor PredominanteVerdeCor do ProdutoMenta\/BrancoEstiloModernoFabrica\u00e7\u00e3o Pr\u00f3priaSimLinha ou Cole\u00e7\u00e3oArizonaMarcaCabeCasa MadeiraMadeiraModularSimOrigem do ProdutoNacionalPeso M\u00e1ximo por Prateleira5.0Possui GavetasSimPossui PortasSimPossui Rod\u00edzioN\u00e3oTipo de Arm\u00e1rio de CozinhaCozinha CompletaTipo de PortaBaterTipo de Puxador da GavetaExternoTipo de Puxador da PortaExternoGarantiaGarantia24 MesesItens InclusosAcompanha TampoN\u00e3oMateriais e AcabamentosMaterial PrincipalMDPMaterial da Corredi\u00e7aMet\u00e1licaMaterial da Dobradi\u00e7a\/Corredi\u00e7a da PortaMet\u00e1licaMaterial da GavetaMDF\/MDPMaterial da PortaMDFMaterial da PrateleiraMDPMaterial do Puxador da PortaPl\u00e1sticoMontagemNecessita MontagemSimSistema de MontagemParafusos, Cavilhas e MinifixOutras caracter\u00edsticasAmbientenullPesos e Dimens\u00f5esAltura (cm)93.0Largura (cm)120.0<\/p>\n<hr \/>\n<h4>Aproveite e pesquise o pre\u00e7o deste produto em dezenas de lojas dos marketplaces abaixo:<\/h4>\n<p><a href=\"https:\/\/www.magazinevoce.com.br\/magazineezu\/busca\/Cozinha Modulada 6 Pe\u00e7as sem Tampo com Balc\u00e3o para Forno de Embutir CabeCasa MadeiraOriginals Menta\/Branco\/\" target=\"_blank\" rel=\"noopener\"><img decoding=\"async\" src=\"https:\/\/bateroda.com.br\/marketplace\/logos\/magaezu.jpg\" alt=\"Pesquise no Magazine eZu\" \/> &#8211; Magazine eZu<\/a><\/p>\n<hr \/>\n<p><!-- START ADVERTISER: Webcontinental BR from awin.com --><\/p>\n<p><a href=\"https:\/\/www.awin1.com\/cread.php?awinmid=17743&#038;awinaffid=690303&#038;ued=https%3A%2F%2Fwww.webcontinental.com.br%2FCozinha Modulada 6 Pe\u00e7as sem Tampo com Balc\u00e3o para Forno de Embutir CabeCasa MadeiraOriginals Menta\/Branco%3F_q%3DCozinha Modulada 6 Pe\u00e7as sem Tampo com Balc\u00e3o para Forno de Embutir CabeCasa MadeiraOriginals Menta\/Branco%26map%3Dft\" rel=\"sponsored\"><img decoding=\"async\" src=\"https:\/\/lojawebcontinental.vtexassets.com\/arquivos\/logo-webcontinental-checkout.png\" border=\"0\" \/> &#8211; Loja Online.<\/a><\/p>\n<p><!-- END ADVERTISER: Webcontinental BR from awin.com --><\/p>\n","protected":false},"excerpt":{"rendered":"<p>R$ 6576.90 nas lojas <a href=\"https:\/\/www.awin1.com\/pclick.php?p=44999527018&#038;a=690303&#038;m=100453\" target=\"_blank\" rel=\"sponsored\">Casa Tema BR<\/a> <a class=\"more-link\" href=\"https:\/\/bonoro.com.br\/shop\/2026\/06\/cozinha-modulada-6-pecas-sem-tampo-com-balcao-para-forno-de-embutir-cabecasa-madeiraoriginals-menta-branco-r-6576-90\/\">\u2192<\/a><\/p>\n","protected":false},"author":1,"featured_media":0,"comment_status":"closed","ping_status":"closed","sticky":false,"template":"","format":"standard","meta":{"footnotes":""},"categories":[198],"tags":[41675,205,41674],"class_list":["post-259774","post","type-post","status-publish","format-standard","hentry","category-produtos","tag-6576-90","tag-casa-tema-br","tag-cozinha-modulada-6-pecas-sem-tampo-com-balcao-para-forno-de-embutir-cabecasa-madeiraoriginals-menta-branco"],"_links":{"self":[{"href":"https:\/\/bonoro.com.br\/shop\/wp-json\/wp\/v2\/posts\/259774","targetHints":{"allow":["GET"]}}],"collection":[{"href":"https:\/\/bonoro.com.br\/shop\/wp-json\/wp\/v2\/posts"}],"about":[{"href":"https:\/\/bonoro.com.br\/shop\/wp-json\/wp\/v2\/types\/post"}],"author":[{"embeddable":true,"href":"https:\/\/bonoro.com.br\/shop\/wp-json\/wp\/v2\/users\/1"}],"replies":[{"embeddable":true,"href":"https:\/\/bonoro.com.br\/shop\/wp-json\/wp\/v2\/comments?post=259774"}],"version-history":[{"count":0,"href":"https:\/\/bonoro.com.br\/shop\/wp-json\/wp\/v2\/posts\/259774\/revisions"}],"wp:attachment":[{"href":"https:\/\/bonoro.com.br\/shop\/wp-json\/wp\/v2\/media?parent=259774"}],"wp:term":[{"taxonomy":"category","embeddable":true,"href":"https:\/\/bonoro.com.br\/shop\/wp-json\/wp\/v2\/categories?post=259774"},{"taxonomy":"post_tag","embeddable":true,"href":"https:\/\/bonoro.com.br\/shop\/wp-json\/wp\/v2\/tags?post=259774"}],"curies":[{"name":"wp","href":"https:\/\/api.w.org\/{rel}","templated":true}]}}