{"id":259674,"date":"2026-06-28T20:19:36","date_gmt":"2026-06-28T20:19:36","guid":{"rendered":"https:\/\/bonoro.com.br\/shop\/2026\/06\/balcao-de-canto-obliquo-arizona-cabecasa-madeiraoriginals-branco-figueira-r-1524-98\/"},"modified":"2026-06-28T20:19:36","modified_gmt":"2026-06-28T20:19:36","slug":"balcao-de-canto-obliquo-arizona-cabecasa-madeiraoriginals-branco-figueira-r-1524-98","status":"publish","type":"post","link":"https:\/\/bonoro.com.br\/shop\/2026\/06\/balcao-de-canto-obliquo-arizona-cabecasa-madeiraoriginals-branco-figueira-r-1524-98\/","title":{"rendered":"Balc\u00e3o de Canto Obl\u00edquo Arizona CabeCasa MadeiraOriginals Branco\/Figueira &#8211; R$ 1524.98"},"content":{"rendered":"<h2><\/h2>\n<h3>Balc\u00e3o de Canto Obl\u00edquo Arizona CabeCasa MadeiraOriginals Branco\/Figueira teve o pre\u00e7o, no dia acima especificado, de <strong>R$ 1524.98<\/strong>.<\/h3>\n<p>Confira o pre\u00e7o atual aqui: <a href=\"https:\/\/www.awin1.com\/cread.php?awinmid=100453&#038;awinaffid=690303&#038;ued=https:\/\/www.casatema.com.br\/balcao-de-canto-obliquo-arizona-cabecasa-madeiraoriginals-branco-figueira\/p?idsku=871030\" rel=\"sponsored\" target=\"_blank\"><img decoding=\"async\" src=\"https:\/\/ui.awin.com\/images\/upload\/merchant\/profile\/100453.png\" alt=\"Balc\u00e3o de Canto Obl\u00edquo Arizona CabeCasa MadeiraOriginals Branco\/Figueira\" \/> &#8211; nas lojas Casa Tema BR<\/a><\/p>\n<p><img decoding=\"async\" src=\"https:\/\/casatema.vteximg.com.br\/arquivos\/ids\/1430710_2\" alt=\"Balc\u00e3o de Canto Obl\u00edquo Arizona CabeCasa MadeiraOriginals Branco\/Figueira\" \/><br \/>\nBalc\u00e3o de Canto Obl\u00edquo Arizona CabeCasa MadeiraOriginals Branco\/Figueira  .body-casatema-use-internal { font-family: Arial, sans-serif; line-height: 1.6; } .container-casatema-use-internal { width: 80%; margin: 0 auto; padding: 20px; } .hx-casatema-use-internal { color: #333; } .ul-casatema-use-internal { list-style-type: none; padding: 0; } .li-casatema-use-internal { background: #f4f4f4; margin: 5px 0; padding: 10px; border-radius: 5px; } .highlight-casatema-use-internal { font-weight: bold; } .image-container-casatema-use-internal, .img-casatema-use-internal { width: 100%; height: auto; } \/* CSS para os atributos *\/ .table-attr-casatema-use-internal { border-spacing: 0px; width: 100%; } .table-attr-casatema-use-internal tr:nth-child(even) { background: #ffffff; } .table-attr-casatema-use-internal tr:nth-child(odd) { background: #dfede9; } .td-left-attr-casatema-use-internal { padding: 10px; width: 30%; font-weight: bold; } .td-right-attr-casatema-use-internal { padding: 10px; width: 70%; } .div-left-attr-casatema-use-internal { width: 100%; } .div-right-attr-casatema-use-internal { width: 100%; } .div-group-attr-casatema-use-internal { padding-bottom: 10px; } @media (min-width: 1224px) { .div-left-attr-casatema-use-internal { width: 49%; float: left; } .div-right-attr-casatema-use-internal { width: 49%; float: right; } }     Balc\u00e3o de Canto Obl\u00edquo Arizona CabeCasa MadeiraOriginals Branco\/Figueira. O Balc\u00e3o de canto Obl\u00edquo Arizona possui design contempor\u00e2neo inspirado no estilo americano. Possui fita de borda em PVC, conferindo alta durabilidade e prote\u00e7\u00e3o contra umidade ao m\u00f3vel. As portas s\u00e3o feitas em MDF e possuem acabamento em Finish Foil com dobradi\u00e7as com amortecimento, possibilitando fechamento \u201csoft closing\u201d. O Balc\u00e3o possui rodap\u00e9 remov\u00edvel em PVC que pode ser instalado facilmente nos p\u00e9s do produto, conferindo praticidade e usabilidade no dia a dia.   Caracter\u00edsticasAmbiente PrincipalCozinhaBalc\u00e3o Suporta PiaN\u00e3oCorBranco\/FigueiraEstiloAmericanaFabrica\u00e7\u00e3o Pr\u00f3priaSimInforma\u00e7\u00f5es Complementares (Novo)Peso m\u00e1ximo por prateleira 25,8kg; Peso m\u00e1ximo por tampo 27,2kg;Linha ou Cole\u00e7\u00e3oArizonaMarcaCabeCasa MadeiraMadeiraMedida do Tampo (L x C x E)80 X 80 X 2,5ModularSimOrigem do ProdutoNacionalPeso M\u00e1ximo por Prateleira23.0Possui GavetasN\u00e3oPossui P\u00e9sSimPossui Recorte para CooktopN\u00e3oPossui Rod\u00edzioN\u00e3oProduto MontadoN\u00e3oSapatas NiveladorasSimSuporta At\u00e9 (kg)23.0Suporta GranitoSimTipo de PortaBaterTipo de Puxador da PortaExternoPesos e Dimens\u00f5esAltura (cm)93.0Altura dos P\u00e9s14.0Largura (cm)80.0Peso (kg)30.7Profundidade (cm)80.0Documentos AdicionaisManual de Montagem e Instala\u00e7\u00e3oClique aqui para acessarGarantiaGarantia24 MesesItens InclusosAcompanha TampoSimBalc\u00e3o Acompanha PiaN\u00e3oItens Inclusos1 Balc\u00e3o, kit de ferragens e manual de montagemMateriais e AcabamentosAcabamentoPintura UVAcabamento da PortaFinish FoilMaterial PrincipalMDPMaterial da Dobradi\u00e7a\/Corredi\u00e7a da PortaMet\u00e1licaMaterial da PortaMDFMaterial da PrateleiraMDPMaterial do Puxador da PortaABSMaterial do TampoMDPMaterial dos P\u00e9sPl\u00e1sticoTipo de Dobradi\u00e7a\/Corredi\u00e7a da PortaSoft CloseMontagemComplexidade da MontagemM\u00e9dia: pode ser montado por mais de uma pessoa e\/ou necessite de maior conhecimento para montagemRecomenda\u00e7\u00f5es de Uso, Manuten\u00e7\u00e3o e LimpezaPano limpo e macio, isento de impurezas, seco ou levemente umedecido com \u00e1gua e sab\u00e3o neutro, bem torcido at\u00e9 que n\u00e3o saia gotas de \u00e1gua. N\u00e3o devem ser utilizados abrasivos como palha de a\u00e7o e objetos cortantes. Para remo\u00e7\u00e3o de manchas, utilizar pano levemente umedecido com solu\u00e7\u00e3o de \u00e1lcool e \u00e1gua em partes iguais. Fonte: Associa\u00e7\u00e3o Brasileira da Ind\u00fastria de Pain\u00e9is de Madeira &#8211; ABIPASistema de MontagemParafusos e cavilhas<\/p>\n<hr \/>\n<h4>Aproveite e pesquise o pre\u00e7o deste produto em dezenas de lojas dos marketplaces abaixo:<\/h4>\n<p><a href=\"https:\/\/www.magazinevoce.com.br\/magazineezu\/busca\/Balc\u00e3o de Canto Obl\u00edquo Arizona CabeCasa MadeiraOriginals Branco\/Figueira\/\" target=\"_blank\" rel=\"noopener\"><img decoding=\"async\" src=\"https:\/\/bateroda.com.br\/marketplace\/logos\/magaezu.jpg\" alt=\"Pesquise no Magazine eZu\" \/> &#8211; Magazine eZu<\/a><\/p>\n<hr \/>\n<p><!-- START ADVERTISER: Webcontinental BR from awin.com --><\/p>\n<p><a href=\"https:\/\/www.awin1.com\/cread.php?awinmid=17743&#038;awinaffid=690303&#038;ued=https%3A%2F%2Fwww.webcontinental.com.br%2FBalc\u00e3o de Canto Obl\u00edquo Arizona CabeCasa MadeiraOriginals Branco\/Figueira%3F_q%3DBalc\u00e3o de Canto Obl\u00edquo Arizona CabeCasa MadeiraOriginals Branco\/Figueira%26map%3Dft\" rel=\"sponsored\"><img decoding=\"async\" src=\"https:\/\/lojawebcontinental.vtexassets.com\/arquivos\/logo-webcontinental-checkout.png\" border=\"0\" \/> &#8211; Loja Online.<\/a><\/p>\n<p><!-- END ADVERTISER: Webcontinental BR from awin.com --><\/p>\n","protected":false},"excerpt":{"rendered":"<p>R$ 1524.98 nas lojas <a href=\"https:\/\/www.awin1.com\/pclick.php?p=44999526918&#038;a=690303&#038;m=100453\" target=\"_blank\" rel=\"sponsored\">Casa Tema BR<\/a> <a class=\"more-link\" href=\"https:\/\/bonoro.com.br\/shop\/2026\/06\/balcao-de-canto-obliquo-arizona-cabecasa-madeiraoriginals-branco-figueira-r-1524-98\/\">\u2192<\/a><\/p>\n","protected":false},"author":1,"featured_media":0,"comment_status":"closed","ping_status":"closed","sticky":false,"template":"","format":"standard","meta":{"footnotes":""},"categories":[198],"tags":[9770,17193,205],"class_list":["post-259674","post","type-post","status-publish","format-standard","hentry","category-produtos","tag-1524-98","tag-balcao-de-canto-obliquo-arizona-cabecasa-madeiraoriginals-branco-figueira","tag-casa-tema-br"],"_links":{"self":[{"href":"https:\/\/bonoro.com.br\/shop\/wp-json\/wp\/v2\/posts\/259674","targetHints":{"allow":["GET"]}}],"collection":[{"href":"https:\/\/bonoro.com.br\/shop\/wp-json\/wp\/v2\/posts"}],"about":[{"href":"https:\/\/bonoro.com.br\/shop\/wp-json\/wp\/v2\/types\/post"}],"author":[{"embeddable":true,"href":"https:\/\/bonoro.com.br\/shop\/wp-json\/wp\/v2\/users\/1"}],"replies":[{"embeddable":true,"href":"https:\/\/bonoro.com.br\/shop\/wp-json\/wp\/v2\/comments?post=259674"}],"version-history":[{"count":0,"href":"https:\/\/bonoro.com.br\/shop\/wp-json\/wp\/v2\/posts\/259674\/revisions"}],"wp:attachment":[{"href":"https:\/\/bonoro.com.br\/shop\/wp-json\/wp\/v2\/media?parent=259674"}],"wp:term":[{"taxonomy":"category","embeddable":true,"href":"https:\/\/bonoro.com.br\/shop\/wp-json\/wp\/v2\/categories?post=259674"},{"taxonomy":"post_tag","embeddable":true,"href":"https:\/\/bonoro.com.br\/shop\/wp-json\/wp\/v2\/tags?post=259674"}],"curies":[{"name":"wp","href":"https:\/\/api.w.org\/{rel}","templated":true}]}}