{"id":259541,"date":"2026-06-29T14:40:49","date_gmt":"2026-06-29T14:40:49","guid":{"rendered":"https:\/\/bonoro.com.br\/shop\/2026\/06\/guarda-roupa-1-porta-6-prateleiras-hera-cabecasa-madeiraoriginals-preto-r-1544-08\/"},"modified":"2026-06-29T14:40:49","modified_gmt":"2026-06-29T14:40:49","slug":"guarda-roupa-1-porta-6-prateleiras-hera-cabecasa-madeiraoriginals-preto-r-1544-08","status":"publish","type":"post","link":"https:\/\/bonoro.com.br\/shop\/2026\/06\/guarda-roupa-1-porta-6-prateleiras-hera-cabecasa-madeiraoriginals-preto-r-1544-08\/","title":{"rendered":"Guarda Roupa 1 Porta 6 Prateleiras Hera CabeCasa MadeiraOriginals Preto &#8211; R$ 1544.08"},"content":{"rendered":"<h2><\/h2>\n<h3>Guarda Roupa 1 Porta 6 Prateleiras Hera CabeCasa MadeiraOriginals Preto teve o pre\u00e7o, no dia acima especificado, de <strong>R$ 1544.08<\/strong>.<\/h3>\n<p>Confira o pre\u00e7o atual aqui: <a href=\"https:\/\/www.awin1.com\/cread.php?awinmid=100453&#038;awinaffid=690303&#038;ued=https:\/\/www.casatema.com.br\/guarda-roupa-1-porta-6-prateleiras-hera-cabecasa-madeiraoriginals-preto\/p?idsku=861035\" rel=\"sponsored\" target=\"_blank\"><img decoding=\"async\" src=\"https:\/\/ui.awin.com\/images\/upload\/merchant\/profile\/100453.png\" alt=\"Guarda Roupa 1 Porta 6 Prateleiras Hera CabeCasa MadeiraOriginals Preto\" \/> &#8211; nas lojas Casa Tema BR<\/a><\/p>\n<p><img decoding=\"async\" src=\"https:\/\/casatema.vteximg.com.br\/arquivos\/ids\/1429529_2\" alt=\"Guarda Roupa 1 Porta 6 Prateleiras Hera CabeCasa MadeiraOriginals Preto\" \/><br \/>\nGuarda Roupa 1 Porta 6 Prateleiras Hera CabeCasa MadeiraOriginals Preto  .body-casatema-use-internal { font-family: Arial, sans-serif; line-height: 1.6; } .container-casatema-use-internal { width: 80%; margin: 0 auto; padding: 20px; } .hx-casatema-use-internal { color: #333; } .ul-casatema-use-internal { list-style-type: none; padding: 0; } .li-casatema-use-internal { background: #f4f4f4; margin: 5px 0; padding: 10px; border-radius: 5px; } .highlight-casatema-use-internal { font-weight: bold; } .image-container-casatema-use-internal, .img-casatema-use-internal { width: 100%; height: auto; } \/* CSS para os atributos *\/ .table-attr-casatema-use-internal { border-spacing: 0px; width: 100%; } .table-attr-casatema-use-internal tr:nth-child(even) { background: #ffffff; } .table-attr-casatema-use-internal tr:nth-child(odd) { background: #dfede9; } .td-left-attr-casatema-use-internal { padding: 10px; width: 30%; font-weight: bold; } .td-right-attr-casatema-use-internal { padding: 10px; width: 70%; } .div-left-attr-casatema-use-internal { width: 100%; } .div-right-attr-casatema-use-internal { width: 100%; } .div-group-attr-casatema-use-internal { padding-bottom: 10px; } @media (min-width: 1224px) { .div-left-attr-casatema-use-internal { width: 49%; float: left; } .div-right-attr-casatema-use-internal { width: 49%; float: right; } }     Guarda Roupa 1 Porta 6 Prateleiras Hera CabeCasa MadeiraOriginals Preto. O Guarda Roupa Modular de 1 porta Hera CabeCasa foi desenvolvido para trazer a experi\u00eancia de ter seu m\u00f3vel customizado de acordo com a necessidade do seu espa\u00e7o. O m\u00f3vel conta com 2 kits com 3 prateleiras cada e um cabideiro que podem ser ajustados conforme a pr\u00e9 marca\u00e7\u00e3o na caixaria, evitando assim problemas para nivelamento dos mesmos. Com essa proposta, CabeCasa oferece para seus clientes a possibilidade pr\u00e1tica e custo-benef\u00edcio em oferecer uma linha de modulados que fa\u00e7a a fun\u00e7\u00e3o de um m\u00f3vel planejado. O cliente pode escolher entre os sete m\u00f3dulos dispon\u00edveis, em diferentes varia\u00e7\u00f5es de acabamentos, os que mais se adaptam ao seu gosto e ao seu dia a dia. Al\u00e9m disso, conta com design moderno que ir\u00e1 trazer muito mais sofistica\u00e7\u00e3o e aconchego para a decora\u00e7\u00e3o.!   Caracter\u00edsticasAmbiente PrincipalQuartoCorPretoCor InternaPretoCor PredominantePretoCor do ProdutoPretoCor do PuxadorCinzaEstiloModernoFabrica\u00e7\u00e3o Pr\u00f3priaSimInforma\u00e7\u00f5es Complementares (Novo)Puxador Met\u00e1lico Acetinado, portas em chapa de 18mm com dobradi\u00e7as com amortecimento, fundos em 6mm, cabideiro em a\u00e7o cromado suportando at\u00e9 10kg e Maleiro at\u00e9 25kg.Linha ou Cole\u00e7\u00e3oHeraMarcaCabeCasa MadeiraMadeiraModularSimOrigem do ProdutoNacionalPeso M\u00e1ximo por Prateleira10.0Possui CabideirosSimPossui EspelhosN\u00e3oPossui GavetasN\u00e3oPossui P\u00e9sRodap\u00e9Quantidade de Cabideiros01 CabideiroSapatas NiveladorasSimTipo de Guarda-roupaModuladoTipo de Puxador da PortaExternoOutras caracter\u00edsticasPossui Portas1Possui Prateleiras6Documentos AdicionaisManual de Montagem e Instala\u00e7\u00e3oClique aqui para acessarGarantiaGarantia24 MesesItens InclusosItens Inclusos1 Guarda Roupa Hera 1 Porta com 6 prateleiras, Manual de montagem e Kit ferragensMateriais e AcabamentosAcabamentoPinturaAcabamento da PortaPinturaAcabamento da PrateleiraPinturaAcabamento dos P\u00e9sPinturaEscala de BrilhoSemi-BrilhoMaterial PrincipalMDPMaterial da PortaMDPMaterial da PrateleiraMDPMaterial do Puxador da PortaMetalMaterial dos P\u00e9sMDPTipo de Dobradi\u00e7a\/Corredi\u00e7a da PortaTelesc\u00f3picaMontagemComplexidade da MontagemAlta: deve ser montado por um montador especializadoMontagem FlexAs prateleiras podem ser remov\u00edveis com diferentes op\u00e7\u00f5es de altura, o cabideiro tamb\u00e9m pode ser remov\u00edvel e possui op\u00e7\u00e3o para ser utilizado como calceiro ou como cabideiro.Necessita MontagemSimRecomenda\u00e7\u00f5es de Uso, Manuten\u00e7\u00e3o e LimpezaDeve ser realizada com pano limpo e seco.Sistema de MontagemCavilha, parafuso e minifixPesos e Dimens\u00f5esAltura (cm)240.0Altura dos P\u00e9s8.0Espessura da Estrutura (mm)15.0Espessura das Portas (mm)18.0Espessura das Prateleiras (mm)15.0Espessura do Fundo (mm)6.0Espessura do Fundo das Gavetas (mm)6.0Largura (cm)45.0Peso (kg)74.0Profundidade (cm)54.0<\/p>\n<hr \/>\n<h4>Aproveite e pesquise o pre\u00e7o deste produto em dezenas de lojas dos marketplaces abaixo:<\/h4>\n<p><a href=\"https:\/\/www.magazinevoce.com.br\/magazineezu\/busca\/Guarda Roupa 1 Porta 6 Prateleiras Hera CabeCasa MadeiraOriginals Preto\/\" target=\"_blank\" rel=\"noopener\"><img decoding=\"async\" src=\"https:\/\/bateroda.com.br\/marketplace\/logos\/magaezu.jpg\" alt=\"Pesquise no Magazine eZu\" \/> &#8211; Magazine eZu<\/a><\/p>\n<hr \/>\n<p><!-- START ADVERTISER: Webcontinental BR from awin.com --><\/p>\n<p><a href=\"https:\/\/www.awin1.com\/cread.php?awinmid=17743&#038;awinaffid=690303&#038;ued=https%3A%2F%2Fwww.webcontinental.com.br%2FGuarda Roupa 1 Porta 6 Prateleiras Hera CabeCasa MadeiraOriginals Preto%3F_q%3DGuarda Roupa 1 Porta 6 Prateleiras Hera CabeCasa MadeiraOriginals Preto%26map%3Dft\" rel=\"sponsored\"><img decoding=\"async\" src=\"https:\/\/lojawebcontinental.vtexassets.com\/arquivos\/logo-webcontinental-checkout.png\" border=\"0\" \/> &#8211; Loja Online.<\/a><\/p>\n<p><!-- END ADVERTISER: Webcontinental BR from awin.com --><\/p>\n","protected":false},"excerpt":{"rendered":"<p>R$ 1544.08 nas lojas <a href=\"https:\/\/www.awin1.com\/pclick.php?p=44999526729&#038;a=690303&#038;m=100453\" target=\"_blank\" rel=\"sponsored\">Casa Tema BR<\/a> <a class=\"more-link\" href=\"https:\/\/bonoro.com.br\/shop\/2026\/06\/guarda-roupa-1-porta-6-prateleiras-hera-cabecasa-madeiraoriginals-preto-r-1544-08\/\">\u2192<\/a><\/p>\n","protected":false},"author":1,"featured_media":0,"comment_status":"closed","ping_status":"closed","sticky":false,"template":"","format":"standard","meta":{"footnotes":""},"categories":[198],"tags":[16756,205,16995],"class_list":["post-259541","post","type-post","status-publish","format-standard","hentry","category-produtos","tag-1544-08","tag-casa-tema-br","tag-guarda-roupa-1-porta-6-prateleiras-hera-cabecasa-madeiraoriginals-preto"],"_links":{"self":[{"href":"https:\/\/bonoro.com.br\/shop\/wp-json\/wp\/v2\/posts\/259541","targetHints":{"allow":["GET"]}}],"collection":[{"href":"https:\/\/bonoro.com.br\/shop\/wp-json\/wp\/v2\/posts"}],"about":[{"href":"https:\/\/bonoro.com.br\/shop\/wp-json\/wp\/v2\/types\/post"}],"author":[{"embeddable":true,"href":"https:\/\/bonoro.com.br\/shop\/wp-json\/wp\/v2\/users\/1"}],"replies":[{"embeddable":true,"href":"https:\/\/bonoro.com.br\/shop\/wp-json\/wp\/v2\/comments?post=259541"}],"version-history":[{"count":0,"href":"https:\/\/bonoro.com.br\/shop\/wp-json\/wp\/v2\/posts\/259541\/revisions"}],"wp:attachment":[{"href":"https:\/\/bonoro.com.br\/shop\/wp-json\/wp\/v2\/media?parent=259541"}],"wp:term":[{"taxonomy":"category","embeddable":true,"href":"https:\/\/bonoro.com.br\/shop\/wp-json\/wp\/v2\/categories?post=259541"},{"taxonomy":"post_tag","embeddable":true,"href":"https:\/\/bonoro.com.br\/shop\/wp-json\/wp\/v2\/tags?post=259541"}],"curies":[{"name":"wp","href":"https:\/\/api.w.org\/{rel}","templated":true}]}}