{"id":259412,"date":"2026-06-01T05:12:08","date_gmt":"2026-06-01T05:12:08","guid":{"rendered":"https:\/\/bonoro.com.br\/shop\/2026\/06\/balcao-2-gavetoes-com-tampo-e-rodape-ipanema-cabecasa-madeiraoriginals-branco-r-1117-61\/"},"modified":"2026-06-01T05:12:08","modified_gmt":"2026-06-01T05:12:08","slug":"balcao-2-gavetoes-com-tampo-e-rodape-ipanema-cabecasa-madeiraoriginals-branco-r-1117-61","status":"publish","type":"post","link":"https:\/\/bonoro.com.br\/shop\/2026\/06\/balcao-2-gavetoes-com-tampo-e-rodape-ipanema-cabecasa-madeiraoriginals-branco-r-1117-61\/","title":{"rendered":"Balc\u00e3o 2 Gavet\u00f5es com Tampo e Rodap\u00e9 Ipanema CabeCasa MadeiraOriginals Branco &#8211; R$ 1117.61"},"content":{"rendered":"<h2><\/h2>\n<h3>Balc\u00e3o 2 Gavet\u00f5es com Tampo e Rodap\u00e9 Ipanema CabeCasa MadeiraOriginals Branco teve o pre\u00e7o, no dia acima especificado, de <strong>R$ 1117.61<\/strong>.<\/h3>\n<p>Confira o pre\u00e7o atual aqui: <a href=\"https:\/\/www.awin1.com\/cread.php?awinmid=100453&#038;awinaffid=690303&#038;ued=https:\/\/www.casatema.com.br\/balcao-2-gavetoes-com-tampo-e-rodape-ipanema-cabecasa-madeiraoriginals-branco\/p?idsku=846029\" rel=\"sponsored\" target=\"_blank\"><img decoding=\"async\" src=\"https:\/\/ui.awin.com\/images\/upload\/merchant\/profile\/100453.png\" alt=\"Balc\u00e3o 2 Gavet\u00f5es com Tampo e Rodap\u00e9 Ipanema CabeCasa MadeiraOriginals Branco\" \/> &#8211; nas lojas Casa Tema BR<\/a><\/p>\n<p><img decoding=\"async\" src=\"https:\/\/casatema.vteximg.com.br\/arquivos\/ids\/1427982_2\" alt=\"Balc\u00e3o 2 Gavet\u00f5es com Tampo e Rodap\u00e9 Ipanema CabeCasa MadeiraOriginals Branco\" \/><br \/>\nBalc\u00e3o 2 Gavet\u00f5es com Tampo e Rodap\u00e9 Ipanema CabeCasa MadeiraOriginals Branco  .body-casatema-use-internal { font-family: Arial, sans-serif; line-height: 1.6; } .container-casatema-use-internal { width: 80%; margin: 0 auto; padding: 20px; } .hx-casatema-use-internal { color: #333; } .ul-casatema-use-internal { list-style-type: none; padding: 0; } .li-casatema-use-internal { background: #f4f4f4; margin: 5px 0; padding: 10px; border-radius: 5px; } .highlight-casatema-use-internal { font-weight: bold; } .image-container-casatema-use-internal, .img-casatema-use-internal { width: 100%; height: auto; } \/* CSS para os atributos *\/ .table-attr-casatema-use-internal { border-spacing: 0px; width: 100%; } .table-attr-casatema-use-internal tr:nth-child(even) { background: #ffffff; } .table-attr-casatema-use-internal tr:nth-child(odd) { background: #dfede9; } .td-left-attr-casatema-use-internal { padding: 10px; width: 30%; font-weight: bold; } .td-right-attr-casatema-use-internal { padding: 10px; width: 70%; } .div-left-attr-casatema-use-internal { width: 100%; } .div-right-attr-casatema-use-internal { width: 100%; } .div-group-attr-casatema-use-internal { padding-bottom: 10px; } @media (min-width: 1224px) { .div-left-attr-casatema-use-internal { width: 49%; float: left; } .div-right-attr-casatema-use-internal { width: 49%; float: right; } }     Balc\u00e3o 2 Gavet\u00f5es com Tampo e Rodap\u00e9 Ipanema CabeCasa MadeiraOriginals Branco. Balc\u00e3o 2 Gavet\u00f5es com Gaveta Auxiliar Com Tampo Com Rodap\u00e9 Ipanema \u00e9 um m\u00f3vel com design moderno e elegante, ideal para compor a decora\u00e7\u00e3o da sua cozinha. As frentes de gaveta, tampo e caixaria s\u00e3o fabricadas em MDP e possuem acabamento em BP, materiais de alta qualidade e resist\u00eancia, proporcionando durabilidade e praticidade no uso di\u00e1rio. O tampo com padr\u00e3o Ac\u00e1cia, mais as frentes de gaveta em Branco conferem sofistica\u00e7\u00e3o ao m\u00f3vel, enquanto o rodap\u00e9 Branco e o puxador de 150mm adicionam um toque de eleg\u00e2ncia ao design. J\u00e1 as corredi\u00e7as telesc\u00f3picas garantem um fechamento suave e silencioso, oferecendo maior resist\u00eancia e praticidade. A fita de borda em PVC e o rodap\u00e9 pl\u00e1stico trazem maior prote\u00e7\u00e3o contra umidade e prolongam a vida \u00fatil do m\u00f3vel, al\u00e9m de ser f\u00e1cil de limpar. Outra caracter\u00edstica interessante deste arm\u00e1rio \u00e9 a gaveta auxiliar, uma solu\u00e7\u00e3o muito \u00fatil e conveniente para organizar talheres e tampas de panela. \u00c9 uma op\u00e7\u00e3o funcional que ajuda a maximizar o espa\u00e7o interno do arm\u00e1rio e mant\u00ea-lo organizado.   Caracter\u00edsticasAmbiente PrincipalCozinhaBalc\u00e3o Suporta PiaSimCesto para FrutasN\u00e3oCorBrancoEstiloModernoFabrica\u00e7\u00e3o Pr\u00f3priaSimGaveta com ChaveN\u00e3oLinha ou Cole\u00e7\u00e3oIpanemaMarcaCabeCasa MadeiraMadeiraModularSimOrigem do ProdutoNacionalPossui GavetasSimPossui PortasN\u00e3oPossui PrateleirasN\u00e3oPossui Recorte para CooktopN\u00e3oPossui Rod\u00edzioN\u00e3oP\u00e9s Regul\u00e1veisSimQuantidade de Gavetas03 GavetasSapatas NiveladorasN\u00e3oSuporta GranitoSimTipo de Base (p\u00e9s)P\u00e9sTipo de Puxador da GavetaExternoDocumentos AdicionaisManual de MontagemClique aqui para acessarGarantiaGarantia03 MesesItens InclusosAcompanha TampoSimItens Inclusos1 Balc\u00e3o 2 Gavet\u00f5es com Gaveta Auxiliar Com Tampo e Rodap\u00e9, Manual de Montagem, Kit FerragensMateriais e AcabamentosAcabamentoBP Melam\u00ednicoAcabamento da PortaBPMaterial PrincipalMDPMaterial da Corredi\u00e7aMet\u00e1licaMaterial da GavetaMDPMaterial dos P\u00e9sMDPMontagemComplexidade da MontagemM\u00e9dia: pode ser montado por mais de uma pessoa e\/ou necessite de maior conhecimento para montagemRecomenda\u00e7\u00f5es de Uso, Manuten\u00e7\u00e3o e LimpezaUse um pano levemente umedecido com \u00e1gua, seguido de pano seco. N\u00e3o utilize produtos qu\u00edmicos ou abrasivos.Sistema de MontagemSistema de montagem via cavilhas, parafusos, minifix e pregos.Pesos e Dimens\u00f5esAltura (cm)93.0Largura (cm)80.0Profundidade (cm)52.0<\/p>\n<hr \/>\n<h4>Aproveite e pesquise o pre\u00e7o deste produto em dezenas de lojas dos marketplaces abaixo:<\/h4>\n<p><a href=\"https:\/\/www.magazinevoce.com.br\/magazineezu\/busca\/Balc\u00e3o 2 Gavet\u00f5es com Tampo e Rodap\u00e9 Ipanema CabeCasa MadeiraOriginals Branco\/\" target=\"_blank\" rel=\"noopener\"><img decoding=\"async\" src=\"https:\/\/bateroda.com.br\/marketplace\/logos\/magaezu.jpg\" alt=\"Pesquise no Magazine eZu\" \/> &#8211; Magazine eZu<\/a><\/p>\n<hr \/>\n<p><!-- START ADVERTISER: Webcontinental BR from awin.com --><\/p>\n<p><a href=\"https:\/\/www.awin1.com\/cread.php?awinmid=17743&#038;awinaffid=690303&#038;ued=https%3A%2F%2Fwww.webcontinental.com.br%2FBalc\u00e3o 2 Gavet\u00f5es com Tampo e Rodap\u00e9 Ipanema CabeCasa MadeiraOriginals Branco%3F_q%3DBalc\u00e3o 2 Gavet\u00f5es com Tampo e Rodap\u00e9 Ipanema CabeCasa MadeiraOriginals Branco%26map%3Dft\" rel=\"sponsored\"><img decoding=\"async\" src=\"https:\/\/lojawebcontinental.vtexassets.com\/arquivos\/logo-webcontinental-checkout.png\" border=\"0\" \/> &#8211; Loja Online.<\/a><\/p>\n<p><!-- END ADVERTISER: Webcontinental BR from awin.com --><\/p>\n","protected":false},"excerpt":{"rendered":"<p>R$ 1117.61 nas lojas <a href=\"https:\/\/www.awin1.com\/pclick.php?p=44999526600&#038;a=690303&#038;m=100453\" target=\"_blank\" rel=\"sponsored\">Casa Tema BR<\/a> <a class=\"more-link\" href=\"https:\/\/bonoro.com.br\/shop\/2026\/06\/balcao-2-gavetoes-com-tampo-e-rodape-ipanema-cabecasa-madeiraoriginals-branco-r-1117-61\/\">\u2192<\/a><\/p>\n","protected":false},"author":1,"featured_media":0,"comment_status":"closed","ping_status":"closed","sticky":false,"template":"","format":"standard","meta":{"footnotes":""},"categories":[198],"tags":[16139,16759,205],"class_list":["post-259412","post","type-post","status-publish","format-standard","hentry","category-produtos","tag-1117-61","tag-balcao-2-gavetoes-com-tampo-e-rodape-ipanema-cabecasa-madeiraoriginals-branco","tag-casa-tema-br"],"_links":{"self":[{"href":"https:\/\/bonoro.com.br\/shop\/wp-json\/wp\/v2\/posts\/259412","targetHints":{"allow":["GET"]}}],"collection":[{"href":"https:\/\/bonoro.com.br\/shop\/wp-json\/wp\/v2\/posts"}],"about":[{"href":"https:\/\/bonoro.com.br\/shop\/wp-json\/wp\/v2\/types\/post"}],"author":[{"embeddable":true,"href":"https:\/\/bonoro.com.br\/shop\/wp-json\/wp\/v2\/users\/1"}],"replies":[{"embeddable":true,"href":"https:\/\/bonoro.com.br\/shop\/wp-json\/wp\/v2\/comments?post=259412"}],"version-history":[{"count":0,"href":"https:\/\/bonoro.com.br\/shop\/wp-json\/wp\/v2\/posts\/259412\/revisions"}],"wp:attachment":[{"href":"https:\/\/bonoro.com.br\/shop\/wp-json\/wp\/v2\/media?parent=259412"}],"wp:term":[{"taxonomy":"category","embeddable":true,"href":"https:\/\/bonoro.com.br\/shop\/wp-json\/wp\/v2\/categories?post=259412"},{"taxonomy":"post_tag","embeddable":true,"href":"https:\/\/bonoro.com.br\/shop\/wp-json\/wp\/v2\/tags?post=259412"}],"curies":[{"name":"wp","href":"https:\/\/api.w.org\/{rel}","templated":true}]}}