{"id":259375,"date":"2026-06-29T18:19:57","date_gmt":"2026-06-29T18:19:57","guid":{"rendered":"https:\/\/bonoro.com.br\/shop\/2026\/06\/balcao-canto-obliquo-sem-tampo-ipanema-cabecasa-madeiraoriginals-acacia-branco-r-1276-45\/"},"modified":"2026-06-29T18:19:57","modified_gmt":"2026-06-29T18:19:57","slug":"balcao-canto-obliquo-sem-tampo-ipanema-cabecasa-madeiraoriginals-acacia-branco-r-1276-45","status":"publish","type":"post","link":"https:\/\/bonoro.com.br\/shop\/2026\/06\/balcao-canto-obliquo-sem-tampo-ipanema-cabecasa-madeiraoriginals-acacia-branco-r-1276-45\/","title":{"rendered":"Balc\u00e3o Canto Obl\u00edquo Sem Tampo Ipanema CabeCasa MadeiraOriginals Ac\u00e1cia\/Branco &#8211; R$ 1276.45"},"content":{"rendered":"<h2><\/h2>\n<h3>Balc\u00e3o Canto Obl\u00edquo Sem Tampo Ipanema CabeCasa MadeiraOriginals Ac\u00e1cia\/Branco teve o pre\u00e7o, no dia acima especificado, de <strong>R$ 1276.45<\/strong>.<\/h3>\n<p>Confira o pre\u00e7o atual aqui: <a href=\"https:\/\/www.awin1.com\/cread.php?awinmid=100453&#038;awinaffid=690303&#038;ued=https:\/\/www.casatema.com.br\/balcao-canto-obliquo-sem-tampo-ipanema-cabecasa-madeiraoriginals-acacia-branco\/p?idsku=844627\" rel=\"sponsored\" target=\"_blank\"><img decoding=\"async\" src=\"https:\/\/ui.awin.com\/images\/upload\/merchant\/profile\/100453.png\" alt=\"Balc\u00e3o Canto Obl\u00edquo Sem Tampo Ipanema CabeCasa MadeiraOriginals Ac\u00e1cia\/Branco\" \/> &#8211; nas lojas Casa Tema BR<\/a><\/p>\n<p><img decoding=\"async\" src=\"https:\/\/casatema.vteximg.com.br\/arquivos\/ids\/1427541_2\" alt=\"Balc\u00e3o Canto Obl\u00edquo Sem Tampo Ipanema CabeCasa MadeiraOriginals Ac\u00e1cia\/Branco\" \/><br \/>\nBalc\u00e3o Canto Obl\u00edquo Sem Tampo Ipanema CabeCasa MadeiraOriginals Ac\u00e1cia\/Branco  .body-casatema-use-internal { font-family: Arial, sans-serif; line-height: 1.6; } .container-casatema-use-internal { width: 80%; margin: 0 auto; padding: 20px; } .hx-casatema-use-internal { color: #333; } .ul-casatema-use-internal { list-style-type: none; padding: 0; } .li-casatema-use-internal { background: #f4f4f4; margin: 5px 0; padding: 10px; border-radius: 5px; } .highlight-casatema-use-internal { font-weight: bold; } .image-container-casatema-use-internal, .img-casatema-use-internal { width: 100%; height: auto; } \/* CSS para os atributos *\/ .table-attr-casatema-use-internal { border-spacing: 0px; width: 100%; } .table-attr-casatema-use-internal tr:nth-child(even) { background: #ffffff; } .table-attr-casatema-use-internal tr:nth-child(odd) { background: #dfede9; } .td-left-attr-casatema-use-internal { padding: 10px; width: 30%; font-weight: bold; } .td-right-attr-casatema-use-internal { padding: 10px; width: 70%; } .div-left-attr-casatema-use-internal { width: 100%; } .div-right-attr-casatema-use-internal { width: 100%; } .div-group-attr-casatema-use-internal { padding-bottom: 10px; } @media (min-width: 1224px) { .div-left-attr-casatema-use-internal { width: 49%; float: left; } .div-right-attr-casatema-use-internal { width: 49%; float: right; } }     Balc\u00e3o Canto Obl\u00edquo Sem Tampo Ipanema CabeCasa MadeiraOriginals Ac\u00e1cia\/Branco. Balc\u00e3o Canto Obl\u00edquo Sem Tampo Sem Rodap\u00e9 Puxador 150mm Ipanema \u00e9 um m\u00f3vel com design moderno e elegante, ideal para compor a decora\u00e7\u00e3o da sua cozinha. A porta e caixaria s\u00e3o fabricadas em MDP e possuem acabamento em BP, materiais de alta qualidade e resist\u00eancia, proporcionando durabilidade e praticidade no uso di\u00e1rio. A porta em Ac\u00e1cia confere sofistica\u00e7\u00e3o ao m\u00f3vel, enquanto o rodap\u00e9 Branco e o puxador de 150mm adicionam um toque de eleg\u00e2ncia ao design. J\u00e1 as dobradi\u00e7as com amortecimento garantem um fechamento suave e silencioso das portas, ao mesmo tempo que a prateleira central confere versatilidade e praticidade no armazenamento de objetos diversos. A fita de borda em PVC traz maior prote\u00e7\u00e3o contra umidade e prolonga a vida \u00fatil do m\u00f3vel, al\u00e9m de ser f\u00e1cil de limpar. Uma op\u00e7\u00e3o pr\u00e1tica e funcional para quem busca organiza\u00e7\u00e3o e estilo em sua casa.   Caracter\u00edsticasAmbiente PrincipalCozinhaBalc\u00e3o Suporta PiaN\u00e3oCorAc\u00e1cia\/BrancoEstiloModernoFabrica\u00e7\u00e3o Pr\u00f3priaSimLinha ou Cole\u00e7\u00e3oIpanemaMarcaCabeCasa MadeiraMadeiraModularSimOrigem do ProdutoNacionalPossui GavetasN\u00e3oPossui PortasSimPossui PrateleirasSimPossui Recorte para CooktopN\u00e3oPossui Rod\u00edzioN\u00e3oP\u00e9s Regul\u00e1veisSimQuantidade de Portas1 PortaQuantidade de Prateleiras01 PrateleiraSapatas NiveladorasN\u00e3oSuporta GranitoSimTipo de Base (p\u00e9s)P\u00e9sTipo de PortaBaterTipo de Puxador da PortaExternoPesos e Dimens\u00f5esAltura (cm)93.0Altura dos P\u00e9s14.0Largura (cm)80.0Profundidade (cm)80.0Documentos AdicionaisManual de MontagemClique aqui para acessarGarantiaGarantia5 AnosItens InclusosAcompanha TampoN\u00e3oBalc\u00e3o Acompanha PiaN\u00e3oItens Inclusos1 Balc\u00e3o Canto Obl\u00edquo Com Tampo e Rodap\u00e9, Manual de Montagem, Kit FerragensMateriais e AcabamentosAcabamentoBP Melam\u00ednicoAcabamento da PortaBPMaterial PrincipalMDPMaterial da Dobradi\u00e7a\/Corredi\u00e7a da PortaMet\u00e1licaMaterial da PortaMDPMaterial da PrateleiraMDPMaterial dos P\u00e9sPl\u00e1sticoMontagemComplexidade da MontagemM\u00e9dia: pode ser montado por mais de uma pessoa e\/ou necessite de maior conhecimento para montagemRecomenda\u00e7\u00f5es de Uso, Manuten\u00e7\u00e3o e LimpezaUse um pano levemente umedecido com \u00e1gua, seguido de pano seco. N\u00e3o utilize produtos qu\u00edmicos ou abrasivos.Sistema de MontagemSistema de montagem via cavilhas, parafusos, minifix e pregos.Outras caracter\u00edsticasPossui Portas1Possui Prateleiras1<\/p>\n<hr \/>\n<h4>Aproveite e pesquise o pre\u00e7o deste produto em dezenas de lojas dos marketplaces abaixo:<\/h4>\n<p><a href=\"https:\/\/www.magazinevoce.com.br\/magazineezu\/busca\/Balc\u00e3o Canto Obl\u00edquo Sem Tampo Ipanema CabeCasa MadeiraOriginals Ac\u00e1cia\/Branco\/\" target=\"_blank\" rel=\"noopener\"><img decoding=\"async\" src=\"https:\/\/bateroda.com.br\/marketplace\/logos\/magaezu.jpg\" alt=\"Pesquise no Magazine eZu\" \/> &#8211; Magazine eZu<\/a><\/p>\n<hr \/>\n<p><!-- START ADVERTISER: Webcontinental BR from awin.com --><\/p>\n<p><a href=\"https:\/\/www.awin1.com\/cread.php?awinmid=17743&#038;awinaffid=690303&#038;ued=https%3A%2F%2Fwww.webcontinental.com.br%2FBalc\u00e3o Canto Obl\u00edquo Sem Tampo Ipanema CabeCasa MadeiraOriginals Ac\u00e1cia\/Branco%3F_q%3DBalc\u00e3o Canto Obl\u00edquo Sem Tampo Ipanema CabeCasa MadeiraOriginals Ac\u00e1cia\/Branco%26map%3Dft\" rel=\"sponsored\"><img decoding=\"async\" src=\"https:\/\/lojawebcontinental.vtexassets.com\/arquivos\/logo-webcontinental-checkout.png\" border=\"0\" \/> &#8211; Loja Online.<\/a><\/p>\n<p><!-- END ADVERTISER: Webcontinental BR from awin.com --><\/p>\n","protected":false},"excerpt":{"rendered":"<p>R$ 1276.45 nas lojas <a href=\"https:\/\/www.awin1.com\/pclick.php?p=44999526563&#038;a=690303&#038;m=100453\" target=\"_blank\" rel=\"sponsored\">Casa Tema BR<\/a> <a class=\"more-link\" href=\"https:\/\/bonoro.com.br\/shop\/2026\/06\/balcao-canto-obliquo-sem-tampo-ipanema-cabecasa-madeiraoriginals-acacia-branco-r-1276-45\/\">\u2192<\/a><\/p>\n","protected":false},"author":1,"featured_media":0,"comment_status":"closed","ping_status":"closed","sticky":false,"template":"","format":"standard","meta":{"footnotes":""},"categories":[198],"tags":[16698,16697,205],"class_list":["post-259375","post","type-post","status-publish","format-standard","hentry","category-produtos","tag-1276-45","tag-balcao-canto-obliquo-sem-tampo-ipanema-cabecasa-madeiraoriginals-acacia-branco","tag-casa-tema-br"],"_links":{"self":[{"href":"https:\/\/bonoro.com.br\/shop\/wp-json\/wp\/v2\/posts\/259375","targetHints":{"allow":["GET"]}}],"collection":[{"href":"https:\/\/bonoro.com.br\/shop\/wp-json\/wp\/v2\/posts"}],"about":[{"href":"https:\/\/bonoro.com.br\/shop\/wp-json\/wp\/v2\/types\/post"}],"author":[{"embeddable":true,"href":"https:\/\/bonoro.com.br\/shop\/wp-json\/wp\/v2\/users\/1"}],"replies":[{"embeddable":true,"href":"https:\/\/bonoro.com.br\/shop\/wp-json\/wp\/v2\/comments?post=259375"}],"version-history":[{"count":0,"href":"https:\/\/bonoro.com.br\/shop\/wp-json\/wp\/v2\/posts\/259375\/revisions"}],"wp:attachment":[{"href":"https:\/\/bonoro.com.br\/shop\/wp-json\/wp\/v2\/media?parent=259375"}],"wp:term":[{"taxonomy":"category","embeddable":true,"href":"https:\/\/bonoro.com.br\/shop\/wp-json\/wp\/v2\/categories?post=259375"},{"taxonomy":"post_tag","embeddable":true,"href":"https:\/\/bonoro.com.br\/shop\/wp-json\/wp\/v2\/tags?post=259375"}],"curies":[{"name":"wp","href":"https:\/\/api.w.org\/{rel}","templated":true}]}}