{"id":259125,"date":"2026-06-08T03:18:30","date_gmt":"2026-06-08T03:18:30","guid":{"rendered":"https:\/\/bonoro.com.br\/shop\/2026\/06\/conjunto-mesa-de-jantar-e-6-cadeiras-tie-cabecasa-madeiraoriginals-amendoa-off-white-bege-r-6126-78\/"},"modified":"2026-06-08T03:18:30","modified_gmt":"2026-06-08T03:18:30","slug":"conjunto-mesa-de-jantar-e-6-cadeiras-tie-cabecasa-madeiraoriginals-amendoa-off-white-bege-r-6126-78","status":"publish","type":"post","link":"https:\/\/bonoro.com.br\/shop\/2026\/06\/conjunto-mesa-de-jantar-e-6-cadeiras-tie-cabecasa-madeiraoriginals-amendoa-off-white-bege-r-6126-78\/","title":{"rendered":"Conjunto Mesa de Jantar e 6 Cadeiras Ti\u00ea CabeCasa MadeiraOriginals Am\u00eandoa\/Off White\/Bege &#8211; R$ 6126.78"},"content":{"rendered":"<h2><\/h2>\n<h3>Conjunto Mesa de Jantar e 6 Cadeiras Ti\u00ea CabeCasa MadeiraOriginals Am\u00eandoa\/Off White\/Bege teve o pre\u00e7o, no dia acima especificado, de <strong>R$ 6126.78<\/strong>.<\/h3>\n<p>Confira o pre\u00e7o atual aqui: <a href=\"https:\/\/www.awin1.com\/cread.php?awinmid=100453&#038;awinaffid=690303&#038;ued=https:\/\/www.casatema.com.br\/conjunto-mesa-de-jantar-e-6-cadeiras-tie-cabecasa-madeiraoriginals-amendoa-off-white-bege\/p?idsku=737329\" rel=\"sponsored\" target=\"_blank\"><img decoding=\"async\" src=\"https:\/\/ui.awin.com\/images\/upload\/merchant\/profile\/100453.png\" alt=\"Conjunto Mesa de Jantar e 6 Cadeiras Ti\u00ea CabeCasa MadeiraOriginals Am\u00eandoa\/Off White\/Bege\" \/> &#8211; nas lojas Casa Tema BR<\/a><\/p>\n<p><img decoding=\"async\" src=\"https:\/\/casatema.vteximg.com.br\/arquivos\/ids\/1424453_2\" alt=\"Conjunto Mesa de Jantar e 6 Cadeiras Ti\u00ea CabeCasa MadeiraOriginals Am\u00eandoa\/Off White\/Bege\" \/><br \/>\nConjunto Mesa de Jantar e 6 Cadeiras Ti\u00ea CabeCasa MadeiraOriginals Am\u00eandoa\/Off White\/Bege  .body-casatema-use-internal { font-family: Arial, sans-serif; line-height: 1.6; } .container-casatema-use-internal { width: 80%; margin: 0 auto; padding: 20px; } .hx-casatema-use-internal { color: #333; } .ul-casatema-use-internal { list-style-type: none; padding: 0; } .li-casatema-use-internal { background: #f4f4f4; margin: 5px 0; padding: 10px; border-radius: 5px; } .highlight-casatema-use-internal { font-weight: bold; } .image-container-casatema-use-internal, .img-casatema-use-internal { width: 100%; height: auto; } \/* CSS para os atributos *\/ .table-attr-casatema-use-internal { border-spacing: 0px; width: 100%; } .table-attr-casatema-use-internal tr:nth-child(even) { background: #ffffff; } .table-attr-casatema-use-internal tr:nth-child(odd) { background: #dfede9; } .td-left-attr-casatema-use-internal { padding: 10px; width: 30%; font-weight: bold; } .td-right-attr-casatema-use-internal { padding: 10px; width: 70%; } .div-left-attr-casatema-use-internal { width: 100%; } .div-right-attr-casatema-use-internal { width: 100%; } .div-group-attr-casatema-use-internal { padding-bottom: 10px; } @media (min-width: 1224px) { .div-left-attr-casatema-use-internal { width: 49%; float: left; } .div-right-attr-casatema-use-internal { width: 49%; float: right; } }     Conjunto Mesa de Jantar e 6 Cadeiras Ti\u00ea CabeCasa MadeiraOriginals Am\u00eandoa\/Off White\/Bege. O conjunto Sala de jantar \u00e9 formado por mesa oval Ti\u00ea, \u00e9 um produto especial, cheio de estilo, feito para voc\u00ea e \u00e9 bem f\u00e1cil de montar! \u00c9 um produto extens\u00edvel, atingindo at\u00e9 200cm de largura. Deixe sua sala de jantar mais moderna e pronta para receber sua fam\u00edlia. Acompanha 6 cadeiras de jantar Ti\u00ea, possuem estrutura em madeira maci\u00e7a de reflorestamento, assento e encosto estofados. Suas formas s\u00e3o puras, o encosto recortado proporciona uma leveza ao produto, tornando uma pe\u00e7a ideal para todos os estilos de salas de jantar.   Caracter\u00edsticasAmbiente PrincipalSala de JantarCorAm\u00eandoa\/Off White\/BegeCor PredominanteBegeCor do ProdutoAm\u00eandoa\/Off White\/BegeFabrica\u00e7\u00e3o Pr\u00f3priaSimFormatoRetangularFormato do TampoOvalLinha ou Cole\u00e7\u00e3oTi\u00eaMarcaCabeCasa MadeiraMadeiraPossui Rod\u00edzioN\u00e3oQuantidade de Cadeiras6Quantidade de Lugares6Quantidade do Produto6GarantiaGarantia24 MesesMateriais e AcabamentosMaterial PrincipalMDFRevestimento da Cadeira\/BancoCouro Ecol\u00f3gicoMontagemNecessita MontagemSimOutras caracter\u00edsticasAmbientenull<\/p>\n<hr \/>\n<h4>Aproveite e pesquise o pre\u00e7o deste produto em dezenas de lojas dos marketplaces abaixo:<\/h4>\n<p><a href=\"https:\/\/www.magazinevoce.com.br\/magazineezu\/busca\/Conjunto Mesa de Jantar e 6 Cadeiras Ti\u00ea CabeCasa MadeiraOriginals Am\u00eandoa\/Off White\/Bege\/\" target=\"_blank\" rel=\"noopener\"><img decoding=\"async\" src=\"https:\/\/bateroda.com.br\/marketplace\/logos\/magaezu.jpg\" alt=\"Pesquise no Magazine eZu\" \/> &#8211; Magazine eZu<\/a><\/p>\n<hr \/>\n<p><!-- START ADVERTISER: Webcontinental BR from awin.com --><\/p>\n<p><a href=\"https:\/\/www.awin1.com\/cread.php?awinmid=17743&#038;awinaffid=690303&#038;ued=https%3A%2F%2Fwww.webcontinental.com.br%2FConjunto Mesa de Jantar e 6 Cadeiras Ti\u00ea CabeCasa MadeiraOriginals Am\u00eandoa\/Off White\/Bege%3F_q%3DConjunto Mesa de Jantar e 6 Cadeiras Ti\u00ea CabeCasa MadeiraOriginals Am\u00eandoa\/Off White\/Bege%26map%3Dft\" rel=\"sponsored\"><img decoding=\"async\" src=\"https:\/\/lojawebcontinental.vtexassets.com\/arquivos\/logo-webcontinental-checkout.png\" border=\"0\" \/> &#8211; Loja Online.<\/a><\/p>\n<p><!-- END ADVERTISER: Webcontinental BR from awin.com --><\/p>\n","protected":false},"excerpt":{"rendered":"<p>R$ 6126.78 nas lojas <a href=\"https:\/\/www.awin1.com\/pclick.php?p=44999526313&#038;a=690303&#038;m=100453\" target=\"_blank\" rel=\"sponsored\">Casa Tema BR<\/a> <a class=\"more-link\" href=\"https:\/\/bonoro.com.br\/shop\/2026\/06\/conjunto-mesa-de-jantar-e-6-cadeiras-tie-cabecasa-madeiraoriginals-amendoa-off-white-bege-r-6126-78\/\">\u2192<\/a><\/p>\n","protected":false},"author":1,"featured_media":0,"comment_status":"closed","ping_status":"closed","sticky":false,"template":"","format":"standard","meta":{"footnotes":""},"categories":[198],"tags":[16287,205,16286],"class_list":["post-259125","post","type-post","status-publish","format-standard","hentry","category-produtos","tag-6126-78","tag-casa-tema-br","tag-conjunto-mesa-de-jantar-e-6-cadeiras-tie-cabecasa-madeiraoriginals-amendoa-off-white-bege"],"_links":{"self":[{"href":"https:\/\/bonoro.com.br\/shop\/wp-json\/wp\/v2\/posts\/259125","targetHints":{"allow":["GET"]}}],"collection":[{"href":"https:\/\/bonoro.com.br\/shop\/wp-json\/wp\/v2\/posts"}],"about":[{"href":"https:\/\/bonoro.com.br\/shop\/wp-json\/wp\/v2\/types\/post"}],"author":[{"embeddable":true,"href":"https:\/\/bonoro.com.br\/shop\/wp-json\/wp\/v2\/users\/1"}],"replies":[{"embeddable":true,"href":"https:\/\/bonoro.com.br\/shop\/wp-json\/wp\/v2\/comments?post=259125"}],"version-history":[{"count":0,"href":"https:\/\/bonoro.com.br\/shop\/wp-json\/wp\/v2\/posts\/259125\/revisions"}],"wp:attachment":[{"href":"https:\/\/bonoro.com.br\/shop\/wp-json\/wp\/v2\/media?parent=259125"}],"wp:term":[{"taxonomy":"category","embeddable":true,"href":"https:\/\/bonoro.com.br\/shop\/wp-json\/wp\/v2\/categories?post=259125"},{"taxonomy":"post_tag","embeddable":true,"href":"https:\/\/bonoro.com.br\/shop\/wp-json\/wp\/v2\/tags?post=259125"}],"curies":[{"name":"wp","href":"https:\/\/api.w.org\/{rel}","templated":true}]}}