{"id":259102,"date":"2026-06-28T04:20:37","date_gmt":"2026-06-28T04:20:37","guid":{"rendered":"https:\/\/bonoro.com.br\/shop\/2026\/06\/cadeira-madeira-macica-estofada-tie-cabecasa-madeiraoriginals-preto-cinza-r-588-21\/"},"modified":"2026-06-28T04:20:37","modified_gmt":"2026-06-28T04:20:37","slug":"cadeira-madeira-macica-estofada-tie-cabecasa-madeiraoriginals-preto-cinza-r-588-21","status":"publish","type":"post","link":"https:\/\/bonoro.com.br\/shop\/2026\/06\/cadeira-madeira-macica-estofada-tie-cabecasa-madeiraoriginals-preto-cinza-r-588-21\/","title":{"rendered":"Cadeira Madeira Maci\u00e7a Estofada Ti\u00ea CabeCasa MadeiraOriginals Preto\/Cinza &#8211; R$ 588.21"},"content":{"rendered":"<h2><\/h2>\n<h3>Cadeira Madeira Maci\u00e7a Estofada Ti\u00ea CabeCasa MadeiraOriginals Preto\/Cinza teve o pre\u00e7o, no dia acima especificado, de <strong>R$ 588.21<\/strong>.<\/h3>\n<p>Confira o pre\u00e7o atual aqui: <a href=\"https:\/\/www.awin1.com\/cread.php?awinmid=100453&#038;awinaffid=690303&#038;ued=https:\/\/www.casatema.com.br\/cadeira-madeira-macica-estofada-tie-cabecasa-madeiraoriginals-preto-cinza\/p?idsku=734884\" rel=\"sponsored\" target=\"_blank\"><img decoding=\"async\" src=\"https:\/\/ui.awin.com\/images\/upload\/merchant\/profile\/100453.png\" alt=\"Cadeira Madeira Maci\u00e7a Estofada Ti\u00ea CabeCasa MadeiraOriginals Preto\/Cinza\" \/> &#8211; nas lojas Casa Tema BR<\/a><\/p>\n<p><img decoding=\"async\" src=\"https:\/\/casatema.vteximg.com.br\/arquivos\/ids\/1424119_2\" alt=\"Cadeira Madeira Maci\u00e7a Estofada Ti\u00ea CabeCasa MadeiraOriginals Preto\/Cinza\" \/><br \/>\nCadeira Madeira Maci\u00e7a Estofada Ti\u00ea CabeCasa MadeiraOriginals Preto\/Cinza  .body-casatema-use-internal { font-family: Arial, sans-serif; line-height: 1.6; } .container-casatema-use-internal { width: 80%; margin: 0 auto; padding: 20px; } .hx-casatema-use-internal { color: #333; } .ul-casatema-use-internal { list-style-type: none; padding: 0; } .li-casatema-use-internal { background: #f4f4f4; margin: 5px 0; padding: 10px; border-radius: 5px; } .highlight-casatema-use-internal { font-weight: bold; } .image-container-casatema-use-internal, .img-casatema-use-internal { width: 100%; height: auto; } \/* CSS para os atributos *\/ .table-attr-casatema-use-internal { border-spacing: 0px; width: 100%; } .table-attr-casatema-use-internal tr:nth-child(even) { background: #ffffff; } .table-attr-casatema-use-internal tr:nth-child(odd) { background: #dfede9; } .td-left-attr-casatema-use-internal { padding: 10px; width: 30%; font-weight: bold; } .td-right-attr-casatema-use-internal { padding: 10px; width: 70%; } .div-left-attr-casatema-use-internal { width: 100%; } .div-right-attr-casatema-use-internal { width: 100%; } .div-group-attr-casatema-use-internal { padding-bottom: 10px; } @media (min-width: 1224px) { .div-left-attr-casatema-use-internal { width: 49%; float: left; } .div-right-attr-casatema-use-internal { width: 49%; float: right; } }     Cadeira Madeira Maci\u00e7a Estofada Ti\u00ea CabeCasa MadeiraOriginals Preto\/Cinza. A Cadeira de jantar Ti\u00ea, possui estrutura em madeira maci\u00e7a de reflorestamento, assento e encosto estofados. Suas formas s\u00e3o puras, o encosto recortado proporciona uma leveza ao produto, tornando uma pe\u00e7a ideal para todos os estilos de salas de jantar.   Caracter\u00edsticasAlmofada do AssentoFixaAmbiente PrincipalSala de JantarCorPreto\/CinzaCor PredominanteCinzaCor do ProdutoPreto\/CinzaDobr\u00e1velN\u00e3oEnchimento do AssentoEspuma D-23Enchimento do EncostoEspumaEstrutura do EncostoMultilaminadoFabrica\u00e7\u00e3o Pr\u00f3priaSimGirat\u00f3riaN\u00e3oLinha ou Cole\u00e7\u00e3oTi\u00eaMarcaCabeCasa MadeiraMadeiraOrigem do ProdutoNacionalPossui Apoio para Bra\u00e7osN\u00e3oPossui Apoio para os P\u00e9sSimPossui Rod\u00edzioN\u00e3oQuantidade do Produto1Rod\u00edzio com TravaN\u00e3oTipo de AssentoFixoTipo de EncostoFixoDocumentos AdicionaisManual de MontagemClique aqui para acessarGarantiaGarantia24 MesesMateriais e AcabamentosAcabamentoPinturaAcabamento da EstruturaPinturaApoio para Bra\u00e7os EstofadoN\u00e3oEscala de BrilhoSemi-FoscoMaterial da BaseMadeira Maci\u00e7aMaterial da EstruturaMadeira Maci\u00e7aRevestimento do AssentoPoli\u00e9sterRevestimento do EncostoPoli\u00e9sterTipo de Madeira Maci\u00e7aEucaliptoMontagemComplexidade da MontagemBaixa: pode ser montado por uma pessoa sozinhaNecessita MontagemSimRecomenda\u00e7\u00f5es de Uso, Manuten\u00e7\u00e3o e LimpezaTire o p\u00f3 com um pano suave e limpo. Caso necess\u00e1rio utilize um pano macio ou papel absorvente para remover manchas imediatamente ap\u00f3s o contato com o produto antes que se infiltrem demais. N\u00e3o utilizar objetos pontiagudos e\/ou abrasivos, bem como solventes e produtos agressivos na limpeza. N\u00e3o utilize \u00e1lcool, acetonas, ou qualquer outro produto qu\u00edmico. N\u00e3o utilize panos coloridos. N\u00e3o \u00e9 indicada a utiliza\u00e7\u00e3o de aspirador de p\u00f3.Sistema de MontagemParafusos, cavilha, cantoneiras, meia lua e bucha com roscaOutras caracter\u00edsticasEstrutura do AssentoChapa MDP 15mm, espuma D23 e tecidoPesos e Dimens\u00f5esAltura (cm)92.5Altura do Assento at\u00e9 o Ch\u00e3o45.0Largura (cm)45.0<\/p>\n<hr \/>\n<h4>Aproveite e pesquise o pre\u00e7o deste produto em dezenas de lojas dos marketplaces abaixo:<\/h4>\n<p><a href=\"https:\/\/www.magazinevoce.com.br\/magazineezu\/busca\/Cadeira Madeira Maci\u00e7a Estofada Ti\u00ea CabeCasa MadeiraOriginals Preto\/Cinza\/\" target=\"_blank\" rel=\"noopener\"><img decoding=\"async\" src=\"https:\/\/bateroda.com.br\/marketplace\/logos\/magaezu.jpg\" alt=\"Pesquise no Magazine eZu\" \/> &#8211; Magazine eZu<\/a><\/p>\n<hr \/>\n<p><!-- START ADVERTISER: Webcontinental BR from awin.com --><\/p>\n<p><a href=\"https:\/\/www.awin1.com\/cread.php?awinmid=17743&#038;awinaffid=690303&#038;ued=https%3A%2F%2Fwww.webcontinental.com.br%2FCadeira Madeira Maci\u00e7a Estofada Ti\u00ea CabeCasa MadeiraOriginals Preto\/Cinza%3F_q%3DCadeira Madeira Maci\u00e7a Estofada Ti\u00ea CabeCasa MadeiraOriginals Preto\/Cinza%26map%3Dft\" rel=\"sponsored\"><img decoding=\"async\" src=\"https:\/\/lojawebcontinental.vtexassets.com\/arquivos\/logo-webcontinental-checkout.png\" border=\"0\" \/> &#8211; Loja Online.<\/a><\/p>\n<p><!-- END ADVERTISER: Webcontinental BR from awin.com --><\/p>\n","protected":false},"excerpt":{"rendered":"<p>R$ 588.21 nas lojas <a href=\"https:\/\/www.awin1.com\/pclick.php?p=44999526290&#038;a=690303&#038;m=100453\" target=\"_blank\" rel=\"sponsored\">Casa Tema BR<\/a> <a class=\"more-link\" href=\"https:\/\/bonoro.com.br\/shop\/2026\/06\/cadeira-madeira-macica-estofada-tie-cabecasa-madeiraoriginals-preto-cinza-r-588-21\/\">\u2192<\/a><\/p>\n","protected":false},"author":1,"featured_media":0,"comment_status":"closed","ping_status":"closed","sticky":false,"template":"","format":"standard","meta":{"footnotes":""},"categories":[198],"tags":[13065,16249,205],"class_list":["post-259102","post","type-post","status-publish","format-standard","hentry","category-produtos","tag-588-21","tag-cadeira-madeira-macica-estofada-tie-cabecasa-madeiraoriginals-preto-cinza","tag-casa-tema-br"],"_links":{"self":[{"href":"https:\/\/bonoro.com.br\/shop\/wp-json\/wp\/v2\/posts\/259102","targetHints":{"allow":["GET"]}}],"collection":[{"href":"https:\/\/bonoro.com.br\/shop\/wp-json\/wp\/v2\/posts"}],"about":[{"href":"https:\/\/bonoro.com.br\/shop\/wp-json\/wp\/v2\/types\/post"}],"author":[{"embeddable":true,"href":"https:\/\/bonoro.com.br\/shop\/wp-json\/wp\/v2\/users\/1"}],"replies":[{"embeddable":true,"href":"https:\/\/bonoro.com.br\/shop\/wp-json\/wp\/v2\/comments?post=259102"}],"version-history":[{"count":0,"href":"https:\/\/bonoro.com.br\/shop\/wp-json\/wp\/v2\/posts\/259102\/revisions"}],"wp:attachment":[{"href":"https:\/\/bonoro.com.br\/shop\/wp-json\/wp\/v2\/media?parent=259102"}],"wp:term":[{"taxonomy":"category","embeddable":true,"href":"https:\/\/bonoro.com.br\/shop\/wp-json\/wp\/v2\/categories?post=259102"},{"taxonomy":"post_tag","embeddable":true,"href":"https:\/\/bonoro.com.br\/shop\/wp-json\/wp\/v2\/tags?post=259102"}],"curies":[{"name":"wp","href":"https:\/\/api.w.org\/{rel}","templated":true}]}}