{"id":258902,"date":"2026-06-29T18:38:08","date_gmt":"2026-06-29T18:38:08","guid":{"rendered":"https:\/\/bonoro.com.br\/shop\/2026\/06\/guarda-roupa-de-bebe-4-portas-4-gavetas-mel-branco-espresso-moveis-branco-r-2499-98\/"},"modified":"2026-06-29T18:38:08","modified_gmt":"2026-06-29T18:38:08","slug":"guarda-roupa-de-bebe-4-portas-4-gavetas-mel-branco-espresso-moveis-branco-r-2499-98","status":"publish","type":"post","link":"https:\/\/bonoro.com.br\/shop\/2026\/06\/guarda-roupa-de-bebe-4-portas-4-gavetas-mel-branco-espresso-moveis-branco-r-2499-98\/","title":{"rendered":"Guarda Roupa de Beb\u00ea 4 Portas 4 Gavetas Mel Branco Espresso M\u00f3veis Branco &#8211; R$ 2499.98"},"content":{"rendered":"<h2><\/h2>\n<h3>Guarda Roupa de Beb\u00ea 4 Portas 4 Gavetas Mel Branco Espresso M\u00f3veis Branco teve o pre\u00e7o, no dia acima especificado, de <strong>R$ 2499.98<\/strong>.<\/h3>\n<p>Confira o pre\u00e7o atual aqui: <a href=\"https:\/\/www.awin1.com\/cread.php?awinmid=100453&#038;awinaffid=690303&#038;ued=https:\/\/www.casatema.com.br\/guarda-roupa-de-bebe-4-portas-4-gavetas-mel-branco-expresso-moveis-branco\/p?idsku=634574706\" rel=\"sponsored\" target=\"_blank\"><img decoding=\"async\" src=\"https:\/\/ui.awin.com\/images\/upload\/merchant\/profile\/100453.png\" alt=\"Guarda Roupa de Beb\u00ea 4 Portas 4 Gavetas Mel Branco Espresso M\u00f3veis Branco\" \/> &#8211; nas lojas Casa Tema BR<\/a><\/p>\n<p><img decoding=\"async\" src=\"https:\/\/casatema.vteximg.com.br\/arquivos\/ids\/1422035_2\" alt=\"Guarda Roupa de Beb\u00ea 4 Portas 4 Gavetas Mel Branco Espresso M\u00f3veis Branco\" \/><br \/>\nGuarda Roupa de Beb\u00ea 4 Portas 4 Gavetas Mel Branco Espresso M\u00f3veis Branco  .body-casatema-use-internal { font-family: Arial, sans-serif; line-height: 1.6; } .container-casatema-use-internal { width: 80%; margin: 0 auto; padding: 20px; } .hx-casatema-use-internal { color: #333; } .ul-casatema-use-internal { list-style-type: none; padding: 0; } .li-casatema-use-internal { background: #f4f4f4; margin: 5px 0; padding: 10px; border-radius: 5px; } .highlight-casatema-use-internal { font-weight: bold; } .image-container-casatema-use-internal, .img-casatema-use-internal { width: 100%; height: auto; } \/* CSS para os atributos *\/ .table-attr-casatema-use-internal { border-spacing: 0px; width: 100%; } .table-attr-casatema-use-internal tr:nth-child(even) { background: #ffffff; } .table-attr-casatema-use-internal tr:nth-child(odd) { background: #dfede9; } .td-left-attr-casatema-use-internal { padding: 10px; width: 30%; font-weight: bold; } .td-right-attr-casatema-use-internal { padding: 10px; width: 70%; } .div-left-attr-casatema-use-internal { width: 100%; } .div-right-attr-casatema-use-internal { width: 100%; } .div-group-attr-casatema-use-internal { padding-bottom: 10px; } @media (min-width: 1224px) { .div-left-attr-casatema-use-internal { width: 49%; float: left; } .div-right-attr-casatema-use-internal { width: 49%; float: right; } }     Guarda Roupa de Beb\u00ea 4 Portas 4 Gavetas Mel Branco Espresso M\u00f3veis Branco. O Roupeiro Mel Espresso M\u00f3veis, foi feito para m\u00e3es que precisam de espa\u00e7o, versatilidade e design inovador. Com 1,85m de largura, 2,17m de altura e 56cm de profundidade, ele \u00e9 perfeito para organizar tudo o que o beb\u00ea precisa e acompanhar o crescimento do seu filho com praticidade. Seu grande diferencial \u00e9 a customiza\u00e7\u00e3o: o lado esquerdo pode ser configurado com nichos e cabideiros, permitindo que voc\u00ea monte o roupeiro de acordo com suas necessidades. Al\u00e9m disso, os puxadores usinados tipo cava s\u00e3o duplas face, permitindo escolher entre o lado branco ou nature, para combinar perfeitamente com a decora\u00e7\u00e3o do quarto. Funcional, espa\u00e7oso e cheio de estilo, o Roupeiro Mel Expresso Moveis \u00e9 o m\u00f3vel que transforma o dia a dia das fam\u00edlias e comp\u00f5e um ambiente acolhedor e moderno.   Caracter\u00edsticasAmbiente PrincipalQuarto de Beb\u00eaCor FlexN\u00e3oCor InternaBrancoCor PredominanteBrancoCor do ProdutoBrancoEstiloModernoGaveta com ChaveN\u00e3oLinha ou Cole\u00e7\u00e3oMelMarcaEspresso M\u00f3veisModularN\u00e3oNicho com CabideiroN\u00e3oOrigem do ProdutoNacionalPeso M\u00e1ximo por Gaveta3.0Possui CabideirosSimPossui CalceirosN\u00e3oPossui GavetasSimPossui Organizador de GavetaN\u00e3oPossui PortasSimPossui PrateleirasN\u00e3oPossui P\u00e9sN\u00e3oQuantidade de Cabideiros01 CabideiroQuantidade de Gavetas04 GavetasQuantidade de Portas4 PortasSapatas NiveladorasSimTipo de GavetaInternaTipo de Guarda-roupaBeb\u00eaTipo de PortaBaterTipo de Puxador da PortaEmbutidoDocumentos AdicionaisManual de Montagem e Instala\u00e7\u00e3oClique aqui para acessarGarantiaGarantia03 MesesItens InclusosItens Inclusos1 Roupeiro + 1 kit ferragem + esquema de montagemMateriais e AcabamentosAcabamento da GavetaPintura UVAcabamento da PortaPintura UVEscala de BrilhoFoscoEscala de Brilho da GavetaFoscoEscala de Brilho da PortaFoscoMaterial PrincipalMDFMaterial da GavetaMDFMaterial da PortaMDFTipo de Corredi\u00e7a da GavetaMet\u00e1lica Telesc\u00f3picaTipo de Dobradi\u00e7a\/Corredi\u00e7a da PortaMet\u00e1licaMontagemComplexidade da MontagemAlta: deve ser montado por um montador especializadoMontagem FlexN\u00e3oNecessita MontagemSimRecomenda\u00e7\u00f5es de Uso, Manuten\u00e7\u00e3o e Limpezapano seco, n\u00e3o utilizar produtos abrasivosSistema de Montagemparafusos e cavilhasOutras caracter\u00edsticasPeso M\u00e1ximo por PrateleirakgPossui EspelhoN\u00e3o PossuiPossui Portas4Pesos e Dimens\u00f5esAltura (cm)217.0Largura (cm)185.0Peso (kg)158.2Profundidade (cm)56.0<\/p>\n<hr \/>\n<h4>Aproveite e pesquise o pre\u00e7o deste produto em dezenas de lojas dos marketplaces abaixo:<\/h4>\n<p><a href=\"https:\/\/www.magazinevoce.com.br\/magazineezu\/busca\/Guarda Roupa de Beb\u00ea 4 Portas 4 Gavetas Mel Branco Espresso M\u00f3veis Branco\/\" target=\"_blank\" rel=\"noopener\"><img decoding=\"async\" src=\"https:\/\/bateroda.com.br\/marketplace\/logos\/magaezu.jpg\" alt=\"Pesquise no Magazine eZu\" \/> &#8211; Magazine eZu<\/a><\/p>\n<hr \/>\n<p><!-- START ADVERTISER: Webcontinental BR from awin.com --><\/p>\n<p><a href=\"https:\/\/www.awin1.com\/cread.php?awinmid=17743&#038;awinaffid=690303&#038;ued=https%3A%2F%2Fwww.webcontinental.com.br%2FGuarda Roupa de Beb\u00ea 4 Portas 4 Gavetas Mel Branco Espresso M\u00f3veis Branco%3F_q%3DGuarda Roupa de Beb\u00ea 4 Portas 4 Gavetas Mel Branco Espresso M\u00f3veis Branco%26map%3Dft\" rel=\"sponsored\"><img decoding=\"async\" src=\"https:\/\/lojawebcontinental.vtexassets.com\/arquivos\/logo-webcontinental-checkout.png\" border=\"0\" \/> &#8211; Loja Online.<\/a><\/p>\n<p><!-- END ADVERTISER: Webcontinental BR from awin.com --><\/p>\n","protected":false},"excerpt":{"rendered":"<p>R$ 2499.98 nas lojas <a href=\"https:\/\/www.awin1.com\/pclick.php?p=44999525940&#038;a=690303&#038;m=100453\" target=\"_blank\" rel=\"sponsored\">Casa Tema BR<\/a> <a class=\"more-link\" href=\"https:\/\/bonoro.com.br\/shop\/2026\/06\/guarda-roupa-de-bebe-4-portas-4-gavetas-mel-branco-espresso-moveis-branco-r-2499-98\/\">\u2192<\/a><\/p>\n","protected":false},"author":1,"featured_media":0,"comment_status":"closed","ping_status":"closed","sticky":false,"template":"","format":"standard","meta":{"footnotes":""},"categories":[198],"tags":[12776,205,15932],"class_list":["post-258902","post","type-post","status-publish","format-standard","hentry","category-produtos","tag-2499-98","tag-casa-tema-br","tag-guarda-roupa-de-bebe-4-portas-4-gavetas-mel-branco-espresso-moveis-branco"],"_links":{"self":[{"href":"https:\/\/bonoro.com.br\/shop\/wp-json\/wp\/v2\/posts\/258902","targetHints":{"allow":["GET"]}}],"collection":[{"href":"https:\/\/bonoro.com.br\/shop\/wp-json\/wp\/v2\/posts"}],"about":[{"href":"https:\/\/bonoro.com.br\/shop\/wp-json\/wp\/v2\/types\/post"}],"author":[{"embeddable":true,"href":"https:\/\/bonoro.com.br\/shop\/wp-json\/wp\/v2\/users\/1"}],"replies":[{"embeddable":true,"href":"https:\/\/bonoro.com.br\/shop\/wp-json\/wp\/v2\/comments?post=258902"}],"version-history":[{"count":0,"href":"https:\/\/bonoro.com.br\/shop\/wp-json\/wp\/v2\/posts\/258902\/revisions"}],"wp:attachment":[{"href":"https:\/\/bonoro.com.br\/shop\/wp-json\/wp\/v2\/media?parent=258902"}],"wp:term":[{"taxonomy":"category","embeddable":true,"href":"https:\/\/bonoro.com.br\/shop\/wp-json\/wp\/v2\/categories?post=258902"},{"taxonomy":"post_tag","embeddable":true,"href":"https:\/\/bonoro.com.br\/shop\/wp-json\/wp\/v2\/tags?post=258902"}],"curies":[{"name":"wp","href":"https:\/\/api.w.org\/{rel}","templated":true}]}}