{"id":258780,"date":"2026-06-25T01:42:25","date_gmt":"2026-06-25T01:42:25","guid":{"rendered":"https:\/\/bonoro.com.br\/shop\/2026\/06\/berco-para-quarto-de-bebe-2-em-1-danny-areia-fosco-r-555-53\/"},"modified":"2026-06-25T01:42:25","modified_gmt":"2026-06-25T01:42:25","slug":"berco-para-quarto-de-bebe-2-em-1-danny-areia-fosco-r-555-53","status":"publish","type":"post","link":"https:\/\/bonoro.com.br\/shop\/2026\/06\/berco-para-quarto-de-bebe-2-em-1-danny-areia-fosco-r-555-53\/","title":{"rendered":"Ber\u00e7o para Quarto de Beb\u00ea 2 em 1 Danny Areia Fosco &#8211; R$ 555.53"},"content":{"rendered":"<h2><\/h2>\n<h3>Ber\u00e7o para Quarto de Beb\u00ea 2 em 1 Danny Areia Fosco teve o pre\u00e7o, no dia acima especificado, de <strong>R$ 555.53<\/strong>.<\/h3>\n<p>Confira o pre\u00e7o atual aqui: <a href=\"https:\/\/www.awin1.com\/cread.php?awinmid=100453&#038;awinaffid=690303&#038;ued=https:\/\/www.casatema.com.br\/berco-para-quarto-de-bebe-2-em-1-danny-areia-fosco\/p?idsku=986632177\" rel=\"sponsored\" target=\"_blank\"><img decoding=\"async\" src=\"https:\/\/ui.awin.com\/images\/upload\/merchant\/profile\/100453.png\" alt=\"Ber\u00e7o para Quarto de Beb\u00ea 2 em 1 Danny Areia Fosco\" \/> &#8211; nas lojas Casa Tema BR<\/a><\/p>\n<p><img decoding=\"async\" src=\"https:\/\/casatema.vteximg.com.br\/arquivos\/ids\/1419832_2\" alt=\"Ber\u00e7o para Quarto de Beb\u00ea 2 em 1 Danny Areia Fosco\" \/><br \/>\nBer\u00e7o para Quarto de Beb\u00ea 2 em 1 Danny Areia Fosco  .body-casatema-use-internal { font-family: Arial, sans-serif; line-height: 1.6; } .container-casatema-use-internal { width: 80%; margin: 0 auto; padding: 20px; } .hx-casatema-use-internal { color: #333; } .ul-casatema-use-internal { list-style-type: none; padding: 0; } .li-casatema-use-internal { background: #f4f4f4; margin: 5px 0; padding: 10px; border-radius: 5px; } .highlight-casatema-use-internal { font-weight: bold; } .image-container-casatema-use-internal, .img-casatema-use-internal { width: 100%; height: auto; } \/* CSS para os atributos *\/ .table-attr-casatema-use-internal { border-spacing: 0px; width: 100%; } .table-attr-casatema-use-internal tr:nth-child(even) { background: #ffffff; } .table-attr-casatema-use-internal tr:nth-child(odd) { background: #dfede9; } .td-left-attr-casatema-use-internal { padding: 10px; width: 30%; font-weight: bold; } .td-right-attr-casatema-use-internal { padding: 10px; width: 70%; } .div-left-attr-casatema-use-internal { width: 100%; } .div-right-attr-casatema-use-internal { width: 100%; } .div-group-attr-casatema-use-internal { padding-bottom: 10px; } @media (min-width: 1224px) { .div-left-attr-casatema-use-internal { width: 49%; float: left; } .div-right-attr-casatema-use-internal { width: 49%; float: right; } }     Ber\u00e7o para Quarto de Beb\u00ea 2 em 1 Danny Areia Fosco. Para um cantinho cheio de amor, seguran\u00e7a e conforto do seu beb\u00ea, o Ber\u00e7o Danny 2 em 1 \u00e9 perfeito para acompanhar cada fase, transformando-se em um lindo sofazinho quando o pequeno crescer. Um m\u00f3vel funcional, elegante e pensado com todo carinho para o seu momento mais especial. ESPECIFICA\u00c7\u00d5ES: -Certificado pelo INMETRO -Produzido em MDF -Transforma-se em sofazinho -Padr\u00e3o Americano -Cantos arredondados para mais seguran\u00e7a -3 regulagens de altura do estrado -Estrado em madeira reflorestada -Grade fixa -4 rod\u00edzios (2 com trava) -Suporte para mosquiteiro incluso -Acabamento pintura UV (at\u00f3xico) MEDIDAS: 148 x 120 x 78 cm (L x A x P) Colch\u00e3o recomendado: 130 x 70 x 12 cm (D18) OBSERVA\u00c7\u00d5ES: Produto enviado desmontado, com manual e acess\u00f3rios. Recomenda-se montagem profissional   Caracter\u00edsticasAmbiente PrincipalQuarto de Beb\u00eaBer\u00e7o 3 em 1N\u00e3oCapiton\u00eaN\u00e3oCor Flexn\u00e3oCor PredominanteBegeCor do ProdutoAreia FoscoEstiloCl\u00e1ssicoEstrado Regul\u00e1vel em Quantas Posi\u00e7\u00f5es3Estrado com Regulagem de AlturaSimLinha ou Cole\u00e7\u00e3oDannyMarcaM\u00f3veis RellerMaterial da CabeceiraMDFMultifun\u00e7\u00e3o Flexn\u00e3oOp\u00e7\u00f5es de Altura do Estrado1\u00aa 33,5 cm &#8211; 2\u00aa 46,3 cm &#8211; 3\u00aa 62,3cmOrigem do ProdutoNacionalPermite a Utiliza\u00e7\u00e3o de Cama AuxiliarN\u00e3oPintura At\u00f3xicaSimPort\u00e1tilN\u00e3oPossui GavetasN\u00e3oPossui PortasN\u00e3oPossui PrateleirasN\u00e3oPossui P\u00e9sN\u00e3oPossui Rod\u00edzioSimQuantidade de Rod\u00edzios com Trava2Rod\u00edzio com TravaSimSistema Anti-RefluxoN\u00e3oSuporta At\u00e9 (kg)30.0Tamanho do Colch\u00e3o Indicado (L x C)130x70Tipo de Ber\u00e7oBer\u00e7o AmericanoTipo de CertificadoINMETRO &#8211; 006366\/2018Tipo de EstradoFixoTipo de Grade do Ber\u00e7oFixaDocumentos AdicionaisManual de Montagem e Instala\u00e7\u00e3oClique aqui para acessarGarantiaGarantia03 MesesItens InclusosAcompanha Cama AuxiliarN\u00e3oAcompanha Colch\u00e3oN\u00e3oAcompanha DosselN\u00e3oAcompanha M\u00f3bileN\u00e3oAcompanha Suporte para MosquiteiroSim Sem V\u00e9uItens Inclusos1 Ber\u00e7o, Kit Ferragens e Manual de Instru\u00e7\u00f5esMateriais e AcabamentosAcabamentoPintura UVEscala de BrilhoFoscoMaterial PrincipalMDFMaterial da GradeMDFMontagemComplexidade da MontagemM\u00e9dia: pode ser montado por mais de uma pessoa e\/ou necessite de maior conhecimento para montagemMontagem Flexn\u00e3oNecessita MontagemSimRecomenda\u00e7\u00f5es de Uso, Manuten\u00e7\u00e3o e LimpezaLimpar utilizando apenas pano semi umedecido com \u00e1gua, nunca utilizar abrasivos ou esponjas de a\u00e7oSistema de MontagemParafusos, Cavilhas e MinifixOutras caracter\u00edsticasMaterial do EstradoSarrafo em madeira Pinus e placas em MDFPesos e Dimens\u00f5esAltura (cm)120.0Altura do Estrado at\u00e9 o Ch\u00e3o62.3Largura (cm)148.0Peso (kg)33.2Profundidade (cm)78.0<\/p>\n<hr \/>\n<h4>Aproveite e pesquise o pre\u00e7o deste produto em dezenas de lojas dos marketplaces abaixo:<\/h4>\n<p><a href=\"https:\/\/www.magazinevoce.com.br\/magazineezu\/busca\/Ber\u00e7o para Quarto de Beb\u00ea 2 em 1 Danny Areia Fosco\/\" target=\"_blank\" rel=\"noopener\"><img decoding=\"async\" src=\"https:\/\/bateroda.com.br\/marketplace\/logos\/magaezu.jpg\" alt=\"Pesquise no Magazine eZu\" \/> &#8211; Magazine eZu<\/a><\/p>\n<hr \/>\n<p><!-- START ADVERTISER: Webcontinental BR from awin.com --><\/p>\n<p><a href=\"https:\/\/www.awin1.com\/cread.php?awinmid=17743&#038;awinaffid=690303&#038;ued=https%3A%2F%2Fwww.webcontinental.com.br%2FBer\u00e7o para Quarto de Beb\u00ea 2 em 1 Danny Areia Fosco%3F_q%3DBer\u00e7o para Quarto de Beb\u00ea 2 em 1 Danny Areia Fosco%26map%3Dft\" rel=\"sponsored\"><img decoding=\"async\" src=\"https:\/\/lojawebcontinental.vtexassets.com\/arquivos\/logo-webcontinental-checkout.png\" border=\"0\" \/> &#8211; Loja Online.<\/a><\/p>\n<p><!-- END ADVERTISER: Webcontinental BR from awin.com --><\/p>\n","protected":false},"excerpt":{"rendered":"<p>R$ 555.53 nas lojas <a href=\"https:\/\/www.awin1.com\/pclick.php?p=44999525818&#038;a=690303&#038;m=100453\" target=\"_blank\" rel=\"sponsored\">Casa Tema BR<\/a> <a class=\"more-link\" href=\"https:\/\/bonoro.com.br\/shop\/2026\/06\/berco-para-quarto-de-bebe-2-em-1-danny-areia-fosco-r-555-53\/\">\u2192<\/a><\/p>\n","protected":false},"author":1,"featured_media":0,"comment_status":"closed","ping_status":"closed","sticky":false,"template":"","format":"standard","meta":{"footnotes":""},"categories":[198],"tags":[9669,15727,205],"class_list":["post-258780","post","type-post","status-publish","format-standard","hentry","category-produtos","tag-555-53","tag-berco-para-quarto-de-bebe-2-em-1-danny-areia-fosco","tag-casa-tema-br"],"_links":{"self":[{"href":"https:\/\/bonoro.com.br\/shop\/wp-json\/wp\/v2\/posts\/258780","targetHints":{"allow":["GET"]}}],"collection":[{"href":"https:\/\/bonoro.com.br\/shop\/wp-json\/wp\/v2\/posts"}],"about":[{"href":"https:\/\/bonoro.com.br\/shop\/wp-json\/wp\/v2\/types\/post"}],"author":[{"embeddable":true,"href":"https:\/\/bonoro.com.br\/shop\/wp-json\/wp\/v2\/users\/1"}],"replies":[{"embeddable":true,"href":"https:\/\/bonoro.com.br\/shop\/wp-json\/wp\/v2\/comments?post=258780"}],"version-history":[{"count":0,"href":"https:\/\/bonoro.com.br\/shop\/wp-json\/wp\/v2\/posts\/258780\/revisions"}],"wp:attachment":[{"href":"https:\/\/bonoro.com.br\/shop\/wp-json\/wp\/v2\/media?parent=258780"}],"wp:term":[{"taxonomy":"category","embeddable":true,"href":"https:\/\/bonoro.com.br\/shop\/wp-json\/wp\/v2\/categories?post=258780"},{"taxonomy":"post_tag","embeddable":true,"href":"https:\/\/bonoro.com.br\/shop\/wp-json\/wp\/v2\/tags?post=258780"}],"curies":[{"name":"wp","href":"https:\/\/api.w.org\/{rel}","templated":true}]}}